{"id":2551,"date":"2021-03-30T22:02:02","date_gmt":"2021-03-30T20:02:02","guid":{"rendered":"http:\/\/andreastriebel.de\/?p=2551"},"modified":"2021-03-30T22:02:04","modified_gmt":"2021-03-30T20:02:04","slug":"heute-nacht-im-radio","status":"publish","type":"post","link":"https:\/\/andreastriebel.de\/?p=2551","title":{"rendered":"Heute Nacht im Radio","gt_translate_keys":[{"key":"rendered","format":"text"}]},"content":{"rendered":"\n<p><em>came the first reports: Again, two women became seriously ill after vaccination, one died of cerebral venous thrombosis in Euskirchen, the other is struggling with death. The first 29 registered cases were not enough. This effect of the genetic intervention had been predicted. Women under fifty still have a delicate system of blood clotting. And this is only the tip of the iceberg, these are numbers that could no longer be hidden&#8230;.<\/em><\/p>\n\n\n\n<p><strong>kamen die ersten Meldungen: Wieder sind zwei Frauen nach der Impfung schwer erkrankt, eine ist in Euskirchen an einer \u00a0Hirnvenenthrombose gestorben, die andere ringt mit dem Tode. Die ersten 29 registrierten F\u00e4lle waren noch nicht genug. Diese Wirkung des genetischen Eingriffs war voraus gesagt worden. Frauen unter f\u00fcnfzig Jahren haben noch ein empfindliches System der Blutgerinnung. Und das ist nur die Spitze des Eisbergs, das sind Zahlen, die sich nicht mehr verheimlichen lie\u00dfen.<\/strong><\/p>\n\n\n\n<ol class=\"wp-block-list\" type=\"1\"><li>Die Dunkelziffer d\u00fcrfte zehnmal so hoch liegen. Und sie betrifft nur die Hirnvenen; Nieren,&nbsp; Herz und Leber sind genauso betroffen.<\/li><li>Die Todesf\u00e4lle in den Altersheimen werden bisher ganz verschwiegen und gar nicht registriert. Die alten Menschen werden schnell beerdigt ohne vorher zu obduzieren. Teilweise werden sie sogar dem Corona- Virus zugeschrieben.<\/li><li>Wieviel Schlaganf\u00e4lle und Herzinfarkte auf das Konto der Impfung gehen, ist bisher unbekannt, man ist auf Sch\u00e4tzungen angewiesen.<\/li><li>Offiziell wurden bisher \u00fcber dreitausend Impftote in der EU gez\u00e4hlt. Davon hatten ca. zweitausend den Impfstoff von Biontech erhalten. Dass bisher Biontech t\u00f6dlicher als Astrazeneka ist, das kommt in den Leitmedien nicht vor.<\/li><li>Wenn im Herbst die Wirkung des Eingriffs noch andauert, ist mit einem weiteren Hochschnellen der Zahl der&nbsp; Todesopfer zu rechnen.<\/li><\/ol>\n\n\n\n<p>Die Leitmedien faseln vom beginnenden Wirtschaftsaufschwung und das Fernsehen besch\u00e4ftigt sich mit dem Aufstand in Myanmar. Wollen sie andeuten, dass die Menschen sich ruhig verhalten und alles ertragen sollen, damit hier nicht auch scharf geschossen werden muss? Jedenfalls bekommen die Ministerpr\u00e4sidenten der L\u00e4nder die Unruhe, die sich aus der Durchsetzung des Faschismus ergibt, mit, sie sp\u00fcren den Widerstand der Bev\u00f6lkerung. Sogar bei den bewaffneten Kr\u00e4ften wie Polizei und Armee bilden sich Widerstandsgruppen. Die Sympathie f\u00fcr die Ziele der Demokratiebewegung w\u00e4chst st\u00e4ndig. Das&nbsp; Framing der Medien verf\u00e4ngt immer weniger.<\/p>\n\n\n\n<p>Als letztes Aufgebot der b\u00fcrgerlichen Herrschaft pr\u00e4sentieren sich die Gr\u00fcnen. Kein Zweifel besteht mehr, dass die heutigen Gr\u00fcnen mit ihren Urspr\u00fcngen, als es um Frieden und Demokratie ging, nichts mehr zu tun haben. Ganz offen positionieren sie sich f\u00fcr die Aufr\u00fcstung, damit nur ja kein Zweifel an ihrer Loyalit\u00e4t zur Regierungspolitik besteht. So kurz vor der Einnahme von Regierungssesseln soll nichts mehr schief gehen.<\/p>\n\n\n\n<p>Da will die SPD nicht ganz untergehen und so liefert Maas den Leitmedien aggressive Spr\u00fcche gegen Russland, ohne sich der L\u00e4cherlichkeit bewusst zu sein. W\u00e4hrend Esken das Zerrbild einer Sozialdemokratin bietet, muss man mit Walter- Borjans&nbsp; \u00f6ffentlichen Auftritten Erbarmen haben.<\/p>\n\n\n\n<p>Vorl\u00e4ufig toben sich diese Berliner Gesellen noch an den alten Menschen aus und auch die Kinder sollen jetzt der absurden Testerei unterworfen werden. Aber die Testpflicht f\u00fcr Betriebe ist schon eine h\u00e4rtere Tour, daf\u00fcr steht&nbsp; un\u00fcbersehbar im Hintergrund S\u00f6der bereit.<\/p>\n\n\n\n<p>Dass dadurch der Niedergang von FAZ, Spiegel und S\u00fcddeutscher aufgehalten wird, ist eher fraglich.<\/p>\n","protected":false,"gt_translate_keys":[{"key":"rendered","format":"html"}]},"excerpt":{"rendered":"<p>came the first reports: Again, two women became seriously ill after vaccination, one died of cerebral venous thrombosis in Euskirchen, the other is struggling with death. The first 29 registered&hellip;<\/p>\n","protected":false,"gt_translate_keys":[{"key":"rendered","format":"html"}]},"author":1,"featured_media":0,"comment_status":"open","ping_status":"open","sticky":false,"template":"","format":"standard","meta":{"footnotes":""},"categories":[45,11],"tags":[565,385,305,414,15,567],"class_list":["post-2551","post","type-post","status-publish","format-standard","hentry","category-gesellschaft","category-politik","tag-biontech","tag-corona-krise","tag-gruene","tag-impfung","tag-spd","tag-testpflicht"],"gt_translate_keys":[{"key":"link","format":"url"}],"_links":{"self":[{"href":"https:\/\/andreastriebel.de\/index.php?rest_route=\/wp\/v2\/posts\/2551","targetHints":{"allow":["GET"]}}],"collection":[{"href":"https:\/\/andreastriebel.de\/index.php?rest_route=\/wp\/v2\/posts"}],"about":[{"href":"https:\/\/andreastriebel.de\/index.php?rest_route=\/wp\/v2\/types\/post"}],"author":[{"embeddable":true,"href":"https:\/\/andreastriebel.de\/index.php?rest_route=\/wp\/v2\/users\/1"}],"replies":[{"embeddable":true,"href":"https:\/\/andreastriebel.de\/index.php?rest_route=%2Fwp%2Fv2%2Fcomments&post=2551"}],"version-history":[{"count":2,"href":"https:\/\/andreastriebel.de\/index.php?rest_route=\/wp\/v2\/posts\/2551\/revisions"}],"predecessor-version":[{"id":2553,"href":"https:\/\/andreastriebel.de\/index.php?rest_route=\/wp\/v2\/posts\/2551\/revisions\/2553"}],"wp:attachment":[{"href":"https:\/\/andreastriebel.de\/index.php?rest_route=%2Fwp%2Fv2%2Fmedia&parent=2551"}],"wp:term":[{"taxonomy":"category","embeddable":true,"href":"https:\/\/andreastriebel.de\/index.php?rest_route=%2Fwp%2Fv2%2Fcategories&post=2551"},{"taxonomy":"post_tag","embeddable":true,"href":"https:\/\/andreastriebel.de\/index.php?rest_route=%2Fwp%2Fv2%2Ftags&post=2551"}],"curies":[{"name":"wp","href":"https:\/\/api.w.org\/{rel}","templated":true}]}}