{"id":2554,"date":"2021-04-01T13:13:46","date_gmt":"2021-04-01T11:13:46","guid":{"rendered":"http:\/\/andreastriebel.de\/?p=2554"},"modified":"2021-04-01T13:16:00","modified_gmt":"2021-04-01T11:16:00","slug":"die-eugeniker-sind-begeistert","status":"publish","type":"post","link":"https:\/\/andreastriebel.de\/?p=2554","title":{"rendered":"Die Eugeniker sind begeistert","gt_translate_keys":[{"key":"rendered","format":"text"}]},"content":{"rendered":"\n<p><em>Now, through the back door of &#8222;vaccination&#8220;, they finally have access to the human genome. This has long been the dream of eugenicists, to subjugate people via genetic intervention&#8230;.<\/em><\/p>\n\n\n\n<p><strong>Jetzt haben sie durch die Hintert\u00fcr der \u201eImpfung\u201c endlich Zugang zum menschlichen Genom. Das ist schon lange der Traum der Eugeniker, sich die Menschen \u00fcber genetische Eingriffe zu unterwerfen.<\/strong><\/p>\n\n\n\n<p>Die Nazis versuchten es mit Rassenlehre und vergleichsweise primitiven Mitteln. Sie sonderten Menschen aus, die sie mir der&nbsp; Giftspritze in Heimen und sp\u00e4ter mit Gas in Konzentrationslagern umbrachten. Gleichzeitig betrieb die SS Einrichtungen, in denen sie blonde, blau\u00e4ugige Frauen mit M\u00e4nnern zusammen brachte, die sie als \u201egermanisch\u201c bezeichnete.<\/p>\n\n\n\n<p>Heute ist die Wissenschaft fortgeschrittener, direkte Eingriffe ins Genom sind m\u00f6glich.&nbsp; Ob diese Versuche Tausende, Zehntausende, Hunderttausende oder mehr mit dem Leben bezahlen m\u00fcssen, das&nbsp; ist diesen Leuten gleichg\u00fcltig. Sie geben vor, das h\u00f6here Zeil zu verfolgen, eine resistente Menschenrasse zu schaffen.<\/p>\n\n\n\n<p>Den Absturz in die Unterklasse vor Augen folgen gro\u00dfe Teile der Mittelklasse diesen Vorstellungen. Mit aller Macht wird die Erz\u00e4hlung vom gef\u00e4hrlichen Virus aufrecht erhalten und mit Varianten ausgeschm\u00fcckt (besonders gef\u00e4hrliche Mutanten\u2026).<\/p>\n\n\n\n<p>Die Menschen, die das erleiden m\u00fcssen, wissen nicht, dass der&nbsp; Impfstoff von Biontech in der EU bisher nach offiziellen Zahlen zweitausend Todesopfer nach sich zog. Zur Ablenkung wird st\u00e4ndig von Astra Zeneca berichtet, ohne die hohe Todesrate bei Biontech zu erw\u00e4hnen.<\/p>\n\n\n\n<p>Die Menschen wissen auch nicht, dass schon die Nazis von der Volksgesundheit sprachen, f\u00fcr die Opfer gebracht werden m\u00fcsste. Dasselbe meinen jetzt Politiker, die davon sprechen, dass&nbsp; die Vorteile des \u201eImpfens\u201c die Nachteile \u00fcberwiegen w\u00fcrden.<\/p>\n\n\n\n<p>Bezeichnenderweise sind es gerade einzelne Christengemeinden und j\u00fcdische Gemeinden, die in Distanz zum Staat stehen und den genetischen Eingriff verweigern.<\/p>\n\n\n\n<p>Die Amtskirche schweigt oder verurteilt die Proteste, eine hessische Bisch\u00f6fin tat sich damit besonders hervor. Und der einfache Mann auf der Stra\u00dfe wird vom Fernsehen gegen die Proteste aufgehetzt:\u201c &gt;Die denken doch nur an ihren Urlaub. Wir haben doch nach dem Krieg diesen Staat aufgebaut und keine Zeit f\u00fcr Urlaub gehabt.\u201c<\/p>\n\n\n\n<p>Wie brutal diese Regierung die \u00f6konomischen Errungenschaften der Menschen niederrei\u00dft, aber gleichzeitig von Solidarit\u00e4t und F\u00fcrsorge redet, das kann sich der einfache Mann nicht vorstellen. Und die Massenmedien tun alles, um die Menschen dar\u00fcber zu t\u00e4uschen: obwohl die offizielle Zahl dert Arbeitslosen im Vergleich zum Vorjahr um eine halbe Million gestiegen ist, berichten die Schlagzeilen von einem R\u00fcckgang der Arbeitslosigkeit; aber die Zahlenmanipulation kennt man ja aus der Corona- Kampagne.<\/p>\n","protected":false,"gt_translate_keys":[{"key":"rendered","format":"html"}]},"excerpt":{"rendered":"<p>Now, through the back door of &#8222;vaccination&#8220;, they finally have access to the human genome. This has long been the dream of eugenicists, to subjugate people via genetic intervention&#8230;. Jetzt&hellip;<\/p>\n","protected":false,"gt_translate_keys":[{"key":"rendered","format":"html"}]},"author":1,"featured_media":0,"comment_status":"open","ping_status":"open","sticky":false,"template":"","format":"standard","meta":{"footnotes":""},"categories":[45,11],"tags":[284,385,465,464],"class_list":["post-2554","post","type-post","status-publish","format-standard","hentry","category-gesellschaft","category-politik","tag-arbeitslosigkeit","tag-corona-krise","tag-eugenik","tag-nazi"],"gt_translate_keys":[{"key":"link","format":"url"}],"_links":{"self":[{"href":"https:\/\/andreastriebel.de\/index.php?rest_route=\/wp\/v2\/posts\/2554","targetHints":{"allow":["GET"]}}],"collection":[{"href":"https:\/\/andreastriebel.de\/index.php?rest_route=\/wp\/v2\/posts"}],"about":[{"href":"https:\/\/andreastriebel.de\/index.php?rest_route=\/wp\/v2\/types\/post"}],"author":[{"embeddable":true,"href":"https:\/\/andreastriebel.de\/index.php?rest_route=\/wp\/v2\/users\/1"}],"replies":[{"embeddable":true,"href":"https:\/\/andreastriebel.de\/index.php?rest_route=%2Fwp%2Fv2%2Fcomments&post=2554"}],"version-history":[{"count":3,"href":"https:\/\/andreastriebel.de\/index.php?rest_route=\/wp\/v2\/posts\/2554\/revisions"}],"predecessor-version":[{"id":2557,"href":"https:\/\/andreastriebel.de\/index.php?rest_route=\/wp\/v2\/posts\/2554\/revisions\/2557"}],"wp:attachment":[{"href":"https:\/\/andreastriebel.de\/index.php?rest_route=%2Fwp%2Fv2%2Fmedia&parent=2554"}],"wp:term":[{"taxonomy":"category","embeddable":true,"href":"https:\/\/andreastriebel.de\/index.php?rest_route=%2Fwp%2Fv2%2Fcategories&post=2554"},{"taxonomy":"post_tag","embeddable":true,"href":"https:\/\/andreastriebel.de\/index.php?rest_route=%2Fwp%2Fv2%2Ftags&post=2554"}],"curies":[{"name":"wp","href":"https:\/\/api.w.org\/{rel}","templated":true}]}}