{"id":2611,"date":"2021-04-26T18:47:55","date_gmt":"2021-04-26T16:47:55","guid":{"rendered":"http:\/\/andreastriebel.de\/?p=2611"},"modified":"2021-04-28T20:52:34","modified_gmt":"2021-04-28T18:52:34","slug":"doch-das-ist-diktatur","status":"publish","type":"post","link":"https:\/\/andreastriebel.de\/?p=2611","title":{"rendered":"Doch, das ist Diktatur","gt_translate_keys":[{"key":"rendered","format":"text"}]},"content":{"rendered":"\n<p><em>when people are misled, thrown into hysteria, and fear and terror are spread&#8230;.<\/em><\/p>\n\n\n\n<p><strong>Wenn die Menschen irregeleitet, in Hysterie versetzt und Angst und Schrecken verbreitet werden.<\/strong><\/p>\n\n\n\n<ul class=\"wp-block-list\"><li> wenn den Menschen ihre Grundfreiheiten genommen werden und gegen Aufgabe ihrer k\u00f6rperlichen Unversehrtheit  durch \u201eImpfung\u201c soll ihnen die Entrechtung teilweise r\u00fcckg\u00e4ngig gemacht werden.<\/li><\/ul>\n\n\n\n<ul class=\"wp-block-list\"><li>wenn Menschen mit Gef\u00e4ngnis bedroht werden, wenn sie sich nicht \u00fcber Nacht selbst einsperren.<\/li><\/ul>\n\n\n\n<ul class=\"wp-block-list\"><li>wenn \u00f6ffentliche Proteste von Polizei und Justiz niedergeschlagen werden<\/li><\/ul>\n\n\n\n<ul class=\"wp-block-list\"><li>wenn die Medien gleichgeschaltet sind. Auch die Honecker- Diktatur hatte keine Zensurbeh\u00f6rde und trotzdem funktionierte die Zensur gut.<\/li><\/ul>\n\n\n\n<ul class=\"wp-block-list\"><li>wenn staatliche Zuwendungen den Kulturbetrieb beherrschen und Abweichungen vom herrschenden Narrativ sofort mit Entzug der Mittel geahndet werden.<\/li><\/ul>\n\n\n\n<ul class=\"wp-block-list\"><li>wenn die Justiz in der Spitze mit systemtreuen Politikern besetzt ist<\/li><\/ul>\n\n\n\n<ul class=\"wp-block-list\"><li>wenn eine aufgehetzte Exekutive die Spitzenleute des Protests ungehindert festsetzen kann.<\/li><\/ul>\n\n\n\n<ul class=\"wp-block-list\"><li>wenn der Unterwerfungsanspruch durch Maskierung ungehindert durchgesetzt wird(<\/li><\/ul>\n\n\n\n<ul class=\"wp-block-list\"><li>wenn der soziale Raubbau ( Krankenhausschlie\u00dfungen) zu Lasten der unteren Schichten verst\u00e4rkt voran getrieben und die soziale F\u00fcrsorge f\u00fcr Alte und Kranke behindert wird.<\/li><\/ul>\n\n\n\n<ul class=\"wp-block-list\"><li> wenn Verbote der beruflichen Bet\u00e4tigung f\u00fcr ganze Berufsgruppen durchgesetzt werden.<\/li><\/ul>\n\n\n\n<ul class=\"wp-block-list\"><li> wenn Kinder keinen regelm\u00e4\u00dfigen Unterricht mehr erhalten, dem Maskenzwang unterworfen werden und ihnen die irrsinnige Testerei aufgezwungen wird.<\/li><\/ul>\n\n\n\n<ul class=\"wp-block-list\"><li> wenn eine zentrale Steuerung von Geheimdiensten und ( politischer ) Polizei durch das Kanzleramt eingerichtet wird.<\/li><\/ul>\n\n\n\n<p>Die soziale Verw\u00fcstung und Rettung der Oberschichten vor den Anspr\u00fcchen der Unter- und Mittelschicht f\u00fchrte die Nationalsozialisten letztlich in den Weltkrieg.<\/p>\n\n\n\n<p>Franco erreichte den sozialen \u201eFrieden\u201c durch einen grausamen B\u00fcrgerkrieg und seine Diktatur ruhte auf den Gr\u00e4bern von Hunderttausenden oder Millionen Spaniern.<\/p>\n\n\n\n<p>Mussolini verbot die antifaschistische Presse und st\u00fcrzte das Land in Milit\u00e4rabenteuer, die ihn die Herrschaft kosteten.<\/p>\n\n\n\n<p>Honecker versuchte eine sozialistische Diktatur, errichtete &nbsp;aber nur unter dem Schutz der Sowjetunion eine perspektivlose, kleinb\u00fcrgerliche Herrschaft.<\/p>\n\n\n\n<p>Nach dem faschistischen Putsch der Berliner Regierungsclique vor eiem Jahr stellte&nbsp; die demokratische \u00d6ffentlichkeit erstaunt fest, dass die autorit\u00e4re Umwandlung noch am ehesten mit der nationalsozialistischen Diktatur zu vergleichen ist. Diese war auch durchaus nicht national beschr\u00e4nkt, sondern hatte globale Perspektiven. Aber sie kam zu fr\u00fch und behinderte schlie\u00dflich die globalen Kapitalinteressen.<\/p>\n\n\n\n<p>Kommt die faschistische Machtergreifung jetzt zu sp\u00e4t?<\/p>\n","protected":false,"gt_translate_keys":[{"key":"rendered","format":"html"}]},"excerpt":{"rendered":"<p>when people are misled, thrown into hysteria, and fear and terror are spread&#8230;. Wenn die Menschen irregeleitet, in Hysterie versetzt und Angst und Schrecken verbreitet werden. wenn den Menschen ihre&hellip;<\/p>\n","protected":false,"gt_translate_keys":[{"key":"rendered","format":"html"}]},"author":1,"featured_media":0,"comment_status":"open","ping_status":"open","sticky":false,"template":"","format":"standard","meta":{"footnotes":""},"categories":[45,11],"tags":[576,139,580,414,578,579,40,577],"class_list":["post-2611","post","type-post","status-publish","format-standard","hentry","category-gesellschaft","category-politik","tag-diktatur","tag-franco","tag-honecker","tag-impfung","tag-maskenzwang","tag-mussolini","tag-nationalsozialismus","tag-zensur"],"gt_translate_keys":[{"key":"link","format":"url"}],"_links":{"self":[{"href":"https:\/\/andreastriebel.de\/index.php?rest_route=\/wp\/v2\/posts\/2611","targetHints":{"allow":["GET"]}}],"collection":[{"href":"https:\/\/andreastriebel.de\/index.php?rest_route=\/wp\/v2\/posts"}],"about":[{"href":"https:\/\/andreastriebel.de\/index.php?rest_route=\/wp\/v2\/types\/post"}],"author":[{"embeddable":true,"href":"https:\/\/andreastriebel.de\/index.php?rest_route=\/wp\/v2\/users\/1"}],"replies":[{"embeddable":true,"href":"https:\/\/andreastriebel.de\/index.php?rest_route=%2Fwp%2Fv2%2Fcomments&post=2611"}],"version-history":[{"count":8,"href":"https:\/\/andreastriebel.de\/index.php?rest_route=\/wp\/v2\/posts\/2611\/revisions"}],"predecessor-version":[{"id":2630,"href":"https:\/\/andreastriebel.de\/index.php?rest_route=\/wp\/v2\/posts\/2611\/revisions\/2630"}],"wp:attachment":[{"href":"https:\/\/andreastriebel.de\/index.php?rest_route=%2Fwp%2Fv2%2Fmedia&parent=2611"}],"wp:term":[{"taxonomy":"category","embeddable":true,"href":"https:\/\/andreastriebel.de\/index.php?rest_route=%2Fwp%2Fv2%2Fcategories&post=2611"},{"taxonomy":"post_tag","embeddable":true,"href":"https:\/\/andreastriebel.de\/index.php?rest_route=%2Fwp%2Fv2%2Ftags&post=2611"}],"curies":[{"name":"wp","href":"https:\/\/api.w.org\/{rel}","templated":true}]}}