{"id":2635,"date":"2021-05-02T14:06:18","date_gmt":"2021-05-02T12:06:18","guid":{"rendered":"http:\/\/andreastriebel.de\/?p=2635"},"modified":"2021-05-02T14:18:48","modified_gmt":"2021-05-02T12:18:48","slug":"am-1-august-2020","status":"publish","type":"post","link":"https:\/\/andreastriebel.de\/?p=2635","title":{"rendered":"Am 1. August 2020","gt_translate_keys":[{"key":"rendered","format":"text"}]},"content":{"rendered":"\n<p><em>a certain Torsten Schulte spoke of the apocalypse that had occurred after the violent intervention of the police at the million-strong demonstration on the Stra\u00dfe des 17&#8230;. <\/em><\/p>\n\n\n\n<p><strong>sprach ein gewisser Thorsten Schulte nach der gewaltsamen Intervention der Polizei bei der Millionendemonstration\u00a0 auf der Stra\u00dfe des 17. Juni in Berlin von der Apokalypse, die eingetreten sei.<\/strong><\/p>\n\n\n\n<p>Wegen anderer \u00fcbertriebener Symbolik geriet er ins Abseits. War er ein Hellseher? Wer h\u00e4tte damals f\u00fcr m\u00f6glich gehalten,<\/p>\n\n\n\n<ul class=\"wp-block-list\"><li>dass inzwischen sogar Kinder Objekte von Genmanipulation werden<\/li><li>dass ein irrer amerikanischer Milliard\u00e4r im \u00f6ffentlichen Fernsehen die \u201eImpfung\u201c von sieben Milliarden Menschen propagieren darf, diesen Wunschtraum der Eugeniker,<\/li><li>&nbsp;dass sich hinter der modernen Wissenschaftsgl\u00e4ubigkeit die rassistische Ideologie aus voraufkl\u00e4reischer Zeit verbirgt,<\/li><li>dass die kapitalistische Weltordnung jeden Konkurrenten verdr\u00e4ngt und Glaube, Moral und Sittlichkeit nur die T\u00fcnche sind, hinter der&nbsp; einzig und allein das Recht des St\u00e4rkeren zum Vorschein kommt,<\/li><li>dass der Holocaust keine Verirrung des menschlichen Geistes, sondern die konsequente Ausf\u00fchrung der dehumanen, kapitalistischen Konkurrenzideologie war.<\/li><\/ul>\n\n\n\n<p>Als Marx und Engels das kommunistische Manifest schrieben, haben sie diese Entwicklung in allgemeiner Form vorgezeichnet.<\/p>\n\n\n\n<p>F\u00fcr Thorsten Schulte ist die Apokalypse\u00a0 bereits eingetreten. K\u00f6nnen wir diese Entwicklung noch aufhalten? \u00a0Im Sommer werden wir klarer sehen.<\/p>\n","protected":false,"gt_translate_keys":[{"key":"rendered","format":"html"}]},"excerpt":{"rendered":"<p>a certain Torsten Schulte spoke of the apocalypse that had occurred after the violent intervention of the police at the million-strong demonstration on the Stra\u00dfe des 17&#8230;. sprach ein gewisser&hellip;<\/p>\n","protected":false,"gt_translate_keys":[{"key":"rendered","format":"html"}]},"author":1,"featured_media":0,"comment_status":"open","ping_status":"open","sticky":false,"template":"","format":"standard","meta":{"footnotes":""},"categories":[11],"tags":[589,414,590,587],"class_list":["post-2635","post","type-post","status-publish","format-standard","hentry","category-politik","tag-apokalypse","tag-impfung","tag-kommunistisches-manifest","tag-thorsten-schulte"],"gt_translate_keys":[{"key":"link","format":"url"}],"_links":{"self":[{"href":"https:\/\/andreastriebel.de\/index.php?rest_route=\/wp\/v2\/posts\/2635","targetHints":{"allow":["GET"]}}],"collection":[{"href":"https:\/\/andreastriebel.de\/index.php?rest_route=\/wp\/v2\/posts"}],"about":[{"href":"https:\/\/andreastriebel.de\/index.php?rest_route=\/wp\/v2\/types\/post"}],"author":[{"embeddable":true,"href":"https:\/\/andreastriebel.de\/index.php?rest_route=\/wp\/v2\/users\/1"}],"replies":[{"embeddable":true,"href":"https:\/\/andreastriebel.de\/index.php?rest_route=%2Fwp%2Fv2%2Fcomments&post=2635"}],"version-history":[{"count":4,"href":"https:\/\/andreastriebel.de\/index.php?rest_route=\/wp\/v2\/posts\/2635\/revisions"}],"predecessor-version":[{"id":2639,"href":"https:\/\/andreastriebel.de\/index.php?rest_route=\/wp\/v2\/posts\/2635\/revisions\/2639"}],"wp:attachment":[{"href":"https:\/\/andreastriebel.de\/index.php?rest_route=%2Fwp%2Fv2%2Fmedia&parent=2635"}],"wp:term":[{"taxonomy":"category","embeddable":true,"href":"https:\/\/andreastriebel.de\/index.php?rest_route=%2Fwp%2Fv2%2Fcategories&post=2635"},{"taxonomy":"post_tag","embeddable":true,"href":"https:\/\/andreastriebel.de\/index.php?rest_route=%2Fwp%2Fv2%2Ftags&post=2635"}],"curies":[{"name":"wp","href":"https:\/\/api.w.org\/{rel}","templated":true}]}}