{"id":2649,"date":"2021-05-07T21:53:57","date_gmt":"2021-05-07T19:53:57","guid":{"rendered":"http:\/\/andreastriebel.de\/?p=2649"},"modified":"2021-05-09T08:05:57","modified_gmt":"2021-05-09T06:05:57","slug":"diktatur-und-widerstand","status":"publish","type":"post","link":"https:\/\/andreastriebel.de\/?p=2649","title":{"rendered":"Diktatur und Widerstand","gt_translate_keys":[{"key":"rendered","format":"text"}]},"content":{"rendered":"\n<p><em>Many wonder why the government does not strike harder when we have been living in a dictatorship for a year. Why doesn&#8217;t the government simply ban the &#8222;lateral thinkers&#8220; and other organizations that demonstrate? Even a newspaper called &#8222;Democratic Resistance&#8220; that announces extreme resistance has not yet been banned. And the doctors who expose the Corona fraud and even issue mask certificates have not yet been arrested&#8230;<\/em><\/p>\n\n\n\n<p><strong>Viele fragen sich, warum die Regierung nicht h\u00e4rter zuschl\u00e4gt, wenn wir doch seit einem Jahr in einer Diktatur leben. Warum verbietet die Regierung nicht einfach die \u201eQuerdenker\u201c und andere Organisationen , die demonstrieren? Sogar eine Zeitung, die \u201eDemokratischer Widerstand\u201c hei\u00dft und \u00e4u\u00dfersten Widerstand ank\u00fcndigt, ist noch nicht verboten. Und die \u00c4rzte, die den Corona- Betrug aufdecken und sogar Maskenatteste ausstellen, sind noch nicht verhaftet.<\/strong><\/p>\n\n\n\n<p>Viele regierungstreue Menschen w\u00fcnschen sich nichts &nbsp;mehr als das. Denn die dauernden Zweifel an der Regierungspolitik und die unabl\u00e4ssigen Angriffe wecken die Bef\u00fcrchtung, dass an den Angriffen doch etwas dran sein k\u00f6nnte. Vielleicht sind die Ma\u00dfnahmen der Regierung doch nicht als f\u00fcrsorglich aufzufassen sondern verbergen die wahren &nbsp;Absichten. Diese Ungewissheit k\u00f6nnen viele nicht aushalten und fordern den Polizeistaat. Tats\u00e4chlich haben wir diesen schon.<\/p>\n\n\n\n<p>Die Justiz, die einschreiten m\u00fcsste, wagt es nicht, sondern erf\u00fcllt eilfertig die W\u00fcnsche der Regierung. In &nbsp;S\u00fcddeutschland werden Demonstrationen einfach verboten, es gibt ja R\u00fcckendeckung vom Bundesverfassungsgericht, das mit der Rechtsprechung, die man fr\u00fcher von diesem Gericht kannte, nichts mehr zu&nbsp; tun hat.<\/p>\n\n\n\n<p>Die Polizei muss den Maskenzwang durchsetzen, sie tut es auf&nbsp; ihre Weise. Da aber die Polizei und die Beamten der Ordnungs\u00e4mter auch aus der Mitte der Gesellschaft kommen, gibt es ein sehr verschiedenes Vorgehen, d.h. die Beteiligten verhalten sich wie normale Menschen.<\/p>\n\n\n\n<p>Die Merkel- Regierung hat die Gesellschaft nicht mehr im Griff. Gro\u00dfe Teile der Justiz weigern sich, den totalit\u00e4ren Kurs juristisch zu bem\u00e4nteln. Whistleblower gibt es bis in h\u00f6chste Regierungskreise. Vorl\u00e4ufig kann sich die Regierung aber mit ihrer Angstkampagne noch durchsetzen. Die Medien stehen voll auf ihrer Seite. Immer neue Mutanten werden in die \u00d6ffentlichkeit gebracht. Die Geschichte von der angeblichen Infektion wird t\u00e4glich wiederholt. Allzu dreist k\u00f6nnen sie aber auch nicht auftreten, sonst verspielen sie den letzten Rest an Glaubw\u00fcrdigkeit, daher sprechen sie bei den sogenannten Coronatoten von mit oder an Corona Gestorbenen.<\/p>\n\n\n\n<p>So sind Regierung und Medien auf Gedeih und Verderb aufeinander angewiesen. Jetzt den demokratischen Schleier herunter zu rei\u00dfen und alle widerst\u00e4ndigen Menschen zu verhaften, das w\u00e4re noch zu fr\u00fch. Dass aber die politische Klasse f\u00fcr den B\u00fcrgerkrieg r\u00fcstet und auch zum Schie\u00dfbefehl entschlossen ist, daran kann kein Zweifel bestehen.<\/p>\n\n\n\n<p>Dass sich die politische Klasse jetzt auch an den Kindern vergreift, die sie \u201eimpfen\u201c will, zeigt, &nbsp;dass sie zum \u00c4u\u00dfersten entschlossen ist.<\/p>\n\n\n\n<p>Nein, einen Ausnahmezustand haben wir nicht; den hatten wir als die Wirtschaft nach dem langen Krieg von allein zu laufen schien und der Wohlstand f\u00fcr viele erreichbar schien. Da herrschte der Ausnahmezustand. Jetzt tritt der Normalzustand ein, auch \u201eNeue Normalit\u00e4t\u201c genannt. Jetzt verteidigt sich die Oberschicht mit allen Mitteln: <\/p>\n\n\n\n<ul class=\"wp-block-list\"><li>Mit Hartz IV und Niedrigl\u00f6hnen wurde\u00a0 die Unterschicht abgeh\u00e4ngt. <\/li><li>Frauen wurden in die Altersarmut gedr\u00e4ngt,<\/li><li> und jetzt wird auch die Mittelschicht gebeutelt: Gastwirte, K\u00fcnstler, Kleinunternehmer und auch gr\u00f6\u00dfere Betrieb stehen vor dem Ruin. Gro\u00dfe Kapitalgruppen warten, um das Gesch\u00e4ft zu \u00fcbernehmen. <\/li><li>Sozialkosten werden in der neuen Normalit\u00e4t brachial gesenkt; Pflegekr\u00e4fte werden mit l\u00e4cherlichen L\u00f6hnen abgespeist, Krankenh\u00e4user werden geschlossen, Altersheime m\u00fcssen einen Aufnahmestopp verh\u00e4ngen.<\/li><\/ul>\n\n\n\n<p>Der Widerstand aber w\u00e4chst und so muss die Regierung zu h\u00e4rteren Mitteln greifen, um den Widerstand nieder zu schlagen. Jedenfalls wird sie nicht so relativ friedlich wie das Honecker- Regime abtreten.<\/p>\n\n\n\n<p><a href=\"https:\/\/www.rubikon.news\/artikel\/der-covidianische-kult\">https:\/\/www.rubikon.news\/artikel\/der-covidianische-kult<\/a><\/p>\n","protected":false,"gt_translate_keys":[{"key":"rendered","format":"html"}]},"excerpt":{"rendered":"<p>Many wonder why the government does not strike harder when we have been living in a dictatorship for a year. Why doesn&#8217;t the government simply ban the &#8222;lateral thinkers&#8220; and&hellip;<\/p>\n","protected":false,"gt_translate_keys":[{"key":"rendered","format":"html"}]},"author":1,"featured_media":0,"comment_status":"open","ping_status":"open","sticky":false,"template":"","format":"standard","meta":{"footnotes":""},"categories":[11],"tags":[385,576,578,592,468],"class_list":["post-2649","post","type-post","status-publish","format-standard","hentry","category-politik","tag-corona-krise","tag-diktatur","tag-maskenzwang","tag-neue-normalitaet","tag-querdenken"],"gt_translate_keys":[{"key":"link","format":"url"}],"_links":{"self":[{"href":"https:\/\/andreastriebel.de\/index.php?rest_route=\/wp\/v2\/posts\/2649","targetHints":{"allow":["GET"]}}],"collection":[{"href":"https:\/\/andreastriebel.de\/index.php?rest_route=\/wp\/v2\/posts"}],"about":[{"href":"https:\/\/andreastriebel.de\/index.php?rest_route=\/wp\/v2\/types\/post"}],"author":[{"embeddable":true,"href":"https:\/\/andreastriebel.de\/index.php?rest_route=\/wp\/v2\/users\/1"}],"replies":[{"embeddable":true,"href":"https:\/\/andreastriebel.de\/index.php?rest_route=%2Fwp%2Fv2%2Fcomments&post=2649"}],"version-history":[{"count":5,"href":"https:\/\/andreastriebel.de\/index.php?rest_route=\/wp\/v2\/posts\/2649\/revisions"}],"predecessor-version":[{"id":2675,"href":"https:\/\/andreastriebel.de\/index.php?rest_route=\/wp\/v2\/posts\/2649\/revisions\/2675"}],"wp:attachment":[{"href":"https:\/\/andreastriebel.de\/index.php?rest_route=%2Fwp%2Fv2%2Fmedia&parent=2649"}],"wp:term":[{"taxonomy":"category","embeddable":true,"href":"https:\/\/andreastriebel.de\/index.php?rest_route=%2Fwp%2Fv2%2Fcategories&post=2649"},{"taxonomy":"post_tag","embeddable":true,"href":"https:\/\/andreastriebel.de\/index.php?rest_route=%2Fwp%2Fv2%2Ftags&post=2649"}],"curies":[{"name":"wp","href":"https:\/\/api.w.org\/{rel}","templated":true}]}}