{"id":2700,"date":"2021-05-16T10:45:30","date_gmt":"2021-05-16T08:45:30","guid":{"rendered":"http:\/\/andreastriebel.de\/?p=2700"},"modified":"2021-05-16T10:45:32","modified_gmt":"2021-05-16T08:45:32","slug":"pandemie-oder-kollektive-psychose","status":"publish","type":"post","link":"https:\/\/andreastriebel.de\/?p=2700","title":{"rendered":"Pandemie oder kollektive Psychose?","gt_translate_keys":[{"key":"rendered","format":"text"}]},"content":{"rendered":"\n<p><em>The Leibniz Institute of the Technical University of Berlin has announced a figure of 665300 respiratory infections (including pneumonia) for 2019. These were classified as influenza and influenza-associated infections<\/em>&#8230;.<\/p>\n\n\n\n<p><strong>Das Leibniz- Institut der Technischen Universit\u00e4t Berlin gibt f\u00fcr 2019 eine Zahl von 665300 Atemwegsinfektionen (einschlie\u00dflich \u00a0Lungenentz\u00fcndungen) bekannt.\u00a0 Diese wurden als Grippe und Grippe- Begleiterscheinungen eingestuft.<\/strong><\/p>\n\n\n\n<p><strong>F\u00fcr 2020 errechnet das Institut f\u00fcr Atemwegsinfektionen einschlie\u00dflich Covid-19 eine Zahl von 581600.<\/strong><\/p>\n\n\n\n<p>Das sind rund 84000 Atemwegsinfektionen weniger. Die Ursache bestand wahrscheinlich in dem langen und milden Sommer, der weniger Erk\u00e4ltungen hervor gerufen hat. &nbsp;&nbsp;Damit ist dann auch erkl\u00e4rt, warum es 2020 &nbsp;bezogen auf die Bev\u00f6lkerungszahl weniger Sterbef\u00e4lle als im Durchschnitt der f\u00fcnf vorhergehenden Jahre gegeben hat.<\/p>\n\n\n\n<p>Die Zahlen w\u00e4ren vermutlich noch deutlicher ausgefallen (wahrscheinlich so wie bei der Vogelgrippe), wenn nicht mehrfach der Lockdown angeordnet worden w\u00e4re. Denn jedes Mal nach Beginn der Einschlie\u00dfung begannen nach einigen Tagen die Sterbeziffern anzusteigen.<\/p>\n\n\n\n<p><\/p>\n\n\n\n<p><\/p>\n","protected":false,"gt_translate_keys":[{"key":"rendered","format":"html"}]},"excerpt":{"rendered":"<p>The Leibniz Institute of the Technical University of Berlin has announced a figure of 665300 respiratory infections (including pneumonia) for 2019. These were classified as influenza and influenza-associated infections&#8230;. Das&hellip;<\/p>\n","protected":false,"gt_translate_keys":[{"key":"rendered","format":"html"}]},"author":1,"featured_media":0,"comment_status":"open","ping_status":"open","sticky":false,"template":"","format":"standard","meta":{"footnotes":""},"categories":[45,12],"tags":[463,385,401,540,438,407],"class_list":["post-2700","post","type-post","status-publish","format-standard","hentry","category-gesellschaft","category-medizin","tag-atemwegsinfektionen","tag-corona-krise","tag-covid-19-2","tag-grippe","tag-lockdown","tag-pandemie"],"gt_translate_keys":[{"key":"link","format":"url"}],"_links":{"self":[{"href":"https:\/\/andreastriebel.de\/index.php?rest_route=\/wp\/v2\/posts\/2700","targetHints":{"allow":["GET"]}}],"collection":[{"href":"https:\/\/andreastriebel.de\/index.php?rest_route=\/wp\/v2\/posts"}],"about":[{"href":"https:\/\/andreastriebel.de\/index.php?rest_route=\/wp\/v2\/types\/post"}],"author":[{"embeddable":true,"href":"https:\/\/andreastriebel.de\/index.php?rest_route=\/wp\/v2\/users\/1"}],"replies":[{"embeddable":true,"href":"https:\/\/andreastriebel.de\/index.php?rest_route=%2Fwp%2Fv2%2Fcomments&post=2700"}],"version-history":[{"count":2,"href":"https:\/\/andreastriebel.de\/index.php?rest_route=\/wp\/v2\/posts\/2700\/revisions"}],"predecessor-version":[{"id":2702,"href":"https:\/\/andreastriebel.de\/index.php?rest_route=\/wp\/v2\/posts\/2700\/revisions\/2702"}],"wp:attachment":[{"href":"https:\/\/andreastriebel.de\/index.php?rest_route=%2Fwp%2Fv2%2Fmedia&parent=2700"}],"wp:term":[{"taxonomy":"category","embeddable":true,"href":"https:\/\/andreastriebel.de\/index.php?rest_route=%2Fwp%2Fv2%2Fcategories&post=2700"},{"taxonomy":"post_tag","embeddable":true,"href":"https:\/\/andreastriebel.de\/index.php?rest_route=%2Fwp%2Fv2%2Ftags&post=2700"}],"curies":[{"name":"wp","href":"https:\/\/api.w.org\/{rel}","templated":true}]}}