{"id":2741,"date":"2021-05-28T08:42:23","date_gmt":"2021-05-28T06:42:23","guid":{"rendered":"http:\/\/andreastriebel.de\/?p=2741"},"modified":"2021-05-28T08:42:25","modified_gmt":"2021-05-28T06:42:25","slug":"spahn-der-erpresser","status":"publish","type":"post","link":"https:\/\/andreastriebel.de\/?p=2741","title":{"rendered":"Spahn, der Erpresser","gt_translate_keys":[{"key":"rendered","format":"text"}]},"content":{"rendered":"\n<p><em>Now Spahn is promoting the idea of &#8222;vaccinating&#8220; children over the age of twelve as well..<\/em>&#8230;<\/p>\n\n\n\n<p><strong>Jetzt wirbt Spahn daf\u00fcr, auch Kinder ab zw\u00f6lf Jahren zu \u201eimpfen\u201c.<\/strong><\/p>\n\n\n\n<p>Dieser genetische Eingriff zieht eine schwerwiegende Gesundheitsst\u00f6rung nach sich. Wahrscheinlich werden \u201egeimpfte\u201c Kinder nie mehr gesund werden. Auch Kinder m\u00fcssen nach diesem Eingriff Blutgerinnungsst\u00f6rungen mit Bildung eines Blutpfropfes erleiden oder Entz\u00fcndungen des Sehnerven oder anderer Nerven. Und gegen die Schlafkrankheit, die Narkolepsie, gibt es kein Heilmittel. Die Menschen leiden lebenslang.<\/p>\n\n\n\n<p>Auch wenn keine Sofortwirkung eintritt, besteht die Gefahr, dass die Wirkung des injizierten Giftes irgendwann im Laufe des Lebens einsetzt, die Menschen sind dann chronisch krank.<\/p>\n\n\n\n<p>\u00dcber diese Gefahren wird kaum jemand aufgekl\u00e4rt und sehr viele M\u00fctter ahnen zwar das hohe Risiko, die Informationen werden ihnen aber vorenthalten. Die irrsinnige Testerei hat schon zur Aussetzung des Pr\u00e4senzunterrichts gef\u00fchrt, ein Jahr unterbrochener Schulunterricht hat schweren Schaden angerichtet. Und der indirekte Impfzwang wird eine neue Spaltung, die zwischen \u201egeimpften\u201c Kindern und den anderen, hervor bringen.<\/p>\n\n\n\n<p>Das beg\u00fcterte B\u00fcrgertum f\u00fcllt die Wissensl\u00fccken seiner &nbsp;Kinder durch Privatunterricht auf und die gesellschaftliche Spaltung vertieft sich. Eltern unterer Schichten f\u00fchlen sich vor die Wahl gestellt, ihre Kinder \u201eimpfen\u201c zu lassen und damit eine chronische Erkrankung zu provozieren oder auf die vom Staat zur Verf\u00fcgung gestellte Bildung zu verzichten und zu versuchen, sich privaten Initiativen anzuschlie\u00dfen.<\/p>\n\n\n\n<p>Dieser Staat greift die Freiheit an, die Gesundheit und schleift das Bildungsversprechen, der Angriff ist totalit\u00e4r.<\/p>\n","protected":false,"gt_translate_keys":[{"key":"rendered","format":"html"}]},"excerpt":{"rendered":"<p>Now Spahn is promoting the idea of &#8222;vaccinating&#8220; children over the age of twelve as well..&#8230; Jetzt wirbt Spahn daf\u00fcr, auch Kinder ab zw\u00f6lf Jahren zu \u201eimpfen\u201c. Dieser genetische Eingriff&hellip;<\/p>\n","protected":false,"gt_translate_keys":[{"key":"rendered","format":"html"}]},"author":1,"featured_media":0,"comment_status":"open","ping_status":"open","sticky":false,"template":"","format":"standard","meta":{"footnotes":""},"categories":[12,11],"tags":[414,456],"class_list":["post-2741","post","type-post","status-publish","format-standard","hentry","category-medizin","category-politik","tag-impfung","tag-spahn"],"gt_translate_keys":[{"key":"link","format":"url"}],"_links":{"self":[{"href":"https:\/\/andreastriebel.de\/index.php?rest_route=\/wp\/v2\/posts\/2741","targetHints":{"allow":["GET"]}}],"collection":[{"href":"https:\/\/andreastriebel.de\/index.php?rest_route=\/wp\/v2\/posts"}],"about":[{"href":"https:\/\/andreastriebel.de\/index.php?rest_route=\/wp\/v2\/types\/post"}],"author":[{"embeddable":true,"href":"https:\/\/andreastriebel.de\/index.php?rest_route=\/wp\/v2\/users\/1"}],"replies":[{"embeddable":true,"href":"https:\/\/andreastriebel.de\/index.php?rest_route=%2Fwp%2Fv2%2Fcomments&post=2741"}],"version-history":[{"count":2,"href":"https:\/\/andreastriebel.de\/index.php?rest_route=\/wp\/v2\/posts\/2741\/revisions"}],"predecessor-version":[{"id":2743,"href":"https:\/\/andreastriebel.de\/index.php?rest_route=\/wp\/v2\/posts\/2741\/revisions\/2743"}],"wp:attachment":[{"href":"https:\/\/andreastriebel.de\/index.php?rest_route=%2Fwp%2Fv2%2Fmedia&parent=2741"}],"wp:term":[{"taxonomy":"category","embeddable":true,"href":"https:\/\/andreastriebel.de\/index.php?rest_route=%2Fwp%2Fv2%2Fcategories&post=2741"},{"taxonomy":"post_tag","embeddable":true,"href":"https:\/\/andreastriebel.de\/index.php?rest_route=%2Fwp%2Fv2%2Ftags&post=2741"}],"curies":[{"name":"wp","href":"https:\/\/api.w.org\/{rel}","templated":true}]}}