{"id":2747,"date":"2021-05-30T13:53:32","date_gmt":"2021-05-30T11:53:32","guid":{"rendered":"http:\/\/andreastriebel.de\/?p=2747"},"modified":"2021-06-05T20:24:41","modified_gmt":"2021-06-05T18:24:41","slug":"ein-mann-mit-hoher-krimineller-energie","status":"publish","type":"post","link":"https:\/\/andreastriebel.de\/?p=2747","title":{"rendered":"Ein Mann mit hoher krimineller Energie","gt_translate_keys":[{"key":"rendered","format":"text"}]},"content":{"rendered":"\n<p><em>Spahn wants to enforce the &#8222;vaccination&#8220; of children with all his might.<\/em>&#8230;<\/p>\n\n\n\n<p><strong>Spahn will mit aller Macht die \u201eImpfung\u201c der Kinder durchsetzen.<\/strong><\/p>\n\n\n\n<p>Die st\u00e4ndige Impfkommission, die&nbsp; mit regierungs- und pharmafreundlichen Fachleuten besetzt&nbsp; ist, konnte sich aber wegen der vielen Sch\u00e4den durch die Injektion der genetisch wirksamen Substanzen nicht zu einer Empfehlung durchringen. Das Risiko f\u00fcr schwere Erkrankungen oder Todesf\u00e4lle bei Kindern haftbar gemacht zu werden, war ihnen doch zu hoch.<\/p>\n\n\n\n<p>Trotzdem will Spahn die Injektion in die Oberarme und die Ausbreitung der Substanzen in die gesamte Blutbahn, denn das ist wohl das eigentliche Ziel der staatlich gesch\u00fcrten Corona- Hysterie und der anschlie\u00dfenden Impfkampagne.<\/p>\n\n\n\n<p>Spahn wei\u00df sehr wohl, dass in den Gemeinschaften von Kindern ein hoher Gruppenzwang besteht, eine Minderheit, sei sie geimpft oder nicht geimpft, wird immer ausgegrenzt. Eltern mit Kindern haben oft nicht die Kraft, dem Gruppenzwang zu widerstehen. In ihrer Verzweiflung melden sie ihre Kinder in der Schule ab und suchen private Alternativen.<\/p>\n\n\n\n<p>Dieses Drama ist Leuten wie Merkel und Spahn gleichg\u00fcltig. F\u00fcr sie z\u00e4hlt nur die Macht. Sie z\u00f6gern auch nicht diese unverh\u00fcllt gegen ihre politischen Gegner einzusetzen. Die vom Bundeskanzleramt koordinierten \u00dcberf\u00e4lle auf Arztpraxen durch bewaffnete Kr\u00e4fte sprechen eine deutliche Sprache.<\/p>\n\n\n\n<p>Die Konzerne versprechen sich sehr hohe Profite (von Haftungsanspr\u00fcchen sind sie freigestellt) w\u00e4hrend Medienkonzerne und Staatsfernsehen die vielen Todesf\u00e4lle durch die Genmanipulationen eisern verschweigen. Der Covid- Kult ist f\u00fcr sie eine Existenzfrage und eine Impfung gegen &nbsp;ein so gef\u00e4hrliches Virus ist f\u00fcr ihre Glaubw\u00fcrdigkeit so existentiell wie f\u00fcr die katholische Kirche die Dreieinigkeit.<\/p>\n\n\n\n<p>Da spielt es dann keine Rolle mehr, dass dieses Genexperiment gegen jedweden Kodex verst\u00f6\u00dft und alle juristischen Bremsen au\u00dfer Kraft setzt:<\/p>\n\n\n\n<ul class=\"wp-block-list\"><li>niemand wei\u00df, ob er das Opfer, vielleicht t\u00f6dliche Opfer, der&nbsp; injizierten Substanzen sein wird,<\/li><li>niemand wei\u00df, wie schwer krank er f\u00fcr den Rest seines Lebens sein wird,<\/li><li>niemand wei\u00df, dass sein Immunsystem lebenslang besch\u00e4digt ist, dass er chronisch krank sein wird.<\/li><li>Die meisten Impfopfer wissen nicht einmal, dass der Sehverlust, ihre Zeugungsunf\u00e4higkeit usw. ihren Grund in der Genmanipulation haben.<\/li><\/ul>\n\n\n\n<p>Der Pharmalobbyist an der Spitze des Ministeriums wei\u00df aber genau, was er tut, f\u00fchlt sich aber noch sicher, denn die bisher bekannt gewordenen F\u00e4lle der Impfwirkungen w\u00fcrden \u00a0als Grund l\u00e4ngst ausreichen, um die Kampagne sofort zu stoppen und die Verantwortlichen vor Gericht zu bringen. Schon die fast vollst\u00e4ndig unterlassene Aufkl\u00e4rung sollte ein ausreichender Grund f\u00fcr staatsanwaltschaftliche Ermittlungen sein.<\/p>\n\n\n\n<p>Aber die Desinformation, die auf die Bev\u00f6lkerung hinab prasselt, ist allgegenw\u00e4rtig und ihr kann niemand entkommen.<\/p>\n\n\n\n<p>Dass der Mittelstand zerst\u00f6rt wird und Gro\u00dfkonzerne unser Leben diktieren, kann das das Ziel der gesellschaftlichen Entwicklung sein?<\/p>\n\n\n\n<p><\/p>\n\n\n\n<figure class=\"wp-block-image size-large\"><img loading=\"lazy\" decoding=\"async\" width=\"1024\" height=\"597\" src=\"https:\/\/andreastriebel.de\/wp-content\/uploads\/2021\/05\/relf-1024x597.jpg\" alt=\"\" class=\"wp-image-2746\" srcset=\"https:\/\/andreastriebel.de\/wp-content\/uploads\/2021\/05\/relf-1024x597.jpg 1024w, https:\/\/andreastriebel.de\/wp-content\/uploads\/2021\/05\/relf-300x175.jpg 300w, https:\/\/andreastriebel.de\/wp-content\/uploads\/2021\/05\/relf-768x448.jpg 768w, https:\/\/andreastriebel.de\/wp-content\/uploads\/2021\/05\/relf.jpg 1280w\" sizes=\"auto, (max-width: 1024px) 100vw, 1024px\" \/><\/figure>\n\n\n\n<figure class=\"wp-block-image size-large\"><img loading=\"lazy\" decoding=\"async\" width=\"1024\" height=\"597\" src=\"https:\/\/andreastriebel.de\/wp-content\/uploads\/2021\/05\/absf-1024x597.jpg\" alt=\"\" class=\"wp-image-2745\" srcset=\"https:\/\/andreastriebel.de\/wp-content\/uploads\/2021\/05\/absf-1024x597.jpg 1024w, https:\/\/andreastriebel.de\/wp-content\/uploads\/2021\/05\/absf-300x175.jpg 300w, https:\/\/andreastriebel.de\/wp-content\/uploads\/2021\/05\/absf-768x448.jpg 768w, https:\/\/andreastriebel.de\/wp-content\/uploads\/2021\/05\/absf.jpg 1280w\" sizes=\"auto, (max-width: 1024px) 100vw, 1024px\" \/><\/figure>\n","protected":false,"gt_translate_keys":[{"key":"rendered","format":"html"}]},"excerpt":{"rendered":"<p>Spahn wants to enforce the &#8222;vaccination&#8220; of children with all his might.&#8230; Spahn will mit aller Macht die \u201eImpfung\u201c der Kinder durchsetzen. Die st\u00e4ndige Impfkommission, die&nbsp; mit regierungs- und pharmafreundlichen&hellip;<\/p>\n","protected":false,"gt_translate_keys":[{"key":"rendered","format":"html"}]},"author":1,"featured_media":0,"comment_status":"open","ping_status":"open","sticky":false,"template":"","format":"standard","meta":{"footnotes":""},"categories":[45,12,11],"tags":[385,414,456],"class_list":["post-2747","post","type-post","status-publish","format-standard","hentry","category-gesellschaft","category-medizin","category-politik","tag-corona-krise","tag-impfung","tag-spahn"],"gt_translate_keys":[{"key":"link","format":"url"}],"_links":{"self":[{"href":"https:\/\/andreastriebel.de\/index.php?rest_route=\/wp\/v2\/posts\/2747","targetHints":{"allow":["GET"]}}],"collection":[{"href":"https:\/\/andreastriebel.de\/index.php?rest_route=\/wp\/v2\/posts"}],"about":[{"href":"https:\/\/andreastriebel.de\/index.php?rest_route=\/wp\/v2\/types\/post"}],"author":[{"embeddable":true,"href":"https:\/\/andreastriebel.de\/index.php?rest_route=\/wp\/v2\/users\/1"}],"replies":[{"embeddable":true,"href":"https:\/\/andreastriebel.de\/index.php?rest_route=%2Fwp%2Fv2%2Fcomments&post=2747"}],"version-history":[{"count":6,"href":"https:\/\/andreastriebel.de\/index.php?rest_route=\/wp\/v2\/posts\/2747\/revisions"}],"predecessor-version":[{"id":2761,"href":"https:\/\/andreastriebel.de\/index.php?rest_route=\/wp\/v2\/posts\/2747\/revisions\/2761"}],"wp:attachment":[{"href":"https:\/\/andreastriebel.de\/index.php?rest_route=%2Fwp%2Fv2%2Fmedia&parent=2747"}],"wp:term":[{"taxonomy":"category","embeddable":true,"href":"https:\/\/andreastriebel.de\/index.php?rest_route=%2Fwp%2Fv2%2Fcategories&post=2747"},{"taxonomy":"post_tag","embeddable":true,"href":"https:\/\/andreastriebel.de\/index.php?rest_route=%2Fwp%2Fv2%2Ftags&post=2747"}],"curies":[{"name":"wp","href":"https:\/\/api.w.org\/{rel}","templated":true}]}}