{"id":2775,"date":"2021-06-13T08:39:50","date_gmt":"2021-06-13T06:39:50","guid":{"rendered":"http:\/\/andreastriebel.de\/?p=2775"},"modified":"2021-06-21T17:02:49","modified_gmt":"2021-06-21T15:02:49","slug":"gruener-faschismus-ist-auch-faschismus","status":"publish","type":"post","link":"https:\/\/andreastriebel.de\/?p=2775","title":{"rendered":"Gr\u00fcner Faschismus ist auch Faschismus","gt_translate_keys":[{"key":"rendered","format":"text"}]},"content":{"rendered":"\n<p>Y<em>ou paint the brutality of the capitalist social order green, but that does not make it any less brutal&#8230;. <\/em><\/p>\n\n\n\n<p><strong>Ihr streicht die Brutalit\u00e4t der kapitalistischen Gesellschaftsordnung gr\u00fcn an, aber dadurch wird sie nicht weniger brutal.<\/strong><\/p>\n\n\n\n<ul class=\"wp-block-list\"><li>Ihr lauft weiter mit den Masken herum, obwohl die Maskierung f\u00fcr viele Menschen eine Qu\u00e4lerei bedeutet. Wer jung und gesund ist, kann die&nbsp; Maske l\u00e4nger ertragen und auf Parteitagen unter Gleichgesinnten ist die menschliche Kommunikation entbehrlich. Heimlich wird dann die Maske gel\u00fcftet, um etwas Luft zu schnappen und wieder zu Verstand zu kommen. Aber die Regie hinter den Kulissen ist sowieso entscheidend&nbsp; und sorgt f\u00fcr passende Fernsehbilder.<\/li><\/ul>\n\n\n\n<ul class=\"wp-block-list\"><li>Im Fernsehen pr\u00e4sentiert Ihr Euch gehorsam mit den befohlenen Abst\u00e4nden. Es soll nicht der Eindruck entstehen, dass Ihr Euch nicht f\u00fcgt. Ihr wollt dem gemeinen Volk vormachen, dass Umarmung und Solidarit\u00e4t gef\u00e4hrlich seien, w\u00e4hrend Ihr Euch in den Hinterzimmern genauso wie die anderen Corona- Parteien unmaskiert zuprostet.<\/li><\/ul>\n\n\n\n<ul class=\"wp-block-list\"><li>Eure W\u00e4hler, die gut situierte Mittelschicht, reist zu den Parteitagen mit dem Porsche Cayenne oder \u00e4hnlichen SUVs an, die aber versch\u00e4mt in den Nebenstra\u00dfen geparkt werden. Um das schlechte Gewissen zu beruhigen, fordert Ihr einen etwas h\u00f6heren Mindestlohn und einen kleinen Zuschlag zur Sozialhilfe genau wissend, dass diese Minibetr\u00e4ge bei den Bed\u00fcrftigen nicht ankommen und von der Inflation im Nu aufgefressen werden.<\/li><\/ul>\n\n\n\n<ul class=\"wp-block-list\"><li>Aber wahrscheinlich wisst Ihr garnicht, dass in einem Unterschichthaushalt die Preise f\u00fcr ein Pfund Butter und f\u00fcr Gem\u00fcse genau beobachtet werden. Euer Borjans, mit Namen Habeck, kann im Gegensatz zum echten Borjans bei wirtschaftlichen Fragen nur herum stottern. Aber f\u00fcr das Fernsehen reicht es den Softie zu geben.<\/li><\/ul>\n\n\n\n<ul class=\"wp-block-list\"><li>Und Eure Vorsitzende soll die Scholz- Position \u00fcbernehmen, sie soll nach au\u00dfen die Interessen des Mittelstands rigoros vertreten aber den Kapitalinteressen Vorteile verschaffen, allerdings nicht so offensichtlich wie mit den Cum- Ex- Gesch\u00e4ften.<\/li><\/ul>\n\n\n\n<ul class=\"wp-block-list\"><li>Besser eignen sich die Impfgesch\u00e4fte, die Ihr hirn- und besinnungslos unterst\u00fctzt. Es macht Euch nichts aus, dabei  \u00fcber Leichen zu gehen, Presse und Fernsehen deuten es um als Solidarit\u00e4t. Um jeden Preis m\u00fcssen bis zur Bundestagswahl die vielen Todesopfer und schwerwiegenden Wirkungen der genetischen Eingriffe verschwiegen werden. Es macht sich besser, sich \u00fcber Genmais aufzuregen.<\/li><\/ul>\n\n\n\n<ul class=\"wp-block-list\"><li>Geschlossen habt Ihr die v\u00f6llig absurde epidemische Lage von nationaler Tragweite unterst\u00fctzt. Das Establishment kann sich auf Euch verlassen, Jedwede Drangsalierung des Volkes wird an Euch nicht scheitern. Ihr seid f\u00fcr die CDU der ideale Koalitionspartner. Die SPD ist nicht mehr glaubw\u00fcrdig, hat abgewirtschaftet. Jetzt will die politische Klasse die sozialen Spannungen mit gr\u00fcner Agenda bet\u00e4uben.<\/li><\/ul>\n\n\n\n<ul class=\"wp-block-list\"><li>Notfalls seid Ihr auch zu kriegerischen Unternehmungen bereit. Deutschland wollt Ihr weiter am Hindukusch verteidigen, denn die R\u00fcstungsindustrie betrachtet Ihr als wichtiges wirtschaftliches R\u00fcckgrat. Deshalb habt Ihr Waffenlieferungen an die Ukraine schon einmal politisch vorbereitet. Daf\u00fcr habt Ihr den Softie vorgeschickt, aber das passte nicht zu seiner Rolle, die Vorsitzende wird das energischer voran treiben.<\/li><\/ul>\n\n\n\n<ul class=\"wp-block-list\"><li>Maskierung und Testung in Schulen, das unterst\u00fctzt Ihr bedingungslos. Dass ein Jahr f\u00fcr die intellektuelle und soziale Bildung unserer Kinder verloren gegangen ist, interessiert Euch nicht. Der Corona- Betrug musste unter allen Umst\u00e4nden aufrecht erhalten werden. Die schweren psychischen Sch\u00e4den, die unsere Kinder erlitten haben, sind Euch gleichg\u00fcltig, das schiebt Ihr auf die angeblich schwere Seuche. Wie soll das denn weiter gehen, wenn im Herbst wieder die Grippesaison beginnt`? <\/li><li>Ihr seid eine \u00fcble Lockdown- Partei, vielleicht nicht so konsequent wie die Linken, aber Lockdown f\u00fcr immer ist f\u00fcr Euch eine Perspektive, haupts\u00e4chlich Ihr sitzt erst einmal in der Regierungssesseln. Welches Land wollt Ihr denn als n\u00e4chstes vorschieben, in dem wieder eine Mutante entdeckt wird? Etwa Afghanistan? Bekommen die Soldaten der Bundeswehr dann keinen Heimaturlaub, falls dann immer noch welche dort sind, weil sie sonst das Virus einschleppen k\u00f6nnten?<\/li><\/ul>\n","protected":false,"gt_translate_keys":[{"key":"rendered","format":"html"}]},"excerpt":{"rendered":"<p>You paint the brutality of the capitalist social order green, but that does not make it any less brutal&#8230;. Ihr streicht die Brutalit\u00e4t der kapitalistischen Gesellschaftsordnung gr\u00fcn an, aber dadurch&hellip;<\/p>\n","protected":false,"gt_translate_keys":[{"key":"rendered","format":"html"}]},"author":1,"featured_media":0,"comment_status":"open","ping_status":"open","sticky":false,"template":"","format":"standard","meta":{"footnotes":""},"categories":[11],"tags":[474,305,242,438],"class_list":["post-2775","post","type-post","status-publish","format-standard","hentry","category-politik","tag-faschismus","tag-gruene","tag-habeck","tag-lockdown"],"gt_translate_keys":[{"key":"link","format":"url"}],"_links":{"self":[{"href":"https:\/\/andreastriebel.de\/index.php?rest_route=\/wp\/v2\/posts\/2775","targetHints":{"allow":["GET"]}}],"collection":[{"href":"https:\/\/andreastriebel.de\/index.php?rest_route=\/wp\/v2\/posts"}],"about":[{"href":"https:\/\/andreastriebel.de\/index.php?rest_route=\/wp\/v2\/types\/post"}],"author":[{"embeddable":true,"href":"https:\/\/andreastriebel.de\/index.php?rest_route=\/wp\/v2\/users\/1"}],"replies":[{"embeddable":true,"href":"https:\/\/andreastriebel.de\/index.php?rest_route=%2Fwp%2Fv2%2Fcomments&post=2775"}],"version-history":[{"count":6,"href":"https:\/\/andreastriebel.de\/index.php?rest_route=\/wp\/v2\/posts\/2775\/revisions"}],"predecessor-version":[{"id":2791,"href":"https:\/\/andreastriebel.de\/index.php?rest_route=\/wp\/v2\/posts\/2775\/revisions\/2791"}],"wp:attachment":[{"href":"https:\/\/andreastriebel.de\/index.php?rest_route=%2Fwp%2Fv2%2Fmedia&parent=2775"}],"wp:term":[{"taxonomy":"category","embeddable":true,"href":"https:\/\/andreastriebel.de\/index.php?rest_route=%2Fwp%2Fv2%2Fcategories&post=2775"},{"taxonomy":"post_tag","embeddable":true,"href":"https:\/\/andreastriebel.de\/index.php?rest_route=%2Fwp%2Fv2%2Ftags&post=2775"}],"curies":[{"name":"wp","href":"https:\/\/api.w.org\/{rel}","templated":true}]}}