{"id":278,"date":"2017-08-04T09:32:27","date_gmt":"2017-08-04T09:32:27","guid":{"rendered":"http:\/\/andreastriebel.de\/?p=278"},"modified":"2017-08-08T17:20:16","modified_gmt":"2017-08-08T17:20:16","slug":"wer-toppt-die-arroganz-von-vw-chef-mueller","status":"publish","type":"post","link":"https:\/\/andreastriebel.de\/?p=278","title":{"rendered":"Wer toppt die Arroganz von VW- Chef M\u00fcller?","gt_translate_keys":[{"key":"rendered","format":"text"}]},"content":{"rendered":"<p>Von besonderer Dreistigkeit war auf dem Diesel- Gipfel die Stellungnahme von VW- Chef M\u00fcller, der behauptete, dass die Umr\u00fcstung zu vertretbaren Kosten technisch garnicht m\u00f6glich sei. Was f\u00fcr ein arroganter Schn\u00f6sel! Und die Politiker nicken und finden noch wie Dobrindt verteidigende Worte f\u00fcr die Weigerung der Industriebosse, die Kosten der Umr\u00fcstung zu \u00fcbernehmen. Dieses Dienern vor den Bossen zu beobachten, ist unertr\u00e4glich, solange man nicht zur Kenntnis nimmt, wer hier die Herren sind.<\/p>\n<p>Erst werden windelweiche (Abgas-) Gesetze gemacht, offiziell zum Schutz von Umwelt und Gesundheit, dann wird der Industrie aber inoffiziell vermittelt, dass die Gesetze garnicht so ernst gemeint seien und mit Folgen bei ihrer Umgehung nicht zu rechnen sei. Wenn das kein Versagen der politischen Klasse ist, was denn sonst!<\/p>\n<p>Erst stellt sich heraus, das der Finanzsektor durch und durch betr\u00fcgerisch handelt (wird aber als systemrelevant gerettet), jetzt gilt das Gleiche f\u00fcr die Autoindustrie. Und das Ganze nennt sich Demokratie.<\/p>\n<p>Sind das die Vorbereitungen f\u00fcr den n\u00e4chsten Schritt, in dem auch in Deutschland der Trump- Effekt eintritt und AfD oder eine f\u00fcnf- Sterne- Bewegung das etablierte politische Personal beiseite fegen?<\/p>\n","protected":false,"gt_translate_keys":[{"key":"rendered","format":"html"}]},"excerpt":{"rendered":"<p>Von besonderer Dreistigkeit war auf dem Diesel- Gipfel die Stellungnahme von VW- Chef M\u00fcller, der behauptete, dass die Umr\u00fcstung zu vertretbaren Kosten technisch garnicht m\u00f6glich sei. Was f\u00fcr ein arroganter&hellip;<\/p>\n","protected":false,"gt_translate_keys":[{"key":"rendered","format":"html"}]},"author":1,"featured_media":0,"comment_status":"open","ping_status":"open","sticky":false,"template":"","format":"standard","meta":{"footnotes":""},"categories":[45,11,13],"tags":[106,102,104,105],"class_list":["post-278","post","type-post","status-publish","format-standard","hentry","category-gesellschaft","category-politik","category-wirtschaft","tag-diesel","tag-diesel-gipfel","tag-dobrindt","tag-vw-chef-mueller"],"gt_translate_keys":[{"key":"link","format":"url"}],"_links":{"self":[{"href":"https:\/\/andreastriebel.de\/index.php?rest_route=\/wp\/v2\/posts\/278","targetHints":{"allow":["GET"]}}],"collection":[{"href":"https:\/\/andreastriebel.de\/index.php?rest_route=\/wp\/v2\/posts"}],"about":[{"href":"https:\/\/andreastriebel.de\/index.php?rest_route=\/wp\/v2\/types\/post"}],"author":[{"embeddable":true,"href":"https:\/\/andreastriebel.de\/index.php?rest_route=\/wp\/v2\/users\/1"}],"replies":[{"embeddable":true,"href":"https:\/\/andreastriebel.de\/index.php?rest_route=%2Fwp%2Fv2%2Fcomments&post=278"}],"version-history":[{"count":5,"href":"https:\/\/andreastriebel.de\/index.php?rest_route=\/wp\/v2\/posts\/278\/revisions"}],"predecessor-version":[{"id":284,"href":"https:\/\/andreastriebel.de\/index.php?rest_route=\/wp\/v2\/posts\/278\/revisions\/284"}],"wp:attachment":[{"href":"https:\/\/andreastriebel.de\/index.php?rest_route=%2Fwp%2Fv2%2Fmedia&parent=278"}],"wp:term":[{"taxonomy":"category","embeddable":true,"href":"https:\/\/andreastriebel.de\/index.php?rest_route=%2Fwp%2Fv2%2Fcategories&post=278"},{"taxonomy":"post_tag","embeddable":true,"href":"https:\/\/andreastriebel.de\/index.php?rest_route=%2Fwp%2Fv2%2Ftags&post=278"}],"curies":[{"name":"wp","href":"https:\/\/api.w.org\/{rel}","templated":true}]}}