{"id":2792,"date":"2021-06-25T09:37:54","date_gmt":"2021-06-25T07:37:54","guid":{"rendered":"http:\/\/andreastriebel.de\/?p=2792"},"modified":"2021-06-27T11:32:33","modified_gmt":"2021-06-27T09:32:33","slug":"wir-sind-schon-im-great-reset","status":"publish","type":"post","link":"https:\/\/andreastriebel.de\/?p=2792","title":{"rendered":"Wir sind schon im \u201eGreat Reset\u201c!","gt_translate_keys":[{"key":"rendered","format":"text"}]},"content":{"rendered":"\n<p><em>On the street, many people still walk around masked. The distance rules are still in force. In large parts of Germany, especially in the realm of the bavarian cardboard nose people are still being harassed and, full of fear and aggression, many still support this. In front of stores whose owners still believe in the government&#8217;s narrative of the dangerous virus, queues of customers form until even they finally migrate to Amazon and the store has to close. Restaurants are trying to attract customers again, but the establishments are not really getting into the spirit of things. Staff are being kept on with difficulty, but no one knows how long this will last. The depressed, depressive mood prevails. It will be the second summer without a vacation abroad, on the Mediterranean.<\/em>&#8230;<\/p>\n\n\n\n<p><strong>Auf der Stra\u00dfe laufen viele Menschen immer noch maskiert herum. Die Abstandsregeln sind immer noch in Kraft. In gro\u00dfen Teilen Deutschlands, besonders im Reich der bayrischen Pappnase, werden die Menschen immer noch schikaniert und voller Angst und voller Aggression unterst\u00fctzen das auch noch viele. Vor Gesch\u00e4ften, deren Inhaber noch an die Erz\u00e4hlung der Regierung vom gef\u00e4hrlichen Virus glauben, bilden sich Schlangen von Kunden, bis auch die endg\u00fcltig zu Amazon abwandern und das Gesch\u00e4ft schlie\u00dfen muss. Gastst\u00e4tten versuchen wieder Kunden anzulocken, aber so richtig in Stimmung kommen die Betriebe nicht. Mit M\u00fche wird das Personal gehalten, aber niemand wei\u00df, wie lange das gut geht. Die niedergedr\u00fcckte, depressive Stimmung ist vorherrschend. Es wird der zweite Sommer ohne Urlaub im Ausland, am Mittelmeer werden.<\/strong><\/p>\n\n\n\n<ul class=\"wp-block-list\"><li>Die Fluggesellschaften k\u00f6nnen sich nicht aus eigener Kraft erholen. Die Milliarden an Subventionen reichen gerade f\u00fcr das Vermeiden der Insolvenz aber nicht f\u00fcr l\u00e4ngere Perspektiven. An ein schnelles Hochfahren des Flugbetriebs ist auch schon deswegen nicht zu denken, weil durch die t\u00f6dlichen Impfungen der Piloten und des Flugpersonals mit Verunsicherung und Ausf\u00e4llen zu rechnen ist. Vier t\u00f6dliche Wirkungen der Impfungen bei kerngesunden Piloten von British Airways, die sonst bis zu ihrem vierundachtzigsten Lebensjahr nichts von einem Corona- Virus gesp\u00fcrt h\u00e4tten, das l\u00e4sst sich nur mit M\u00fche verschweigen. Man m\u00f6chte sich auch nicht vorstellen, dass der t\u00f6dliche Schlag den geimpften Piloten w\u00e4hrend eines Atlantikfluges trifft.<\/li><\/ul>\n\n\n\n<ul class=\"wp-block-list\"><li>Jetzt haben die Arbeitsgerichte die prek\u00e4ren Arbeitsverh\u00e4ltnisse in der Pflege der alten Menschen aufgedeckt. Arbeiter aus Osteuropa m\u00fcssen f\u00fcr f\u00fcnf Euro und weniger pro Stunde die Pflege \u00fcbernehmen. Das soll so bleiben, indem die Pflegekr\u00e4fte zu Selbstst\u00e4ndigen erkl\u00e4rt werden. Diesen juristischen Trick haben SPD und Gr\u00fcne (Schr\u00f6der und Fischer) eingef\u00fchrt und sich beliebt gemacht. Es ist kaum vorstellbar, dass die Regierung ausgerechnet in der Corona- Krise eine Erh\u00f6hung der Sozialkosten zulassen wird. Die Verlierer werden wieder die alten Leute sein.<\/li><\/ul>\n\n\n\n<ul class=\"wp-block-list\"><li>Kostenloser Unterricht f\u00fcr Kinder aller Klassen, das gibt es schon lange nicht mehr. Viele Eltern investieren in die Bildung ihrer Kinder. Nicht alle k\u00f6nnen sich das leisten und die soziale Spaltung vertieft sich. Mit Unterrichtsausf\u00e4llen und sogenanntem Wechselunterricht f\u00f6rdert die Regierung diese Spaltung. Vor der letzten Wahl versprach die SPD auf riesigen Plakaten Bildung f\u00fcr alle und nach der Wahl redete sie von Kassensturz; jetzt wird schon vor der Wahl von Kassensturz geredet. Damit noch alle brav ihr Kreuz bei der Wahl machen, werden die Medien dieses Thema aber herunter b\u00fcgeln. Um sich pseudoliberal zu geb\u00e4rden, regen sie sich lieber \u00fcber Viktor Orban auf und fordern mehr Frauen in Vorst\u00e4nden von Unternehmen; die sozialen Verh\u00e4ltnisse sollen aber auf jeden Fall so bleiben. Ein Aufschwung f\u00fcr die Digitalkonzerne, eine Ausdehnung ihrer Herrschaft, nichts anderes haben die Corona- Parteien im Sinn.<\/li><\/ul>\n\n\n\n<p>Die Corona- Krise war ein scharfer Angriff auf die Lebensverh\u00e4ltnisse der Massen und zur Festigung der Herrschaft der Eliten. Das Gerede von der Delta- Variante und vom Wechselunterricht zeigt, dass die politische Klasse so weiter machen will. Der Widerstand hat zwar f\u00fcr den Sommer eine Atempause erreicht, aber das mediale Trommelfeuer wird sicher ab  Oktober wieder zur Hochform auflaufen.  <\/p>\n\n\n\n<p><strong>Norbert H\u00e4ring:<\/strong><\/p>\n\n\n\n<figure class=\"wp-block-embed is-type-wp-embed is-provider-geld-und-mehr wp-block-embed-geld-und-mehr\"><div class=\"wp-block-embed__wrapper\">\n<blockquote class=\"wp-embedded-content\" data-secret=\"oi3rRBXtaR\"><a href=\"https:\/\/norberthaering.de\/macht-kontrolle\/novelle-infektionsschutzgesetz\/\">Die Bundesregierung hat sich das Recht erschlichen, die Reisefreiheit dauerhaft zu beschneiden<\/a><\/blockquote><iframe loading=\"lazy\" class=\"wp-embedded-content\" sandbox=\"allow-scripts\" security=\"restricted\" style=\"position: absolute; clip: rect(1px, 1px, 1px, 1px);\" title=\"&#8222;Die Bundesregierung hat sich das Recht erschlichen, die Reisefreiheit dauerhaft zu beschneiden&#8220; &#8212; Geld und mehr\" src=\"https:\/\/norberthaering.de\/macht-kontrolle\/novelle-infektionsschutzgesetz\/embed\/#?secret=RYe7Fcco44#?secret=oi3rRBXtaR\" data-secret=\"oi3rRBXtaR\" width=\"317\" height=\"200\" frameborder=\"0\" marginwidth=\"0\" marginheight=\"0\" scrolling=\"no\"><\/iframe>\n<\/div><\/figure>\n","protected":false,"gt_translate_keys":[{"key":"rendered","format":"html"}]},"excerpt":{"rendered":"<p>On the street, many people still walk around masked. The distance rules are still in force. In large parts of Germany, especially in the realm of the bavarian cardboard nose&hellip;<\/p>\n","protected":false,"gt_translate_keys":[{"key":"rendered","format":"html"}]},"author":1,"featured_media":0,"comment_status":"open","ping_status":"open","sticky":false,"template":"","format":"standard","meta":{"footnotes":""},"categories":[45,11],"tags":[385,599,600,414],"class_list":["post-2792","post","type-post","status-publish","format-standard","hentry","category-gesellschaft","category-politik","tag-corona-krise","tag-delta-variante","tag-great-rest","tag-impfung"],"gt_translate_keys":[{"key":"link","format":"url"}],"_links":{"self":[{"href":"https:\/\/andreastriebel.de\/index.php?rest_route=\/wp\/v2\/posts\/2792","targetHints":{"allow":["GET"]}}],"collection":[{"href":"https:\/\/andreastriebel.de\/index.php?rest_route=\/wp\/v2\/posts"}],"about":[{"href":"https:\/\/andreastriebel.de\/index.php?rest_route=\/wp\/v2\/types\/post"}],"author":[{"embeddable":true,"href":"https:\/\/andreastriebel.de\/index.php?rest_route=\/wp\/v2\/users\/1"}],"replies":[{"embeddable":true,"href":"https:\/\/andreastriebel.de\/index.php?rest_route=%2Fwp%2Fv2%2Fcomments&post=2792"}],"version-history":[{"count":12,"href":"https:\/\/andreastriebel.de\/index.php?rest_route=\/wp\/v2\/posts\/2792\/revisions"}],"predecessor-version":[{"id":2811,"href":"https:\/\/andreastriebel.de\/index.php?rest_route=\/wp\/v2\/posts\/2792\/revisions\/2811"}],"wp:attachment":[{"href":"https:\/\/andreastriebel.de\/index.php?rest_route=%2Fwp%2Fv2%2Fmedia&parent=2792"}],"wp:term":[{"taxonomy":"category","embeddable":true,"href":"https:\/\/andreastriebel.de\/index.php?rest_route=%2Fwp%2Fv2%2Fcategories&post=2792"},{"taxonomy":"post_tag","embeddable":true,"href":"https:\/\/andreastriebel.de\/index.php?rest_route=%2Fwp%2Fv2%2Ftags&post=2792"}],"curies":[{"name":"wp","href":"https:\/\/api.w.org\/{rel}","templated":true}]}}