{"id":285,"date":"2017-08-11T08:54:47","date_gmt":"2017-08-11T08:54:47","guid":{"rendered":"http:\/\/andreastriebel.de\/?p=285"},"modified":"2017-08-15T17:50:54","modified_gmt":"2017-08-15T17:50:54","slug":"endlich-erfuellt-schulz-seine-oppositionspflichten","status":"publish","type":"post","link":"https:\/\/andreastriebel.de\/?p=285","title":{"rendered":"Endlich erf\u00fcllt Schulz seine Oppositionspflichten","gt_translate_keys":[{"key":"rendered","format":"text"}]},"content":{"rendered":"<p>Nach dem f\u00fcr die politische Klasse besch\u00e4menden Diesel- Gipfel wagt Schulz\u00a0 endlich, sich von der Regierungslinie abzusetzen: Um den Boykott der Autokonzerne aufzubrechen und Glaubw\u00fcrdigkeit zu gewinnen, fordert er eine verbindliche Quote f\u00fcr E- Autos. Au\u00dferdem will er wirkliche Kontrollen der Abgase durchsetzen und den Alibi- Charakter der bestehenden Gesetze aufheben. Zumindest sagt das jetzt mal einer, der auch geh\u00f6rt wird. W\u00e4hrend die CSU im Korruptionsmodus verharrt und der prominenteste Gr\u00fcne, Kretschmann, ihr noch beipflichtet, ist das schon ein Fortschritt.<\/p>\n<p>Das ist schon eine grunds\u00e4tzlich andere Politik, als wenn der Au\u00dfenminister die Regierenden im Sudan belehrt, w\u00e4hrend seine Delegation \u00fcber Waffenlieferungen an die Kriegsparteien verhandelt oder der Ministerpr\u00e4sident seine Kumpanei mit dem VW- Konzern bei der T\u00e4uschung der \u00d6ffentlichkeit rechtfertigt.<\/p>\n","protected":false,"gt_translate_keys":[{"key":"rendered","format":"html"}]},"excerpt":{"rendered":"<p>Nach dem f\u00fcr die politische Klasse besch\u00e4menden Diesel- Gipfel wagt Schulz\u00a0 endlich, sich von der Regierungslinie abzusetzen: Um den Boykott der Autokonzerne aufzubrechen und Glaubw\u00fcrdigkeit zu gewinnen, fordert er eine&hellip;<\/p>\n","protected":false,"gt_translate_keys":[{"key":"rendered","format":"html"}]},"author":1,"featured_media":0,"comment_status":"open","ping_status":"open","sticky":false,"template":"","format":"standard","meta":{"footnotes":""},"categories":[45,11],"tags":[111,46,106,110,112,69,116],"class_list":["post-285","post","type-post","status-publish","format-standard","hentry","category-gesellschaft","category-politik","tag-abgase","tag-csu","tag-diesel","tag-e-autos","tag-kretschmann","tag-martin-schulz","tag-vw-konzern"],"gt_translate_keys":[{"key":"link","format":"url"}],"_links":{"self":[{"href":"https:\/\/andreastriebel.de\/index.php?rest_route=\/wp\/v2\/posts\/285","targetHints":{"allow":["GET"]}}],"collection":[{"href":"https:\/\/andreastriebel.de\/index.php?rest_route=\/wp\/v2\/posts"}],"about":[{"href":"https:\/\/andreastriebel.de\/index.php?rest_route=\/wp\/v2\/types\/post"}],"author":[{"embeddable":true,"href":"https:\/\/andreastriebel.de\/index.php?rest_route=\/wp\/v2\/users\/1"}],"replies":[{"embeddable":true,"href":"https:\/\/andreastriebel.de\/index.php?rest_route=%2Fwp%2Fv2%2Fcomments&post=285"}],"version-history":[{"count":3,"href":"https:\/\/andreastriebel.de\/index.php?rest_route=\/wp\/v2\/posts\/285\/revisions"}],"predecessor-version":[{"id":289,"href":"https:\/\/andreastriebel.de\/index.php?rest_route=\/wp\/v2\/posts\/285\/revisions\/289"}],"wp:attachment":[{"href":"https:\/\/andreastriebel.de\/index.php?rest_route=%2Fwp%2Fv2%2Fmedia&parent=285"}],"wp:term":[{"taxonomy":"category","embeddable":true,"href":"https:\/\/andreastriebel.de\/index.php?rest_route=%2Fwp%2Fv2%2Fcategories&post=285"},{"taxonomy":"post_tag","embeddable":true,"href":"https:\/\/andreastriebel.de\/index.php?rest_route=%2Fwp%2Fv2%2Ftags&post=285"}],"curies":[{"name":"wp","href":"https:\/\/api.w.org\/{rel}","templated":true}]}}