{"id":3090,"date":"2021-09-24T21:10:29","date_gmt":"2021-09-24T19:10:29","guid":{"rendered":"http:\/\/andreastriebel.de\/?p=3090"},"modified":"2021-09-24T21:10:31","modified_gmt":"2021-09-24T19:10:31","slug":"die-linke-damit-sich-etwas-aendert","status":"publish","type":"post","link":"https:\/\/andreastriebel.de\/?p=3090","title":{"rendered":"Die Linke, damit sich etwas \u00e4ndert","gt_translate_keys":[{"key":"rendered","format":"text"}]},"content":{"rendered":"\n<p><em>In order for something to change, the Left Party wants to participate in the government merry-go-round.<\/em><\/p>\n\n\n\n<p><strong>Damit sich etw<\/strong>as <strong>\u00e4ndert, will die Linke am Regierungskarussell teilnehmen.<\/strong><\/p>\n\n\n\n<p>Etwas soll sich am Mindestlohn \u00e4ndern, um auch am unteren Rand ein paar Stimmen zu ergattern. Es ist ja auch peinlich sich \u201elinks\u201c zu nennen, w\u00e4hrend die Funktion\u00e4rsschicht aus dem Mittelstand stammt. Nur hat leider die SPD, die ein \u00e4hnliches Problem hat, auch die Forderung nach zw\u00f6lf Euro Stundenlohn erhoben. Wer das nun ernst meint, das kann man raten, jedenfalls hatte die SPD lange genug Gelegenheit gehabt,&nbsp; daran etwas zu \u00e4ndern. Aber nachdem der hochseri\u00f6se und kein bisschen korrupte Scholz die Milliarden den Banken zugeschoben hat, wollte man auch die \u00e4rmere Klientel beeindrucken. Richtig durchsetzen will den Mindestlohn keine Partei. Das k\u00f6nnte die Mittelschicht ver\u00e4rgern. Aber vor den Wahlen muss man so tun als ob.<\/p>\n\n\n\n<p>Und dann will die Linke f\u00fcr bezahlbare Wohnungen sorgen. Wie gut sie sich darum k\u00fcmmert, das hat man in Berlin gesehen: erst haben sie die Wohnungen aus dem \u00f6ffentlichen Eigentum an Kapitalgesellschaften verkauft, dann folgte die gro\u00dfe Schau um den Mietendeckel. Das sorgte f\u00fcr eine gute Presse, aber war keine Hilfe f\u00fcr die Mieter.<\/p>\n\n\n\n<p>Und den Lockdown will die Linke wie alle anderen; nur etwas \u00e4ndern schon, hier und da etwas versch\u00e4rfen, das kommt bei einigen W\u00e4hlern gut an; und wenn der Mittelstand v\u00f6llig in die Knie geht, Hauptsache, &nbsp;es gibt &nbsp;noch Amazon.<\/p>\n\n\n\n<p>Und die &nbsp;Maskenpflicht als Unterwerfungsritual, das passt der Linken besonders. Katja Kipping trat gleich mit zwei Masken \u00fcbereinander im Bundestag auf. Niemand soll an ihrer Treue zum Regierungskurs zweifeln.<\/p>\n\n\n\n<p>Deswegen wird auch&nbsp; das Impfregime unterst\u00fctzt. Ob damit in Europa schon einhundert oder zweihunderttausend Menschen umgebracht wurden, was k\u00fcmmert es die Linke, die Sessel in der Regierung sind so nah. Aber auch hier m\u00f6chten sie etwas \u00e4ndern, sie wissen nur nicht genau was. Es k\u00f6nnte als Widerspenstigkeit ausgelegt werden, da h\u00e4lt man lieber den Mund.<\/p>\n\n\n\n<p>Und Sarah Wagenknecht wird als Maskottchen in den Vordergrund geschoben, um nach der Wahl wieder entsorgt zu werden. Weil sie in der Corona- Krise herumeiert und sich nicht klar positioniert, ist sie eigentlich politisch heimatlos.&nbsp; Wer 1933 etwas \u00e4ndern wollte, traf sich 1934 im KZ mit den anderen, die den faschistischen Putsch nicht wahr haben wollten. Aber solange man in den Talk- Shows herum gereicht wird, ist man wohl blind f\u00fcr diese geschichtliche Lehre.<\/p>\n","protected":false,"gt_translate_keys":[{"key":"rendered","format":"html"}]},"excerpt":{"rendered":"<p>In order for something to change, the Left Party wants to participate in the government merry-go-round. Damit sich etwas \u00e4ndert, will die Linke am Regierungskarussell teilnehmen. Etwas soll sich am&hellip;<\/p>\n","protected":false,"gt_translate_keys":[{"key":"rendered","format":"html"}]},"author":1,"featured_media":0,"comment_status":"open","ping_status":"open","sticky":false,"template":"","format":"standard","meta":{"footnotes":""},"categories":[45,11],"tags":[385,633,438,419,232,182,15],"class_list":["post-3090","post","type-post","status-publish","format-standard","hentry","category-gesellschaft","category-politik","tag-corona-krise","tag-kipping","tag-lockdown","tag-maskenpflicht","tag-sahra-wagenknecht","tag-scholz","tag-spd"],"gt_translate_keys":[{"key":"link","format":"url"}],"_links":{"self":[{"href":"https:\/\/andreastriebel.de\/index.php?rest_route=\/wp\/v2\/posts\/3090","targetHints":{"allow":["GET"]}}],"collection":[{"href":"https:\/\/andreastriebel.de\/index.php?rest_route=\/wp\/v2\/posts"}],"about":[{"href":"https:\/\/andreastriebel.de\/index.php?rest_route=\/wp\/v2\/types\/post"}],"author":[{"embeddable":true,"href":"https:\/\/andreastriebel.de\/index.php?rest_route=\/wp\/v2\/users\/1"}],"replies":[{"embeddable":true,"href":"https:\/\/andreastriebel.de\/index.php?rest_route=%2Fwp%2Fv2%2Fcomments&post=3090"}],"version-history":[{"count":2,"href":"https:\/\/andreastriebel.de\/index.php?rest_route=\/wp\/v2\/posts\/3090\/revisions"}],"predecessor-version":[{"id":3092,"href":"https:\/\/andreastriebel.de\/index.php?rest_route=\/wp\/v2\/posts\/3090\/revisions\/3092"}],"wp:attachment":[{"href":"https:\/\/andreastriebel.de\/index.php?rest_route=%2Fwp%2Fv2%2Fmedia&parent=3090"}],"wp:term":[{"taxonomy":"category","embeddable":true,"href":"https:\/\/andreastriebel.de\/index.php?rest_route=%2Fwp%2Fv2%2Fcategories&post=3090"},{"taxonomy":"post_tag","embeddable":true,"href":"https:\/\/andreastriebel.de\/index.php?rest_route=%2Fwp%2Fv2%2Ftags&post=3090"}],"curies":[{"name":"wp","href":"https:\/\/api.w.org\/{rel}","templated":true}]}}