{"id":310,"date":"2017-09-06T16:46:49","date_gmt":"2017-09-06T16:46:49","guid":{"rendered":"http:\/\/andreastriebel.de\/?p=310"},"modified":"2017-09-07T08:53:08","modified_gmt":"2017-09-07T08:53:08","slug":"merkel-dienerin-der-konzerne","status":"publish","type":"post","link":"https:\/\/andreastriebel.de\/?p=310","title":{"rendered":"Merkel, Dienerin der Konzerne","gt_translate_keys":[{"key":"rendered","format":"text"}]},"content":{"rendered":"<ol>\n<li>Gerade noch verteidigte Frau Merkel im sogenannten Fernsehduell die Dieselhersteller mit dem Hinweis, dass dort hunderttausende von Arbeitspl\u00e4tzen vom Diesel abh\u00e4ngen w\u00fcrden und dass deshalb keine Nachr\u00fcstung verlangt werden k\u00f6nne. Diese Begr\u00fcndung kam aber nicht gut an, weil das Publikum durchschaute, dass es um die Gewinne der Konzerne geht und die Bedrohung der Arbeitspl\u00e4tze ein Erpressungsman\u00f6ver war. \u00a0 Schon schwenkt die Kanzlerin um und f\u00fchrt den Klimaschutz als Begr\u00fcndung als Begr\u00fcndung f\u00fcr die Dieselverteidigung an. Wenn ihr nicht mit dem Dieseldreck einverstanden seid, gibt es auch keinen Klimaschutz, sagt die Physikerin.<\/li>\n<\/ol>\n<p>So wollte sie uns auch die Atomkraft verkaufen. Es bedurfte erst der Katastrophe von Fukushima und der Gefahr gro\u00dfer W\u00e4hlerverluste bis die Regierung umschwenkte und die Regeln zur Abschaltung wieder \u00e4nderte. Vers\u00fc\u00dft wurde das den Konzernen durch die Erstattung von elf Milliarden Euro Brennelementesteuer. Sollte die Justiz die Konzerne doch noch zur Umr\u00fcstung auf eigene Kosten verpflichten, so wird schon \u00fcber ein erleichterndes Steuerpaket debattiert. Das Problem dabei ist nur, dass die Konzerne schon jetzt kaum Steuern zahlen und ihnen daher ein kompletter Steuererlass zu wenig w\u00e4re.<\/p>\n<p>Frau Merkel steht \u00fcber den Parteien, richtig, aber nicht \u00fcber den Konzernen, im Gegenteil, sie ist ihnen eine willige Dienerin.<\/p>\n<p>Die Gr\u00f6\u00dfe von Willy Brandt hat sie nicht. Ihre letzten Regierungsjahre werden eine bleierne Zeit werden.<\/p>\n","protected":false,"gt_translate_keys":[{"key":"rendered","format":"html"}]},"excerpt":{"rendered":"<p>Gerade noch verteidigte Frau Merkel im sogenannten Fernsehduell die Dieselhersteller mit dem Hinweis, dass dort hunderttausende von Arbeitspl\u00e4tzen vom Diesel abh\u00e4ngen w\u00fcrden und dass deshalb keine Nachr\u00fcstung verlangt werden k\u00f6nne.&hellip;<\/p>\n","protected":false,"gt_translate_keys":[{"key":"rendered","format":"html"}]},"author":1,"featured_media":0,"comment_status":"open","ping_status":"open","sticky":false,"template":"","format":"standard","meta":{"footnotes":""},"categories":[45,11,13],"tags":[131,132],"class_list":["post-310","post","type-post","status-publish","format-standard","hentry","category-gesellschaft","category-politik","category-wirtschaft","tag-klimaschutz","tag-steuerpaket"],"gt_translate_keys":[{"key":"link","format":"url"}],"_links":{"self":[{"href":"https:\/\/andreastriebel.de\/index.php?rest_route=\/wp\/v2\/posts\/310","targetHints":{"allow":["GET"]}}],"collection":[{"href":"https:\/\/andreastriebel.de\/index.php?rest_route=\/wp\/v2\/posts"}],"about":[{"href":"https:\/\/andreastriebel.de\/index.php?rest_route=\/wp\/v2\/types\/post"}],"author":[{"embeddable":true,"href":"https:\/\/andreastriebel.de\/index.php?rest_route=\/wp\/v2\/users\/1"}],"replies":[{"embeddable":true,"href":"https:\/\/andreastriebel.de\/index.php?rest_route=%2Fwp%2Fv2%2Fcomments&post=310"}],"version-history":[{"count":4,"href":"https:\/\/andreastriebel.de\/index.php?rest_route=\/wp\/v2\/posts\/310\/revisions"}],"predecessor-version":[{"id":314,"href":"https:\/\/andreastriebel.de\/index.php?rest_route=\/wp\/v2\/posts\/310\/revisions\/314"}],"wp:attachment":[{"href":"https:\/\/andreastriebel.de\/index.php?rest_route=%2Fwp%2Fv2%2Fmedia&parent=310"}],"wp:term":[{"taxonomy":"category","embeddable":true,"href":"https:\/\/andreastriebel.de\/index.php?rest_route=%2Fwp%2Fv2%2Fcategories&post=310"},{"taxonomy":"post_tag","embeddable":true,"href":"https:\/\/andreastriebel.de\/index.php?rest_route=%2Fwp%2Fv2%2Ftags&post=310"}],"curies":[{"name":"wp","href":"https:\/\/api.w.org\/{rel}","templated":true}]}}