{"id":3132,"date":"2021-10-08T17:45:21","date_gmt":"2021-10-08T15:45:21","guid":{"rendered":"http:\/\/andreastriebel.de\/?p=3132"},"modified":"2021-10-10T20:34:57","modified_gmt":"2021-10-10T18:34:57","slug":"maskenpflicht-im-unterricht-entfaellt-in-nrw","status":"publish","type":"post","link":"https:\/\/andreastriebel.de\/?p=3132","title":{"rendered":"Maskenpflicht im Unterricht entf\u00e4llt in NRW","gt_translate_keys":[{"key":"rendered","format":"text"}]},"content":{"rendered":"\n<p><strong>Nach Th\u00fcringen, Bayern und Berlin muss auch NRW nachgeben. Die Wahlen zum Bundestag haben der CDU einen Schrecken eingejagt. Bald kommen die Wahlen zum Landtag und die will die CDU nicht auch noch verlieren.<\/strong><\/p>\n\n\n\n<p>Die Eltern der schulpflichtigen Kinder sind sehr erbost dar\u00fcber, dass sogar ihre Kinder unter dem Corona- Wahn leiden mussten. In Th\u00fcringen, wo mehr Erfahrungen im Umgang mit Diktaturen bestehen, ist es vorgekommen, dass in Schulklassen Kinder ohne Maske in der Mehrzahl waren und die maskierten Kinder abgesondert werden mussten, ein f\u00fcr beide Seiten unertr\u00e4glicher Zustand.<\/p>\n\n\n\n<p>Wenn jetzt, wie voraus zu sehen, die Inflation noch zunimmt, ist die Macht f\u00fcr die&nbsp; Corona- Parteien nicht mehr gesichert. Jetzt wird noch alle Schuld auf China geschoben, am Zusammenbruch von Lieferketten seien die Chinesen schuld. Und der Anstieg des Gaspreises um bis zu drei\u00dfig Prozent w\u00fcrde am gestiegenen Verbrauch der chinesischen Wirtschaft liegen. Und das Fehlen der elektronischen Chips wird ihnen auch angelastet. Spiegel, FAZ und Nachrichtenagenturen bem\u00fchen sich nach Kr\u00e4ften dieses M\u00e4rchen unter das Volk zu bringen. Doch diese Entschuldigung nutzt sich ab. Dass wir uns in einer tiefen Wirtschafts- und Gesellschaftskrise befinden, wir allm\u00e4hlich immer klarer.<\/p>\n\n\n\n<p>Jetzt m\u00fcssen schon drei Parteien eine Regierung bilden. Die Medien schieben naive Gr\u00fcnlinge in den Vordergrund und wie Sprechpuppen tragen diese ihre abgespeicherten Textbausteine vor&nbsp; und blicken dabei ernst in die Kameras. Wer will denn diese abgelutschten Phrasen, wie \u201eDeutschland nach vorn bringen\u201c und \u201eeinen Neuanfang wagen\u201c noch h\u00f6ren? Jeder wei\u00df, dass sie nichts wie die P\u00f6stchenverteilung im Sinn haben.<\/p>\n\n\n\n<p>Aber das Corona- Regime anzugreifen, das wagen diese Politdarsteller nicht. Zu einem partiellen Maskenverzicht in den Schulen mussten sie gezwungen werden. Das m\u00f6rderische Impfregime wollen sie beibehalten. Der Impfpass soll dazu dienen, die gehorsamen Schafe von den aufbegehrenden zu trennen. Die Erpressung nimmt unvorstellbare Formen an.<\/p>\n\n\n\n<p>Wer h\u00e4tte es vor einiger Zeit noch f\u00fcr m\u00f6glich gehalten, dass in einem Staat, den man f\u00fcr demokratisch hielt, pl\u00f6tzlich eine Politmafia hervor tritt? Dass der Papst dazu seinen Segen gibt, macht das Ganze nicht weniger verurteilenswert. Gegen Franziskus erscheint &nbsp;Pius XII noch harmlos, dieser soll wenigstens im Stillen opponiert haben, so etwas kommt dem Machtmenschen Franziskus nicht in den Sinn. Wo ist der Rolf Hochhut unserer Zeit? Nur einige Kardin\u00e4le, die stark im Glauben sind, haben ihren n\u00fcchternen Verstand behalten und schauen hinter die Kulissen. Sie wissen, dass der Corona- Glaube Sektencharakter hat und ein Politman\u00f6ver darstellt und dass eine autorit\u00e4re Regierung die freie Religionsaus\u00fcbung nicht gew\u00e4hrleistet, weil sie sich von ihr bedroht f\u00fchlt.<\/p>\n\n\n\n<p>K\u00f6nnen die Corona- Parteien das Staatsgef\u00fcge noch mit demokratischen Methoden zusammen halten? Nein, das klappt schon lange nicht mehr. Daher die diktatorischen Methoden, der offene Zwang, die t\u00f6dliche Bedrohung durch die Injektionen, der Entzug der menschlichen Grundrechte, die soziale Spaltung.<\/p>\n\n\n\n<p>Und was braut sich zusammen, wenn die CDU in die Opposition geht? Gibt es dann die Chance auf eine Besinnung, ausgerechnet in der CDU? Vielleicht \u00fcberwiegen dann die stramm autorit\u00e4ren Vorstellungen der bayrischen Pappnase. Werden dann Konzentrationslager errichtet, und schweigt dann wieder die Mehrheit, wenn die ersten eingeliefert werden? Aber auch der CSU wird durch den Zusammenbruch des Mittelstandes die Basis weggerissen. Das Corona- Regime zerst\u00f6rt sich selbst.<\/p>\n\n\n\n<p><em><strong>After Thuringia, Bavaria and Berlin, NRW must also concede. The elections to the Bundestag have given the CDU a scare. Soon<\/strong> <\/em><strong><em>come the elections to the state parliament, and the CDU doesn&#8217;t want to lose those, too.<\/em> <\/strong><\/p>\n\n\n\n<p>Parents of school-age children are very incensed that even their children had to suffer from the Corona mania. In Thuringia, where there is more experience in dealing with dictatorships, it has happened that in school classes children without masks were in the majority and the masked children had to be segregated, an intolerable state of affairs for both sides.<\/p>\n\n\n\n<p>If inflation increases even more, as can be seen in the foreseeable future, power will no longer be secure for the Corona parties. Now all the blame is being placed on China, with the collapse of supply chains being the fault of the Chinese. And the increase in the price of gas by up to thirty percent would be due to the increased consumption of the Chinese economy. And the lack of electronic chips is also blamed on them. Spiegel, FAZ and news agencies do their best to spread this fairy tale among the people. But this excuse is wearing thin. It is becoming increasingly clear that we are in the midst of a deep economic and social crisis.<\/p>\n\n\n\n<p>Now three parties have to form a government. The media push na\u00efve greenies to the fore and, like talking heads, they recite their memorized text modules while looking seriously into the cameras. Who wants to hear these hackneyed phrases like &#8222;take Germany forward&#8220; and &#8222;dare to make a new start&#8220; anymore? Everyone knows that they have nothing like the distribution of posts in mind.<\/p>\n\n\n\n<p>But these political actors dare not attack the Corona regime. They had to be forced into a partial renunciation of masks in the schools. They want to maintain the murderous vaccination regime. The vaccination passport is to serve to separate the obedient sheep from the rebellious ones. The blackmail takes unimaginable forms.<\/p>\n\n\n\n<p>Who would have thought it possible some time ago that a political mafia would suddenly emerge in a state that was thought to be democratic? The fact that the pope gives his blessing to this does not make the whole thing any less condemnable. Against Francis, Pius XII still seems harmless; he is said to have opposed at least in silence, something like that does not occur to Francis, the man of power. Where is the Rolf Hochhut of our time? Only some cardinals who are strong in faith have kept their sober mind and look behind the scenes. They know that the Corona faith is sectarian and a political maneuver, and that an authoritarian government does not guarantee the free exercise of religion because it feels threatened<\/p>\n\n\n\n<p>Can the Corona parties still hold the state structure together with democratic methods? No, that hasn&#8217;t worked for a long time. Hence the dictatorial methods, the open coercion, the deadly threat of injections, the deprivation of basic human rights, the social division.<\/p>\n\n\n\n<p>And what is brewing when the CDU goes into opposition? Will there then be a chance for reflection, in the CDU of all places? Perhaps then the tightly authoritarian ideas of the Bavarian Pappnase will prevail. Will concentration camps then be set up, and will the majority then be silent again when the first ones are brought in? But the collapse of the middle class will also tear away the basis of the CSU. The Corona regime is destroying itself.<\/p>\n\n\n\n<p><\/p>\n","protected":false,"gt_translate_keys":[{"key":"rendered","format":"html"}]},"excerpt":{"rendered":"<p>Nach Th\u00fcringen, Bayern und Berlin muss auch NRW nachgeben. Die Wahlen zum Bundestag haben der CDU einen Schrecken eingejagt. Bald kommen die Wahlen zum Landtag und die will die CDU&hellip;<\/p>\n","protected":false,"gt_translate_keys":[{"key":"rendered","format":"html"}]},"author":1,"featured_media":0,"comment_status":"open","ping_status":"open","sticky":false,"template":"","format":"standard","meta":{"footnotes":""},"categories":[45,11],"tags":[176,385,557,640,419,639,641],"class_list":["post-3132","post","type-post","status-publish","format-standard","hentry","category-gesellschaft","category-politik","tag-cdu","tag-corona-krise","tag-impfpass","tag-inflation","tag-maskenpflicht","tag-nrw","tag-papst-franziskus"],"gt_translate_keys":[{"key":"link","format":"url"}],"_links":{"self":[{"href":"https:\/\/andreastriebel.de\/index.php?rest_route=\/wp\/v2\/posts\/3132","targetHints":{"allow":["GET"]}}],"collection":[{"href":"https:\/\/andreastriebel.de\/index.php?rest_route=\/wp\/v2\/posts"}],"about":[{"href":"https:\/\/andreastriebel.de\/index.php?rest_route=\/wp\/v2\/types\/post"}],"author":[{"embeddable":true,"href":"https:\/\/andreastriebel.de\/index.php?rest_route=\/wp\/v2\/users\/1"}],"replies":[{"embeddable":true,"href":"https:\/\/andreastriebel.de\/index.php?rest_route=%2Fwp%2Fv2%2Fcomments&post=3132"}],"version-history":[{"count":9,"href":"https:\/\/andreastriebel.de\/index.php?rest_route=\/wp\/v2\/posts\/3132\/revisions"}],"predecessor-version":[{"id":3141,"href":"https:\/\/andreastriebel.de\/index.php?rest_route=\/wp\/v2\/posts\/3132\/revisions\/3141"}],"wp:attachment":[{"href":"https:\/\/andreastriebel.de\/index.php?rest_route=%2Fwp%2Fv2%2Fmedia&parent=3132"}],"wp:term":[{"taxonomy":"category","embeddable":true,"href":"https:\/\/andreastriebel.de\/index.php?rest_route=%2Fwp%2Fv2%2Fcategories&post=3132"},{"taxonomy":"post_tag","embeddable":true,"href":"https:\/\/andreastriebel.de\/index.php?rest_route=%2Fwp%2Fv2%2Ftags&post=3132"}],"curies":[{"name":"wp","href":"https:\/\/api.w.org\/{rel}","templated":true}]}}