{"id":3148,"date":"2021-10-13T17:43:59","date_gmt":"2021-10-13T15:43:59","guid":{"rendered":"http:\/\/andreastriebel.de\/?p=3148"},"modified":"2021-10-15T07:41:37","modified_gmt":"2021-10-15T05:41:37","slug":"langsames-impftempo-bremst-den-aufschwung","status":"publish","type":"post","link":"https:\/\/andreastriebel.de\/?p=3148","title":{"rendered":"\u201eLangsames Impftempo bremst den Aufschwung\u201c","gt_translate_keys":[{"key":"rendered","format":"text"}]},"content":{"rendered":"\n<p><strong>So dreist manipulieren die Medien: Gerade erst wird der wirtschaftliche Abschwung nach und nach sichtbar, die Lieferengp\u00e4sse nehmen zu, die Arbeitslosigkeit steigt an und die Inflation nimmt Fahrt auf, aber die regierungsh\u00f6rigen Medien reden von Aufschwung.<\/strong><\/p>\n\n\n\n<p>W\u00fctende Proteste in Italien gegen den Impfzwang mit Lahmlegung der Autobahnen, gro\u00dfe Massendemonstrationen in Frankreich, inzwischen t\u00e4glich Demonstrationen und Kundgebungen in Deutschland; das wird sorgf\u00e4ltig verschwiegen, stattdessen fabulieren Politiker und Medien von Aufschwung. Sie sprechen von \u201eCorona- Rezession\u201c und wollen verwischen, dass der Niedergang lange vor der Corona- Krise begonnen hat. Da ein Aufschwung aber nicht so recht sichtbar wird, machen sie angeblich hochansteckende Virusvarianten, wachsende Impfm\u00fcdigkeit und sogar fehlende Impfdosen verantwortlich. Diese w\u00fcrden in Entwicklungsl\u00e4ndern fehlen, daher gebe es keinen Aufschwung. Keiner soll auf den Gedanken kommen, dass es unser Wirtschafts- und Gesellschaftssystem selbst ist, das die Krise hervor ruft.<\/p>\n\n\n\n<p>Da das Corona- Narrativ aber auch f\u00fcr die breiten Massen immer unglaubw\u00fcrdiger wird, wird der Klimawandel wieder aufgebauscht. Alle sollen den G\u00fcrtel enger schnallen und die sozialen Leistungen im Alter werden abgebaut. Krankenh\u00e4user und Altersheime (in Neusprech: Seniorenresidenzen) werden geschlossen. Die zunehmenden Todeszahlen bei den Geimpften f\u00fchren zu einer schrumpfenden Belegung. &nbsp;\u00c4rztekammerpr\u00e4sident Vilmar sprach von \u201esozialvertr\u00e4glichem Fr\u00fchableben\u201c, darauf fiel die Regierungspresse \u00fcber ihn her. So etwas kann sich heute in dem verhetzten Klima ein Gassen nicht leisten. Fakt bleibt aber, dass die Kapitalvermehrung nur durch den abh\u00e4ngig Besch\u00e4ftigten im Arbeitsprozess stattfindet, wozu der Rentner nicht mehr beitragen kann.<\/p>\n\n\n\n<p>Es ist ausgeschlossen, dass unter 3G oder sogar 2G&nbsp; ein Wirtschaftsaufschwung eintreten kann. Allerdings kann unter diesen Umst\u00e4nden die Regierung ihren Griff verst\u00e4rken, eine Panik nach der anderen hervor rufen und einer Gef\u00e4hrdung des Herrschaftsgef\u00fcges vorbeugen.<\/p>\n\n\n\n<hr class=\"wp-block-separator\"\/>\n\n\n\n<p><strong>This is how brazenly the media manipulate: just now the economic downturn is gradually becoming visible, supply bottlenecks are increasing, unemployment is rising and inflation is picking up speed, but the government-owned media are talking about recovery.<\/strong><\/p>\n\n\n\n<p>Angry protests in Italy against compulsory vaccination, with freeways paralyzed, large mass demonstrations in France, and now daily demonstrations and rallies in Germany; all this is carefully concealed, and instead politicians and the media talk of an upswing. They speak of &#8222;Corona recession&#8220; and want to blur the fact that the decline began long before the Corona crisis. But since an upswing is not really visible, they allegedly blame highly contagious virus variants, growing vaccination fatigue and even a lack of vaccine doses. These would be lacking in developing countries, hence there would be no upswing. No one should get the idea that it is our economic and social system itself that is causing the crisis.<\/p>\n\n\n\n<p>But as the Corona narrative becomes more and more implausible for the broad masses, climate change is being blown up again. Everyone is being asked to tighten their belts, and social benefits for the elderly are being cut back. Hospitals and old people&#8217;s homes (in neologism: senior residences) are being closed. Increasing death rates among the vaccinated are leading to shrinking occupancy. &nbsp;Vilmar, the president of the medical association, spoke of &#8222;socially acceptable early death,&#8220; and the government press fell all over him. Such a thing cannot afford today in the verhetzten climate a lanes. The fact remains, however, that the increase in capital only takes place through the dependent employee in the work process, to which the pensioner can no longer contribute.<\/p>\n\n\n\n<p>It is impossible for an economic recovery to occur under 3G or even 2G. However, under these circumstances, the government can tighten its grip, create one panic after another and prevent a threat to the rule structure.<\/p>\n\n\n\n<hr class=\"wp-block-separator\"\/>\n\n\n\n<p><strong>NORBERT H\u00c4RING:<\/strong><\/p>\n\n\n\n<figure class=\"wp-block-embed is-type-wp-embed is-provider-geld-und-mehr wp-block-embed-geld-und-mehr\"><div class=\"wp-block-embed__wrapper\">\n<blockquote class=\"wp-embedded-content\" data-secret=\"RTkhUanzE5\"><a href=\"https:\/\/norberthaering.de\/news\/2g-werbebroschuere-lamberti\/\">Wer f\u00fcr die 2G-Werbebrosch\u00fcre des RKI voller T\u00e4uschungen verantwortlich zeichnet<\/a><\/blockquote><iframe loading=\"lazy\" class=\"wp-embedded-content\" sandbox=\"allow-scripts\" security=\"restricted\" style=\"position: absolute; clip: rect(1px, 1px, 1px, 1px);\" title=\"&#8222;Wer f\u00fcr die 2G-Werbebrosch\u00fcre des RKI voller T\u00e4uschungen verantwortlich zeichnet&#8220; &#8212; Geld und mehr\" src=\"https:\/\/norberthaering.de\/news\/2g-werbebroschuere-lamberti\/embed\/#?secret=w0vN06y2ZB#?secret=RTkhUanzE5\" data-secret=\"RTkhUanzE5\" width=\"317\" height=\"200\" frameborder=\"0\" marginwidth=\"0\" marginheight=\"0\" scrolling=\"no\"><\/iframe>\n<\/div><\/figure>\n\n\n\n<hr class=\"wp-block-separator\"\/>\n\n\n\n<figure class=\"wp-block-embed is-type-wp-embed is-provider-rumble-com wp-block-embed-rumble-com\"><div class=\"wp-block-embed__wrapper\">\n<iframe loading=\"lazy\" class=\"wp-embedded-content\" sandbox=\"allow-scripts\" security=\"restricted\" title=\"Prof. Dr. McCullough h\u00e4lt aufsehenerregende Rede zum Impfstoff.\" src=\"https:\/\/rumble.com\/embed\/vktwqj\/?pub=4#?secret=wJmmU2nW2r\" data-secret=\"wJmmU2nW2r\" width=\"854\" height=\"480\" frameborder=\"0\"><\/iframe>\n<\/div><\/figure>\n\n\n\n<hr class=\"wp-block-separator\"\/>\n","protected":false,"gt_translate_keys":[{"key":"rendered","format":"html"}]},"excerpt":{"rendered":"<p>So dreist manipulieren die Medien: Gerade erst wird der wirtschaftliche Abschwung nach und nach sichtbar, die Lieferengp\u00e4sse nehmen zu, die Arbeitslosigkeit steigt an und die Inflation nimmt Fahrt auf, aber&hellip;<\/p>\n","protected":false,"gt_translate_keys":[{"key":"rendered","format":"html"}]},"author":1,"featured_media":0,"comment_status":"open","ping_status":"open","sticky":false,"template":"","format":"standard","meta":{"footnotes":""},"categories":[11,13],"tags":[642,385,304],"class_list":["post-3148","post","type-post","status-publish","format-standard","hentry","category-politik","category-wirtschaft","tag-aufschwung","tag-corona-krise","tag-klimawandel"],"gt_translate_keys":[{"key":"link","format":"url"}],"_links":{"self":[{"href":"https:\/\/andreastriebel.de\/index.php?rest_route=\/wp\/v2\/posts\/3148","targetHints":{"allow":["GET"]}}],"collection":[{"href":"https:\/\/andreastriebel.de\/index.php?rest_route=\/wp\/v2\/posts"}],"about":[{"href":"https:\/\/andreastriebel.de\/index.php?rest_route=\/wp\/v2\/types\/post"}],"author":[{"embeddable":true,"href":"https:\/\/andreastriebel.de\/index.php?rest_route=\/wp\/v2\/users\/1"}],"replies":[{"embeddable":true,"href":"https:\/\/andreastriebel.de\/index.php?rest_route=%2Fwp%2Fv2%2Fcomments&post=3148"}],"version-history":[{"count":13,"href":"https:\/\/andreastriebel.de\/index.php?rest_route=\/wp\/v2\/posts\/3148\/revisions"}],"predecessor-version":[{"id":3164,"href":"https:\/\/andreastriebel.de\/index.php?rest_route=\/wp\/v2\/posts\/3148\/revisions\/3164"}],"wp:attachment":[{"href":"https:\/\/andreastriebel.de\/index.php?rest_route=%2Fwp%2Fv2%2Fmedia&parent=3148"}],"wp:term":[{"taxonomy":"category","embeddable":true,"href":"https:\/\/andreastriebel.de\/index.php?rest_route=%2Fwp%2Fv2%2Fcategories&post=3148"},{"taxonomy":"post_tag","embeddable":true,"href":"https:\/\/andreastriebel.de\/index.php?rest_route=%2Fwp%2Fv2%2Ftags&post=3148"}],"curies":[{"name":"wp","href":"https:\/\/api.w.org\/{rel}","templated":true}]}}