{"id":319,"date":"2017-09-23T18:40:20","date_gmt":"2017-09-23T18:40:20","guid":{"rendered":"http:\/\/andreastriebel.de\/?p=319"},"modified":"2017-09-23T18:41:52","modified_gmt":"2017-09-23T18:41:52","slug":"martin-schulz-hatte-keine-chance","status":"publish","type":"post","link":"https:\/\/andreastriebel.de\/?p=319","title":{"rendered":"Martin Schulz hatte keine Chance","gt_translate_keys":[{"key":"rendered","format":"text"}]},"content":{"rendered":"<p>weil Sigmar Gabriel ihn zu sp\u00e4t ans Ruder gelassen hat. An jedem SPD- Kandidaten klebt noch immer der h\u00e4ssliche Geruch der Schr\u00f6derschen\u00a0 Hartz- Gesetze, der Befristung von Arbeitsverh\u00e4ltnissen und der Mini- Jobs, alles Reformen f\u00fcr die Schr\u00f6der und Fischer noch heute Beifall von Arbeitgeberseite bekommen. Die SPD- Basis aber glaubt ihren Funktion\u00e4ren nicht mehr, nachdem sie so schamlos betrogen wurde.<\/p>\n<p>Da rackert sich Schulz im Wahlkampf ab, aber seine Partei ist ja f\u00fcr die Misere der unteren Schichten verantwortlich. Eine Abkehr von der Schr\u00f6der- Agenda w\u00fcrde man Schulz wohl abnehmen, aber er durfte sich nicht ausdr\u00fccklich distanzieren. So bleibt eine Skepsis in der SPD- Stammw\u00e4hlerschaft; die Partei muss erst noch viele Madate verlieren und noch mehr Funktion\u00e4rsposten abgeben und so der rechte Fl\u00fcgel geschw\u00e4cht werden, bevor die Partei wieder glaubw\u00fcrdig sozialdemokratische Politik macht.<\/p>\n<p>Schon reden sie wieder von gro\u00dfer Koalition; welchen SPD- W\u00e4hler will man so hinter dem Ofen hervorlocken?<\/p>\n","protected":false,"gt_translate_keys":[{"key":"rendered","format":"html"}]},"excerpt":{"rendered":"<p>weil Sigmar Gabriel ihn zu sp\u00e4t ans Ruder gelassen hat. An jedem SPD- Kandidaten klebt noch immer der h\u00e4ssliche Geruch der Schr\u00f6derschen\u00a0 Hartz- Gesetze, der Befristung von Arbeitsverh\u00e4ltnissen und der&hellip;<\/p>\n","protected":false,"gt_translate_keys":[{"key":"rendered","format":"html"}]},"author":1,"featured_media":0,"comment_status":"open","ping_status":"open","sticky":false,"template":"","format":"standard","meta":{"footnotes":""},"categories":[11],"tags":[133,134,70,15],"class_list":["post-319","post","type-post","status-publish","format-standard","hentry","category-politik","tag-hartz-gesetze","tag-mini-jobs","tag-schroeder-fischer-agenda","tag-spd"],"gt_translate_keys":[{"key":"link","format":"url"}],"_links":{"self":[{"href":"https:\/\/andreastriebel.de\/index.php?rest_route=\/wp\/v2\/posts\/319","targetHints":{"allow":["GET"]}}],"collection":[{"href":"https:\/\/andreastriebel.de\/index.php?rest_route=\/wp\/v2\/posts"}],"about":[{"href":"https:\/\/andreastriebel.de\/index.php?rest_route=\/wp\/v2\/types\/post"}],"author":[{"embeddable":true,"href":"https:\/\/andreastriebel.de\/index.php?rest_route=\/wp\/v2\/users\/1"}],"replies":[{"embeddable":true,"href":"https:\/\/andreastriebel.de\/index.php?rest_route=%2Fwp%2Fv2%2Fcomments&post=319"}],"version-history":[{"count":1,"href":"https:\/\/andreastriebel.de\/index.php?rest_route=\/wp\/v2\/posts\/319\/revisions"}],"predecessor-version":[{"id":320,"href":"https:\/\/andreastriebel.de\/index.php?rest_route=\/wp\/v2\/posts\/319\/revisions\/320"}],"wp:attachment":[{"href":"https:\/\/andreastriebel.de\/index.php?rest_route=%2Fwp%2Fv2%2Fmedia&parent=319"}],"wp:term":[{"taxonomy":"category","embeddable":true,"href":"https:\/\/andreastriebel.de\/index.php?rest_route=%2Fwp%2Fv2%2Fcategories&post=319"},{"taxonomy":"post_tag","embeddable":true,"href":"https:\/\/andreastriebel.de\/index.php?rest_route=%2Fwp%2Fv2%2Ftags&post=319"}],"curies":[{"name":"wp","href":"https:\/\/api.w.org\/{rel}","templated":true}]}}