{"id":3285,"date":"2021-11-24T15:48:09","date_gmt":"2021-11-24T14:48:09","guid":{"rendered":"http:\/\/andreastriebel.de\/?p=3285"},"modified":"2021-11-25T12:20:18","modified_gmt":"2021-11-25T11:20:18","slug":"was-ist-los-in-baden-wuerttemberg","status":"publish","type":"post","link":"https:\/\/andreastriebel.de\/?p=3285","title":{"rendered":"Was ist los in Baden- W\u00fcrttemberg?","gt_translate_keys":[{"key":"rendered","format":"text"}]},"content":{"rendered":"\n<p>I<strong>st dort Gr\u00fcn die Tarnfarbe f\u00fcr neofaschistisches Denken? Braun w\u00e4re wohl zu verr\u00e4terisch.&nbsp; Unter gr\u00fcner  Tarnung fordert der Studienrat im Amt des Ministerpr\u00e4sidenten die Ausdehnung des Impfzwangs. Und ein Arzt im Amt des obersten Kassenarztfunktion\u00e4rs fordert den unmittelbaren Zwang zur Anwendung der Injektionen.<\/strong><\/p>\n\n\n\n<p>Gewisse Parallelen zu vergangenen Zeiten in Deutschland fallen jedem auf, der noch klar denken kann. Unisono verschweigen Fernsehen und Presse die t\u00f6dlichen Gefahren und die vielen durch die Injektionen Gestorbenen. Die vielen Herzinfarkte und Schlaganf\u00e4lle, welche die Menschen \u00fcberlebt haben, werden geleugnet. Die Kinder, die durch die Spritzen umgebracht wurden, sind offenbar nicht der Rede wert.<\/p>\n\n\n\n<p>Was ist das&nbsp; f\u00fcr eine Kirche, die sich nicht&nbsp; vor die Armen und Verfolgten stellt? Anscheinend hat der Reichtum die Moral untergraben.<\/p>\n\n\n\n<p>Mit aller Macht arbeiten die wohlhabenden Schichten und ihre politische Vertretung an der Erhaltung ihrer Privilegien. Lieber rei\u00dfen sie alle mit in den Abgrund, als ihre Macht abzugeben.<\/p>\n\n\n\n<p>Die Unterwerfung kann so aber nicht gelingen. Der Impfterror unter dem Vorwand der Solidarit\u00e4t wird als das wahrgenommen, was&nbsp; er ist, ein politisches Instrument zur Manipulation der Bev\u00f6lkerung.<\/p>\n\n\n\n<p>Bouffier, Ministerpr\u00e4sident von Hessen, hat schon angedeutet, was geplant ist: Die regelm\u00e4\u00dfigen \u201eWellen\u201c k\u00f6nnen nur durch regelm\u00e4\u00dfige \u201eImpfungen\u201c gebrochen werden. Da es rund einhundert Atemwegsviren gibt, kann man sich vorstellen, welche Perspektive dieser Mann hat. Eine fortgesetzte Genmanipulation w\u00fcrde tats\u00e4chlich einen neuen Typus des Menschen hervor bringen. Dass die augenblickliche Funktion\u00e4rsriege davon profitieren w\u00fcrde, ist eher unwahrscheinlich. Deshalb kann man sich vorstellen, dass die Politmafia, bevor sie abtritt, das gesellschaftliche Gef\u00fcge in die Luft sprengt. Sie ist dabei schon weit fortgeschritten.<\/p>\n\n\n\n<figure class=\"wp-block-image size-large\"><img loading=\"lazy\" decoding=\"async\" width=\"1024\" height=\"597\" src=\"https:\/\/andreastriebel.de\/wp-content\/uploads\/2021\/11\/photo_2021-11-25_12-16-38-1024x597.jpg\" alt=\"\" class=\"wp-image-3295\" srcset=\"https:\/\/andreastriebel.de\/wp-content\/uploads\/2021\/11\/photo_2021-11-25_12-16-38-1024x597.jpg 1024w, https:\/\/andreastriebel.de\/wp-content\/uploads\/2021\/11\/photo_2021-11-25_12-16-38-300x175.jpg 300w, https:\/\/andreastriebel.de\/wp-content\/uploads\/2021\/11\/photo_2021-11-25_12-16-38-768x448.jpg 768w, https:\/\/andreastriebel.de\/wp-content\/uploads\/2021\/11\/photo_2021-11-25_12-16-38.jpg 1280w\" sizes=\"auto, (max-width: 1024px) 100vw, 1024px\" \/><\/figure>\n\n\n\n<hr class=\"wp-block-separator\"\/>\n\n\n\n<p>Is green the camouflage color for neo-fascist thinking there? Brown would probably be too treacherous. Under green camouflage, the student councilor in the office of the prime minister demands the extension of compulsory vaccination. And a physician in the office of the highest cash physician functionary demands the direct compulsion to the application of the injections&#8230;.<\/p>\n","protected":false,"gt_translate_keys":[{"key":"rendered","format":"html"}]},"excerpt":{"rendered":"<p>Ist dort Gr\u00fcn die Tarnfarbe f\u00fcr neofaschistisches Denken? Braun w\u00e4re wohl zu verr\u00e4terisch.&nbsp; Unter gr\u00fcner Tarnung fordert der Studienrat im Amt des Ministerpr\u00e4sidenten die Ausdehnung des Impfzwangs. Und ein Arzt&hellip;<\/p>\n","protected":false,"gt_translate_keys":[{"key":"rendered","format":"html"}]},"author":1,"featured_media":0,"comment_status":"open","ping_status":"open","sticky":false,"template":"","format":"standard","meta":{"footnotes":""},"categories":[11],"tags":[385,652,483],"class_list":["post-3285","post","type-post","status-publish","format-standard","hentry","category-politik","tag-corona-krise","tag-genmanipulation","tag-impfzwang"],"gt_translate_keys":[{"key":"link","format":"url"}],"_links":{"self":[{"href":"https:\/\/andreastriebel.de\/index.php?rest_route=\/wp\/v2\/posts\/3285","targetHints":{"allow":["GET"]}}],"collection":[{"href":"https:\/\/andreastriebel.de\/index.php?rest_route=\/wp\/v2\/posts"}],"about":[{"href":"https:\/\/andreastriebel.de\/index.php?rest_route=\/wp\/v2\/types\/post"}],"author":[{"embeddable":true,"href":"https:\/\/andreastriebel.de\/index.php?rest_route=\/wp\/v2\/users\/1"}],"replies":[{"embeddable":true,"href":"https:\/\/andreastriebel.de\/index.php?rest_route=%2Fwp%2Fv2%2Fcomments&post=3285"}],"version-history":[{"count":4,"href":"https:\/\/andreastriebel.de\/index.php?rest_route=\/wp\/v2\/posts\/3285\/revisions"}],"predecessor-version":[{"id":3297,"href":"https:\/\/andreastriebel.de\/index.php?rest_route=\/wp\/v2\/posts\/3285\/revisions\/3297"}],"wp:attachment":[{"href":"https:\/\/andreastriebel.de\/index.php?rest_route=%2Fwp%2Fv2%2Fmedia&parent=3285"}],"wp:term":[{"taxonomy":"category","embeddable":true,"href":"https:\/\/andreastriebel.de\/index.php?rest_route=%2Fwp%2Fv2%2Fcategories&post=3285"},{"taxonomy":"post_tag","embeddable":true,"href":"https:\/\/andreastriebel.de\/index.php?rest_route=%2Fwp%2Fv2%2Ftags&post=3285"}],"curies":[{"name":"wp","href":"https:\/\/api.w.org\/{rel}","templated":true}]}}