{"id":3439,"date":"2022-01-12T17:37:42","date_gmt":"2022-01-12T16:37:42","guid":{"rendered":"http:\/\/andreastriebel.de\/?p=3439"},"modified":"2022-01-13T20:31:55","modified_gmt":"2022-01-13T19:31:55","slug":"eine-unsolidarische-gesellschaft","status":"publish","type":"post","link":"https:\/\/andreastriebel.de\/?p=3439","title":{"rendered":"Eine unsolidarische Gesellschaft","gt_translate_keys":[{"key":"rendered","format":"text"}]},"content":{"rendered":"\n<p><strong>Solidarit\u00e4t mit alten und kranken Menschen, ja, das w\u00e4re wirklich ein Ziel in unserer Leistungsgesellschaft.<\/strong><\/p>\n\n\n\n<p>Unsere Regierung verbreitet solche Begriffe und macht aber genau das Gegenteil:<\/p>\n\n\n\n<ul class=\"wp-block-list\"><li>V\u00f6llig kalt reden sie von \u00dcberbelegung, die sie vermeiden wollen, w\u00e4hrend sie gleichzeitig ein Krankenhaus nach dem anderen schlie\u00dfen.<\/li><li>Die Intensivstationen d\u00fcrften nicht \u00fcberlastet werden, gleichzeitig vermindern sie aber die Bettenzahl.<\/li><li>Die Leistungen der Pfleger loben sie, aber die Reall\u00f6hne sinken und sinken.<\/li><li>In den Altersheimen werden die alten Menschen so \u201egesch\u00fctzt\u201c, dass sie vor Gram und Einsamkeit sterben.<\/li><li>Sie reden von impfen, verabreichen aber Giftinjektionen.<\/li><li>Weltweit hat die Grippewelle die gleiche Zahl an Todesopfern gefordert wie jedes Jahr, aber seit Impfbeginn steigt die Zahl der Impfopfer und ein Ende ist nicht abzusehen.<\/li><li>Sie reden von Impfpflicht, meinen aber Impferpressung<\/li><li>Das Pflegepersonal bekommt die katastrophalen Wirkungen der Injektionen hautnah mit und weigert sich in gro\u00dfer Zahl, sich dem Impfregime zu unterwerfen.<\/li><li>Vor der Wahl leisten sie Zahlungen an Unternehmer und Selbstst\u00e4ndige und nach der Wahl fordern sie sie zur\u00fcck<\/li><li>Vor der Wahl geloben sie keinen Impfzwang einzuf\u00fchren und nach der Wahl sagt ihnen ihr Gewissen pl\u00f6tzlich das Gegenteil.<\/li><li>Offiziell sollen ihre Institute die Impfsch\u00e4den und Impftoten registrieren, tats\u00e4chlich t\u00e4uschen und tricksen sie und verheimlichen die wirklichen Zahlen.<\/li><li>Offiziell \u00fcbersch\u00fctten sie das ahnungslose Publikum mit Zahlen von \u201eInfizierten\u201c; was das aber bedeutet, dar\u00fcber wird nicht aufgekl\u00e4rt.<\/li><li>Offiziell soll der PCR- Test Auskunft \u00fcber Infektionen geben, aber der amerikanische Senat musste Dr. Fauci zwingen, zuzugeben, dass der Test keineswegs eine Aussage \u00fcber Infektionen macht.<\/li><li>Offiziell sollen Maskierung, Teste und Impfungen von Kindern sch\u00fctzen, tats\u00e4chlich haben sie nur t\u00f6dliche Impfopfer hervorgebracht.<\/li><li>Sie schw\u00e4tzen von Demokratie, wollten aber heute die \u00c4rztin Dr. Javid Kistel verhaften und in ein Quarant\u00e4nelager stecken (Sie konnte rechtzeitig fliehen).<\/li><\/ul>\n\n\n\n<hr class=\"wp-block-separator\"\/>\n\n\n\n<figure class=\"wp-block-image size-large\"><img loading=\"lazy\" decoding=\"async\" width=\"1024\" height=\"682\" src=\"https:\/\/andreastriebel.de\/wp-content\/uploads\/2022\/01\/photo_2022-01-13_20-26-21-1024x682.jpg\" alt=\"\" class=\"wp-image-3442\" srcset=\"https:\/\/andreastriebel.de\/wp-content\/uploads\/2022\/01\/photo_2022-01-13_20-26-21-1024x682.jpg 1024w, https:\/\/andreastriebel.de\/wp-content\/uploads\/2022\/01\/photo_2022-01-13_20-26-21-300x200.jpg 300w, https:\/\/andreastriebel.de\/wp-content\/uploads\/2022\/01\/photo_2022-01-13_20-26-21-768x512.jpg 768w, https:\/\/andreastriebel.de\/wp-content\/uploads\/2022\/01\/photo_2022-01-13_20-26-21.jpg 1280w\" sizes=\"auto, (max-width: 1024px) 100vw, 1024px\" \/><\/figure>\n","protected":false,"gt_translate_keys":[{"key":"rendered","format":"html"}]},"excerpt":{"rendered":"<p>Solidarit\u00e4t mit alten und kranken Menschen, ja, das w\u00e4re wirklich ein Ziel in unserer Leistungsgesellschaft. Unsere Regierung verbreitet solche Begriffe und macht aber genau das Gegenteil: V\u00f6llig kalt reden sie&hellip;<\/p>\n","protected":false,"gt_translate_keys":[{"key":"rendered","format":"html"}]},"author":1,"featured_media":0,"comment_status":"open","ping_status":"open","sticky":false,"template":"","format":"standard","meta":{"footnotes":""},"categories":[45,11],"tags":[385,454,545],"class_list":["post-3439","post","type-post","status-publish","format-standard","hentry","category-gesellschaft","category-politik","tag-corona-krise","tag-pcr-test","tag-solidaritaet"],"gt_translate_keys":[{"key":"link","format":"url"}],"_links":{"self":[{"href":"https:\/\/andreastriebel.de\/index.php?rest_route=\/wp\/v2\/posts\/3439","targetHints":{"allow":["GET"]}}],"collection":[{"href":"https:\/\/andreastriebel.de\/index.php?rest_route=\/wp\/v2\/posts"}],"about":[{"href":"https:\/\/andreastriebel.de\/index.php?rest_route=\/wp\/v2\/types\/post"}],"author":[{"embeddable":true,"href":"https:\/\/andreastriebel.de\/index.php?rest_route=\/wp\/v2\/users\/1"}],"replies":[{"embeddable":true,"href":"https:\/\/andreastriebel.de\/index.php?rest_route=%2Fwp%2Fv2%2Fcomments&post=3439"}],"version-history":[{"count":4,"href":"https:\/\/andreastriebel.de\/index.php?rest_route=\/wp\/v2\/posts\/3439\/revisions"}],"predecessor-version":[{"id":3447,"href":"https:\/\/andreastriebel.de\/index.php?rest_route=\/wp\/v2\/posts\/3439\/revisions\/3447"}],"wp:attachment":[{"href":"https:\/\/andreastriebel.de\/index.php?rest_route=%2Fwp%2Fv2%2Fmedia&parent=3439"}],"wp:term":[{"taxonomy":"category","embeddable":true,"href":"https:\/\/andreastriebel.de\/index.php?rest_route=%2Fwp%2Fv2%2Fcategories&post=3439"},{"taxonomy":"post_tag","embeddable":true,"href":"https:\/\/andreastriebel.de\/index.php?rest_route=%2Fwp%2Fv2%2Ftags&post=3439"}],"curies":[{"name":"wp","href":"https:\/\/api.w.org\/{rel}","templated":true}]}}