{"id":3448,"date":"2022-01-16T09:19:49","date_gmt":"2022-01-16T08:19:49","guid":{"rendered":"http:\/\/andreastriebel.de\/?p=3448"},"modified":"2022-01-16T09:19:51","modified_gmt":"2022-01-16T08:19:51","slug":"sie-ruinieren-unsere-sozialen-einrichtungen","status":"publish","type":"post","link":"https:\/\/andreastriebel.de\/?p=3448","title":{"rendered":"Sie ruinieren unsere sozialen Einrichtungen","gt_translate_keys":[{"key":"rendered","format":"text"}]},"content":{"rendered":"\n<p><strong>Die Krankenh\u00e4user werden kaputtgespart. Eines nach den anderen wird geschlossen.<\/strong><\/p>\n\n\n\n<p>Obwohl durch die r\u00fccksichtslose Politik ein gro\u00dfer Bedarf an psychiatrischer Versorgung besteht, werden die H\u00e4user geschlossen. Die Kinderpsychiatrie leidet stark. Auch die allgemeine Versorgung wird ausged\u00fcnnt oder einzelne Abteilungen werden gleich ganz geschlossen. Das Personal wird entlassen oder in Kurzarbeit geschuckt.&nbsp; Und mit der Impfpflicht nimmt der Personalmangel rasch zu. Das wird nicht sofort sichtbar, weil auch die Nachfrage abnimmt. Die Patienten haben Angst vor der Zwangsimpfung und meiden die H\u00e4user. Da Besuche der Angeh\u00f6rigen gar nicht oder nur sehr eingeschr\u00e4nkt m\u00f6glich sind, wollen viele kranke Menschen lieber zuhause gepflegt werden.<\/p>\n\n\n\n<p>F\u00fcr die Aufnahme in Altersheimen gibt es pl\u00f6tzlich keine Wartezeiten mehr. Viel Bewohner sterben durch die Zwangsimpfungen und Angeh\u00f6rige nehmen lieber die anstrengende Pflege auf sich, als ihre Eltern oder Gro\u00dfeltern dem t\u00f6dlichen Risiko der Spritzen auszusetzen.<\/p>\n\n\n\n<p>Das ist der Regierung nur recht. Nur auf diese Weise k\u00f6nnen sie dem sozialen Bereich die Mittel entziehen. Gnadenlos geht auch die Diakonie vor und verlangt von ihren Angestellten &nbsp;Leib und Leben aufs Spiel zu setzen und sich dem Impfterror zu unterwerfen. &nbsp;Vielen, die auf das Einkommen verzichten k\u00f6nnen, ist aber ihr Leben und ihre Gesundheit wichtiger. Sie werden nie mehr in den Beruf zur\u00fcckkehren. So s\u00e4gt die Diakonie wie auch andere Einrichtungen den Ast ab, auf dem sie sitzt.<\/p>\n\n\n\n<p>Die Aufr\u00fcstung der Bundeswehr, um die Drohkulisse gegen Russland aufzubauen, kostet viele Milliarden und die Atomkraftwerke wieder in Betrieb zu setzen erfordert viel Kapital. Um das aufzutreiben, gibt es im sozialen Bereich den geringsten Widerstand.<\/p>\n\n\n\n<p>Da ist es den Konzernen gleichg\u00fcltig, ob Annalena, der korrupte Olaf oder der geschw\u00e4tzige Lindner den Kanzler geben, ihr Programm wird durchgezogen. Die Mainstream- Medien werden es schon richten. Notfalls helfen ein paar Millionen f\u00fcr den \u201eSpiegel\u201c oder die \u201eS\u00fcddeutsche\u201c. So h\u00e4lt man sie auf Kurs. Diese beauftragen ihre Edelfedern die Impfkampagne, die Aufr\u00fcstung oder was sonst noch Profit erbringt, voranzutreiben. \u00a0Ein Lothar M\u00fcller bem\u00fcht sich dann mit sch\u00f6ngeistiger Betrachtung die fortschreitende Faschisierung zu bem\u00e4nteln und macht doch nur deutlich, wie das gehobene B\u00fcrgertum um seine Privilegien bangt und sich vom Rest der Gesellschaft abhebt.<\/p>\n\n\n\n<ul class=\"wp-block-list\"><li>Sie glauben, sich nicht l\u00e4cherlich zu machen, wenn sie dem anschwellenden Widerstand des Volkes Antisemitismus unterstellen, w\u00e4hrend sie doch nur ihren eigenen Rassismus hinter diesem Vorwurf verstecken.<\/li><li>Sie sprechen von Coronaleugnern, w\u00e4hrend sie selbst die hunderttausende von Impftoten leugnen.<\/li><li>Sie glauben, ihre Gegner als Aluhuttr\u00e4ger bezeichnen zu k\u00f6nnen, w\u00e4hrend ihnen selbst die wissenschaftlichen Erkenntnisse tabu sind.<\/li><li>Sie beschw\u00f6ren den Aufschwung, w\u00e4hrend eine ganze Klasse von Kleinunternehmern in die Insolvenz rutscht. Das klingt wie das Pfeifen im Walde.<\/li><li>Ein gewisser Herr W\u00fcst bezeichnet das soziale Harakiri als Schlamassel und zeigt damit, dass er dieser gr\u00f6\u00dften Katastrophe seit dem zweiten Weltkrieg nicht gewachsen ist.<\/li><\/ul>\n","protected":false,"gt_translate_keys":[{"key":"rendered","format":"html"}]},"excerpt":{"rendered":"<p>Die Krankenh\u00e4user werden kaputtgespart. Eines nach den anderen wird geschlossen. Obwohl durch die r\u00fccksichtslose Politik ein gro\u00dfer Bedarf an psychiatrischer Versorgung besteht, werden die H\u00e4user geschlossen. Die Kinderpsychiatrie leidet stark.&hellip;<\/p>\n","protected":false,"gt_translate_keys":[{"key":"rendered","format":"html"}]},"author":1,"featured_media":0,"comment_status":"open","ping_status":"open","sticky":false,"template":"","format":"standard","meta":{"footnotes":""},"categories":[45,11],"tags":[668,670,385,669,483,452],"class_list":["post-3448","post","type-post","status-publish","format-standard","hentry","category-gesellschaft","category-politik","tag-altersheime","tag-atomkraftwerke","tag-corona-krise","tag-diakonie","tag-impfzwang","tag-krankenhaeuser"],"gt_translate_keys":[{"key":"link","format":"url"}],"_links":{"self":[{"href":"https:\/\/andreastriebel.de\/index.php?rest_route=\/wp\/v2\/posts\/3448","targetHints":{"allow":["GET"]}}],"collection":[{"href":"https:\/\/andreastriebel.de\/index.php?rest_route=\/wp\/v2\/posts"}],"about":[{"href":"https:\/\/andreastriebel.de\/index.php?rest_route=\/wp\/v2\/types\/post"}],"author":[{"embeddable":true,"href":"https:\/\/andreastriebel.de\/index.php?rest_route=\/wp\/v2\/users\/1"}],"replies":[{"embeddable":true,"href":"https:\/\/andreastriebel.de\/index.php?rest_route=%2Fwp%2Fv2%2Fcomments&post=3448"}],"version-history":[{"count":1,"href":"https:\/\/andreastriebel.de\/index.php?rest_route=\/wp\/v2\/posts\/3448\/revisions"}],"predecessor-version":[{"id":3449,"href":"https:\/\/andreastriebel.de\/index.php?rest_route=\/wp\/v2\/posts\/3448\/revisions\/3449"}],"wp:attachment":[{"href":"https:\/\/andreastriebel.de\/index.php?rest_route=%2Fwp%2Fv2%2Fmedia&parent=3448"}],"wp:term":[{"taxonomy":"category","embeddable":true,"href":"https:\/\/andreastriebel.de\/index.php?rest_route=%2Fwp%2Fv2%2Fcategories&post=3448"},{"taxonomy":"post_tag","embeddable":true,"href":"https:\/\/andreastriebel.de\/index.php?rest_route=%2Fwp%2Fv2%2Ftags&post=3448"}],"curies":[{"name":"wp","href":"https:\/\/api.w.org\/{rel}","templated":true}]}}