{"id":3494,"date":"2022-02-18T21:31:09","date_gmt":"2022-02-18T20:31:09","guid":{"rendered":"http:\/\/andreastriebel.de\/?p=3494"},"modified":"2022-02-18T21:41:48","modified_gmt":"2022-02-18T20:41:48","slug":"niels-hoegel-und-der-selbstgerechte-zeigefinger","status":"publish","type":"post","link":"https:\/\/andreastriebel.de\/?p=3494","title":{"rendered":"Niels H\u00f6gel und der selbstgerechte Zeigefinger","gt_translate_keys":[{"key":"rendered","format":"text"}]},"content":{"rendered":"\n<p><\/p>\n\n\n\n<p><em>But this should only apply to the lone perpetrator. If the political class carries out a radical killing program on its subordinates, then one should not become suspicious. Then the journalistic arm of the class places itself protectively in front of it and finds all kinds of justifications: &#8222;deadly epidemic, the dying of the elderly, the overburdened inte<\/em>nsive<em> care units,&#8220; and so on.<\/em><\/p>\n\n\n\n<p>Annette Ramelsberger: (S\u00fcddeutsche 18.02.22)<\/p>\n\n\n\n<p>\u201e<em>Gestandene Ober\u00e4rzte stellten sich lieber dumm, als einen Hauch von Verantwortung zuzugeben. Nat\u00fcrlich traut niemand den eigenen Kollegen Serienmord an Patienten zu. Man ist schlie\u00dflich im Krankenhaus, nicht im Krimi. Aber muss man nicht hellh\u00f6rig werden, wenn unter den Kollegen vom \u201eSensenmann\u201c H\u00f6gel gemunkelt wird, wenn der Verbrauch eines Herzmedikaments um 700 Prozent steigt, wenn die Todesrate auf der Station hochschnellt? Wo schl\u00e4gt Nichtstun in Vorsatz um? Denn man muss die Morde nicht wollen, um schuldig zu werden. Es reicht, sie in Kauf zu nehmen: um keinen \u00c4rger zu riskieren oder dem Ruf der Klinik nicht zu schaden. Wer das zu Ma\u00dfstab seines Handelns macht, setzt das Leben von Patienten aufs Spiel. Man nennt den bedingten Vorsatz und der ist strafbar<\/em>.<\/p>\n\n\n\n<p><em>Es sind nicht nur die Klinikmitarbeiter, die bis heute kaum Verantwortung auf sich nehmen. Nicht angeklagt sind die Staatsanw\u00e4lte, die das Verfahren verschleppten und es den Angeh\u00f6rigen der Opfer \u00fcberlie\u00dfen, um eine Aufkl\u00e4rung zu k\u00e4mpfen.\u201c<\/em><\/p>\n\n\n\n<p><strong>Ja, man muss hellh\u00f6rig werden<\/strong>!<\/p>\n\n\n\n<p>Das soll aber nur f\u00fcr den Einzelt\u00e4ter gelten. Wenn die politische Klasse an ihren Untergeben ein radikales T\u00f6tungsprogramm durchzieht, dann soll man nicht misstrauisch werden. Dann stellt sich der journalistische Arm der Klasse sch\u00fctzend davor und findet allerhand Rechtfertigungen:&#8220;t\u00f6dliche Seuche, das Sterben der Alten, die \u00fcberlasteten Intensivstationen&#8220; usw.<\/p>\n\n\n\n<p>Ganz kaltbl\u00fctig verschweigen sie die vielen Todesopfer durch die Injektionen, dass Leeren der Altersheime, das permanente Schlie\u00dfen der Krankenh\u00e4user, die Millionen Schwerbehinderten, die Todesserie bei den Sportlern und die zu Tode gespritzten Kinder.<\/p>\n\n\n\n<p>Und damit es nicht zu auff\u00e4llig wird, regen sie sich \u00fcber einen Einzelt\u00e4ter auf, es soll blo\u00df nicht offenbar werden, wie die Versorgung der Alten und Kranken vernachl\u00e4ssigt ist. Ein korrupter Bankmanager wird herausgegriffen, aber das korrupte System (Cum- Ex) soll nicht angetastet werden. Gelegentlich kommen die Geldstr\u00f6me an einen Politiker ans Tageslicht, aber das wird dann als Ausnahme geschildert.<\/p>\n\n\n\n<p> Und die Millionen, die B. Gates an den \u201eSpiegel\u201c und die \u201eS\u00fcddeutsche\u201c gezahlt hat, werden sorgf\u00e4ltig verschwiegen. Wer genug Geld hat, wird dann als Philanthrop bezeichnet oder er ist ein braver Funktion\u00e4r wie der Kanzler, dann wird die Korruption gro\u00dfz\u00fcgig unter den Teppichgekehrt. <\/p>\n\n\n\n<p>Und die Presse glaubt sich moralisch \u00fcberh\u00f6hen zu k\u00f6nnen, indem sie den einen Massenmord anklagt und den viel gr\u00f6\u00dferen rechtfertigt. Sie bezeichnen alle m\u00f6glichen Leute als Antisemiten, halten an Gedenktagen salbungsvolle Reden und meinen, dass sie so ihren eigenen Rassismus verbergen k\u00f6nnten.<\/p>\n\n\n\n<p>Sie verurteilen den Faschismus in anderen L\u00e4ndern, um ihn im eigenen Land umso ungest\u00f6rten durchsetzen zu k\u00f6nnen.<\/p>\n","protected":false,"gt_translate_keys":[{"key":"rendered","format":"html"}]},"excerpt":{"rendered":"<p>But this should only apply to the lone perpetrator. If the political class carries out a radical killing program on its subordinates, then one should not become suspicious. Then the&hellip;<\/p>\n","protected":false,"gt_translate_keys":[{"key":"rendered","format":"html"}]},"author":1,"featured_media":0,"comment_status":"open","ping_status":"open","sticky":false,"template":"","format":"standard","meta":{"footnotes":""},"categories":[45,11],"tags":[385,675],"class_list":["post-3494","post","type-post","status-publish","format-standard","hentry","category-gesellschaft","category-politik","tag-corona-krise","tag-niels-hoegel"],"gt_translate_keys":[{"key":"link","format":"url"}],"_links":{"self":[{"href":"https:\/\/andreastriebel.de\/index.php?rest_route=\/wp\/v2\/posts\/3494","targetHints":{"allow":["GET"]}}],"collection":[{"href":"https:\/\/andreastriebel.de\/index.php?rest_route=\/wp\/v2\/posts"}],"about":[{"href":"https:\/\/andreastriebel.de\/index.php?rest_route=\/wp\/v2\/types\/post"}],"author":[{"embeddable":true,"href":"https:\/\/andreastriebel.de\/index.php?rest_route=\/wp\/v2\/users\/1"}],"replies":[{"embeddable":true,"href":"https:\/\/andreastriebel.de\/index.php?rest_route=%2Fwp%2Fv2%2Fcomments&post=3494"}],"version-history":[{"count":7,"href":"https:\/\/andreastriebel.de\/index.php?rest_route=\/wp\/v2\/posts\/3494\/revisions"}],"predecessor-version":[{"id":3504,"href":"https:\/\/andreastriebel.de\/index.php?rest_route=\/wp\/v2\/posts\/3494\/revisions\/3504"}],"wp:attachment":[{"href":"https:\/\/andreastriebel.de\/index.php?rest_route=%2Fwp%2Fv2%2Fmedia&parent=3494"}],"wp:term":[{"taxonomy":"category","embeddable":true,"href":"https:\/\/andreastriebel.de\/index.php?rest_route=%2Fwp%2Fv2%2Fcategories&post=3494"},{"taxonomy":"post_tag","embeddable":true,"href":"https:\/\/andreastriebel.de\/index.php?rest_route=%2Fwp%2Fv2%2Ftags&post=3494"}],"curies":[{"name":"wp","href":"https:\/\/api.w.org\/{rel}","templated":true}]}}