{"id":3531,"date":"2022-03-11T20:48:19","date_gmt":"2022-03-11T19:48:19","guid":{"rendered":"http:\/\/andreastriebel.de\/?p=3531"},"modified":"2022-03-25T14:41:31","modified_gmt":"2022-03-25T13:41:31","slug":"der-ruhrpott-steht-auf","status":"publish","type":"post","link":"https:\/\/andreastriebel.de\/?p=3531","title":{"rendered":"Der Ruhrpott steht auf","gt_translate_keys":[{"key":"rendered","format":"text"}]},"content":{"rendered":"\n<p><em>Five thousand demonstrators marched through Herne last Sunday with banners and music.<\/em>..<\/p>\n\n\n\n<figure class=\"wp-block-image size-full\"><img loading=\"lazy\" decoding=\"async\" width=\"555\" height=\"311\" src=\"https:\/\/andreastriebel.de\/wp-content\/uploads\/2022\/03\/7476141388210129764.jpg\" alt=\"\" class=\"wp-image-3542\" srcset=\"https:\/\/andreastriebel.de\/wp-content\/uploads\/2022\/03\/7476141388210129764.jpg 555w, https:\/\/andreastriebel.de\/wp-content\/uploads\/2022\/03\/7476141388210129764-300x168.jpg 300w\" sizes=\"auto, (max-width: 555px) 100vw, 555px\" \/><figcaption>Die NATO k\u00e4mpft f\u00fcr den Frieden wie Pfizer und Biontech f\u00fcr die Gesundheit<\/figcaption><\/figure>\n\n\n\n<figure class=\"wp-block-image size-full is-resized\"><img loading=\"lazy\" decoding=\"async\" src=\"https:\/\/andreastriebel.de\/wp-content\/uploads\/2022\/03\/5599364824268602325.jpg\" alt=\"\" class=\"wp-image-3536\" width=\"567\" height=\"318\" srcset=\"https:\/\/andreastriebel.de\/wp-content\/uploads\/2022\/03\/5599364824268602325.jpg 555w, https:\/\/andreastriebel.de\/wp-content\/uploads\/2022\/03\/5599364824268602325-300x168.jpg 300w\" sizes=\"auto, (max-width: 567px) 100vw, 567px\" \/><\/figure>\n\n\n\n<p><strong>F\u00fcnftausend Demonstranten zogen am letzten Sonntag mit Transparenten und Musik durch Herne.<\/strong><\/p>\n\n\n\n<p>Trotz K\u00e4lte und Wind war gro\u00dfe Freude zu sp\u00fcren, dass sich auch die SPD- Stadt Herne nun besinnt. Die Menschen bef\u00fcrchten, dass ihnen das Wenige, das sie sich in langj\u00e4hriger Arbeit erspart haben, durch die Corona- Politik nun auch entzogen wird. Viele kleine Betriebe, nicht nur aus der Veranstaltungsbranche, m\u00fcssen alles aufgeben und v\u00f6llig neu anfangen. Aufgrund der inflation\u00e4ren Entwicklung werden die M\u00f6glichkeiten f\u00fcr einen wirtschaftlichen Betrieb immer geringer. Immer mehr Menschen sind auf Sozialhilfe angewiesen. Aber auch der normale Haushalt hat durch die gestiegenen Energiekosten weniger zur Verf\u00fcgung. Und jeder wei\u00df, dass es bei den Energiekosten nicht bleiben wird. Viele bef\u00fcrchten mit Recht, dass aus Kurzarbeit Arbeitslosigkeit werden wird. Wohin sollen denn die vielen in Deutschland produzierten Autos verkauft werden, wenn nicht nur Russland als Markt ausf\u00e4llt?<\/p>\n\n\n\n<p>Das Arbeitseinkommen sinkt in ganz Europa und die Gewerkschaften handeln Lohnerh\u00f6hungen von vier Prozent aus und feiern das als Erfolg, w\u00e4hrend die Preissteigerung mindestens sechs Prozent betr\u00e4gt.&nbsp; Und mit Waffenlieferungen in die Ukraine werden die Corona- Parteien den wirtschaftlichen Niedergang auch nicht aufhalten k\u00f6nnen.<\/p>\n\n\n\n<p>Der Anschlag auf die Menschenrechte durch die Corona- Parteien erzeugt Widerstand bis in die kleinsten St\u00e4dte hinein. Jede Woche finden in Deutschland \u00fcber zweitausend Demonstrationen statt. Verwaltungsgerichte und Innenministerien versuchen mit allen Mitteln den Widerstand klein zu halten, in Berlin werden sogar Wasserwerfer und Schl\u00e4gertrupps eingesetzt und die Propagandasender der Regierung und die Presse versuchen es mit Verleumdung.<\/p>\n\n\n\n<p>Aber der Geist ist aus der Flasche. Das Impfregime ist zu t\u00f6dlich; es trifft vorwiegend Alte und Kranke. Daher l\u00e4sst sich der Impfzwang auch nicht in den Krankenh\u00e4usern und in der Altenpflege durchsetzen. Viele dort T\u00e4tige erleben die Sch\u00e4den, welche die Injektionen anrichten und begreifen allm\u00e4hlich, dass die Todesf\u00e4lle am Arbeitsplatz und in der Verwandtschaft und Bekanntschaft keine Einzelf\u00e4lle sind. Nach der Archimedes- Statistik bringt ein Impfarzt, der f\u00fcnftausend Dosen verspritzt, durchschnittlich zwei Menschen um. Da die Chargen unterschiedliche Konzentrationen der Inhaltsstoffe aufweisen, kann die Zahl der Todesopfer auch wesentlich h\u00f6her sein. Viele sogenannte Vorerkrankte erliegen dieser Belastung. Auch die Zahl von acht Kindern, die durch die Spritze get\u00f6tet wurden, ist eine geh\u00f6rige Untertreibung, denn f\u00fcr die Dunkelziffer muss man den Faktor zwanzig ansetzen.<\/p>\n\n\n\n<p>Damit sind aber noch nicht die Langzeitfolgen im Blick. Dass die \u201egeimpften\u201c Kinder eine normale Lebensdauer haben werden, ist unwahrscheinlich. Bereits jetzt haben wir mit dem Beginn der Impfkampagne eine deutliche \u00dcbersterblichkeit.<\/p>\n\n\n\n<figure class=\"wp-block-image size-full\"><img loading=\"lazy\" decoding=\"async\" width=\"311\" height=\"555\" src=\"https:\/\/andreastriebel.de\/wp-content\/uploads\/2022\/03\/7416474153168565771.jpg\" alt=\"\" class=\"wp-image-3541\" srcset=\"https:\/\/andreastriebel.de\/wp-content\/uploads\/2022\/03\/7416474153168565771.jpg 311w, https:\/\/andreastriebel.de\/wp-content\/uploads\/2022\/03\/7416474153168565771-168x300.jpg 168w\" sizes=\"auto, (max-width: 311px) 100vw, 311px\" \/><figcaption>Grundgesetz  gegen die Impfmafia&#8230;<\/figcaption><\/figure>\n\n\n\n<figure class=\"wp-block-image size-full\"><img loading=\"lazy\" decoding=\"async\" width=\"555\" height=\"311\" src=\"https:\/\/andreastriebel.de\/wp-content\/uploads\/2022\/03\/2171592597760686611.jpg\" alt=\"\" class=\"wp-image-3534\" srcset=\"https:\/\/andreastriebel.de\/wp-content\/uploads\/2022\/03\/2171592597760686611.jpg 555w, https:\/\/andreastriebel.de\/wp-content\/uploads\/2022\/03\/2171592597760686611-300x168.jpg 300w\" sizes=\"auto, (max-width: 555px) 100vw, 555px\" \/><figcaption>Lass Deine Kinder wieder frei&#8230;<\/figcaption><\/figure>\n\n\n\n<figure class=\"wp-block-image size-full\"><img loading=\"lazy\" decoding=\"async\" width=\"311\" height=\"555\" src=\"https:\/\/andreastriebel.de\/wp-content\/uploads\/2022\/03\/6037290638797237171.jpg\" alt=\"\" class=\"wp-image-3537\" srcset=\"https:\/\/andreastriebel.de\/wp-content\/uploads\/2022\/03\/6037290638797237171.jpg 311w, https:\/\/andreastriebel.de\/wp-content\/uploads\/2022\/03\/6037290638797237171-168x300.jpg 168w\" sizes=\"auto, (max-width: 311px) 100vw, 311px\" \/><\/figure>\n\n\n\n<figure class=\"wp-block-image size-full\"><img loading=\"lazy\" decoding=\"async\" width=\"311\" height=\"555\" src=\"https:\/\/andreastriebel.de\/wp-content\/uploads\/2022\/03\/7233241071703178935.jpg\" alt=\"\" class=\"wp-image-3540\" srcset=\"https:\/\/andreastriebel.de\/wp-content\/uploads\/2022\/03\/7233241071703178935.jpg 311w, https:\/\/andreastriebel.de\/wp-content\/uploads\/2022\/03\/7233241071703178935-168x300.jpg 168w\" sizes=\"auto, (max-width: 311px) 100vw, 311px\" \/><figcaption>Ich lasse mich nicht in die Pflege oder Urne spritzen&#8230;<\/figcaption><\/figure>\n\n\n","protected":false,"gt_translate_keys":[{"key":"rendered","format":"html"}]},"excerpt":{"rendered":"<p>Five thousand demonstrators marched through Herne last Sunday with banners and music&#8230; F\u00fcnftausend Demonstranten zogen am letzten Sonntag mit Transparenten und Musik durch Herne. Trotz K\u00e4lte und Wind war gro\u00dfe&hellip;<\/p>\n","protected":false,"gt_translate_keys":[{"key":"rendered","format":"html"}]},"author":1,"featured_media":0,"comment_status":"open","ping_status":"open","sticky":false,"template":"","format":"standard","meta":{"footnotes":""},"categories":[12,11,13],"tags":[385,483,640],"class_list":["post-3531","post","type-post","status-publish","format-standard","hentry","category-medizin","category-politik","category-wirtschaft","tag-corona-krise","tag-impfzwang","tag-inflation"],"gt_translate_keys":[{"key":"link","format":"url"}],"_links":{"self":[{"href":"https:\/\/andreastriebel.de\/index.php?rest_route=\/wp\/v2\/posts\/3531","targetHints":{"allow":["GET"]}}],"collection":[{"href":"https:\/\/andreastriebel.de\/index.php?rest_route=\/wp\/v2\/posts"}],"about":[{"href":"https:\/\/andreastriebel.de\/index.php?rest_route=\/wp\/v2\/types\/post"}],"author":[{"embeddable":true,"href":"https:\/\/andreastriebel.de\/index.php?rest_route=\/wp\/v2\/users\/1"}],"replies":[{"embeddable":true,"href":"https:\/\/andreastriebel.de\/index.php?rest_route=%2Fwp%2Fv2%2Fcomments&post=3531"}],"version-history":[{"count":8,"href":"https:\/\/andreastriebel.de\/index.php?rest_route=\/wp\/v2\/posts\/3531\/revisions"}],"predecessor-version":[{"id":3568,"href":"https:\/\/andreastriebel.de\/index.php?rest_route=\/wp\/v2\/posts\/3531\/revisions\/3568"}],"wp:attachment":[{"href":"https:\/\/andreastriebel.de\/index.php?rest_route=%2Fwp%2Fv2%2Fmedia&parent=3531"}],"wp:term":[{"taxonomy":"category","embeddable":true,"href":"https:\/\/andreastriebel.de\/index.php?rest_route=%2Fwp%2Fv2%2Fcategories&post=3531"},{"taxonomy":"post_tag","embeddable":true,"href":"https:\/\/andreastriebel.de\/index.php?rest_route=%2Fwp%2Fv2%2Ftags&post=3531"}],"curies":[{"name":"wp","href":"https:\/\/api.w.org\/{rel}","templated":true}]}}