{"id":3622,"date":"2022-05-01T11:07:14","date_gmt":"2022-05-01T09:07:14","guid":{"rendered":"http:\/\/andreastriebel.de\/?p=3622"},"modified":"2022-05-01T11:19:49","modified_gmt":"2022-05-01T09:19:49","slug":"die-impfhelden-eine-makabre-situation","status":"publish","type":"post","link":"https:\/\/andreastriebel.de\/?p=3622","title":{"rendered":"Die Impfhelden, eine makabre Situation","gt_translate_keys":[{"key":"rendered","format":"text"}]},"content":{"rendered":"\n<p>Die Situation ist makaber, sie wirft ein Schlaglicht auf den gesellschaftlichen Zustand:<\/p>\n\n\n\n<p>In einer Einrichtung f\u00fcr behinderte Menschen werden die Geimpften, die sich der potenziell t\u00f6dlichen Injektion unterzogen und \u00fcberlebt haben, als Helden gefeiert.<\/p>\n\n\n\n<p>Auf der letzten Seite der Mitteilungszeitschrift werden die Verstorbenen betrauert. Das Impfen als Todesursache wird \u00fcbergangen. Menschen zwischen f\u00fcnfzig und sechzig Jahren scheinen besonders gef\u00e4hrdet zu sein, t\u00f6dliche Komplikationen zu erleiden. Das Durchschnittsalter der mit Corona Gestorbenen betr\u00e4gt vierundachtzig und der nach Impfung Gestorbenen sechzig  Jahre.<\/p>\n\n\n\n<p>In vielen Orten Deutschlands sieht man Denkm\u00e4ler und Ehrentafeln, auf denen zum Gedenken der im Kampf im ersten und teilweise im zweiten Weltkrieg Gefallenen die Namen aufgef\u00fchrt sind.<\/p>\n\n\n\n<p>Werden die Opfer des Impfens, deren Zahl in die Hunderttausende geht, auch einmal eine Ehrung erhalten?<\/p>\n\n\n\n<figure class=\"wp-block-image size-large\"><img loading=\"lazy\" decoding=\"async\" width=\"725\" height=\"1024\" src=\"https:\/\/andreastriebel.de\/wp-content\/uploads\/2022\/04\/Impfhelden20220428_21144593-725x1024.jpg\" alt=\"\" class=\"wp-image-3624\" srcset=\"https:\/\/andreastriebel.de\/wp-content\/uploads\/2022\/04\/Impfhelden20220428_21144593-725x1024.jpg 725w, https:\/\/andreastriebel.de\/wp-content\/uploads\/2022\/04\/Impfhelden20220428_21144593-212x300.jpg 212w, https:\/\/andreastriebel.de\/wp-content\/uploads\/2022\/04\/Impfhelden20220428_21144593-768x1085.jpg 768w, https:\/\/andreastriebel.de\/wp-content\/uploads\/2022\/04\/Impfhelden20220428_21144593-1087x1536.jpg 1087w, https:\/\/andreastriebel.de\/wp-content\/uploads\/2022\/04\/Impfhelden20220428_21144593-1449x2048.jpg 1449w, https:\/\/andreastriebel.de\/wp-content\/uploads\/2022\/04\/Impfhelden20220428_21144593-scaled.jpg 1812w\" sizes=\"auto, (max-width: 725px) 100vw, 725px\" \/><\/figure>\n\n\n\n<figure class=\"wp-block-image size-full is-resized\"><img loading=\"lazy\" decoding=\"async\" src=\"https:\/\/andreastriebel.de\/wp-content\/uploads\/2022\/05\/glkf-755.png\" alt=\"\" class=\"wp-image-3640\" width=\"726\" height=\"1097\" srcset=\"https:\/\/andreastriebel.de\/wp-content\/uploads\/2022\/05\/glkf-755.png 649w, https:\/\/andreastriebel.de\/wp-content\/uploads\/2022\/05\/glkf-755-198x300.png 198w\" sizes=\"auto, (max-width: 726px) 100vw, 726px\" \/><\/figure>\n\n\n\n<p>The situation is macabre, it throws a spotlight on the state of society&#8230;<\/p>\n\n\n\n<hr class=\"wp-block-separator\"\/>\n\n\n\n<figure class=\"wp-block-image size-full\"><img loading=\"lazy\" decoding=\"async\" width=\"605\" height=\"788\" src=\"https:\/\/andreastriebel.de\/wp-content\/uploads\/2022\/05\/Bild123.png\" alt=\"\" class=\"wp-image-3643\" srcset=\"https:\/\/andreastriebel.de\/wp-content\/uploads\/2022\/05\/Bild123.png 605w, https:\/\/andreastriebel.de\/wp-content\/uploads\/2022\/05\/Bild123-230x300.png 230w\" sizes=\"auto, (max-width: 605px) 100vw, 605px\" \/><\/figure>\n\n\n\n<p>Deutlich zu sehen ist der Zusammenhang zwischen der Anzahl verabreichter COVID-19-mRNA-Gentherapien und der Anzahl der Notarzteins\u00e4tze wegen entweder einem akuten Koronarsyndrom oder einem Herzstillstand.<\/p>\n\n\n\n<hr class=\"wp-block-separator\"\/>\n\n\n\n<figure class=\"wp-block-embed is-type-wp-embed is-provider-scifi wp-block-embed-scifi\"><div class=\"wp-block-embed__wrapper\">\n<blockquote class=\"wp-embedded-content\" data-secret=\"xkZ4SPccTt\"><a href=\"https:\/\/sciencefiles.org\/2022\/04\/29\/herzinfarkt-herzstillstand-die-kosten-von-mrna-impfstoffen-werden-immer-klarer-israelische-studie\/\">Herzinfarkt, Herzstillstand: Die Kosten von mRNA-Impfstoffen werden immer klarer [Israelische Studie]<\/a><\/blockquote><iframe loading=\"lazy\" class=\"wp-embedded-content\" sandbox=\"allow-scripts\" security=\"restricted\" style=\"position: absolute; clip: rect(1px, 1px, 1px, 1px);\" title=\"&#8222;Herzinfarkt, Herzstillstand: Die Kosten von mRNA-Impfstoffen werden immer klarer [Israelische Studie]&#8220; &#8212; SciFi\" src=\"https:\/\/sciencefiles.org\/2022\/04\/29\/herzinfarkt-herzstillstand-die-kosten-von-mrna-impfstoffen-werden-immer-klarer-israelische-studie\/embed\/#?secret=PWHDeEf6RZ#?secret=xkZ4SPccTt\" data-secret=\"xkZ4SPccTt\" width=\"317\" height=\"200\" frameborder=\"0\" marginwidth=\"0\" marginheight=\"0\" scrolling=\"no\"><\/iframe>\n<\/div><\/figure>\n","protected":false,"gt_translate_keys":[{"key":"rendered","format":"html"}]},"excerpt":{"rendered":"<p>Die Situation ist makaber, sie wirft ein Schlaglicht auf den gesellschaftlichen Zustand: In einer Einrichtung f\u00fcr behinderte Menschen werden die Geimpften, die sich der potenziell t\u00f6dlichen Injektion unterzogen und \u00fcberlebt&hellip;<\/p>\n","protected":false,"gt_translate_keys":[{"key":"rendered","format":"html"}]},"author":1,"featured_media":0,"comment_status":"open","ping_status":"open","sticky":false,"template":"","format":"standard","meta":{"footnotes":""},"categories":[45,11],"tags":[374,691,414],"class_list":["post-3622","post","type-post","status-publish","format-standard","hentry","category-gesellschaft","category-politik","tag-corona","tag-impfhelden","tag-impfung"],"gt_translate_keys":[{"key":"link","format":"url"}],"_links":{"self":[{"href":"https:\/\/andreastriebel.de\/index.php?rest_route=\/wp\/v2\/posts\/3622","targetHints":{"allow":["GET"]}}],"collection":[{"href":"https:\/\/andreastriebel.de\/index.php?rest_route=\/wp\/v2\/posts"}],"about":[{"href":"https:\/\/andreastriebel.de\/index.php?rest_route=\/wp\/v2\/types\/post"}],"author":[{"embeddable":true,"href":"https:\/\/andreastriebel.de\/index.php?rest_route=\/wp\/v2\/users\/1"}],"replies":[{"embeddable":true,"href":"https:\/\/andreastriebel.de\/index.php?rest_route=%2Fwp%2Fv2%2Fcomments&post=3622"}],"version-history":[{"count":10,"href":"https:\/\/andreastriebel.de\/index.php?rest_route=\/wp\/v2\/posts\/3622\/revisions"}],"predecessor-version":[{"id":3649,"href":"https:\/\/andreastriebel.de\/index.php?rest_route=\/wp\/v2\/posts\/3622\/revisions\/3649"}],"wp:attachment":[{"href":"https:\/\/andreastriebel.de\/index.php?rest_route=%2Fwp%2Fv2%2Fmedia&parent=3622"}],"wp:term":[{"taxonomy":"category","embeddable":true,"href":"https:\/\/andreastriebel.de\/index.php?rest_route=%2Fwp%2Fv2%2Fcategories&post=3622"},{"taxonomy":"post_tag","embeddable":true,"href":"https:\/\/andreastriebel.de\/index.php?rest_route=%2Fwp%2Fv2%2Ftags&post=3622"}],"curies":[{"name":"wp","href":"https:\/\/api.w.org\/{rel}","templated":true}]}}