{"id":3660,"date":"2022-05-09T21:25:21","date_gmt":"2022-05-09T19:25:21","guid":{"rendered":"http:\/\/andreastriebel.de\/?p=3660"},"modified":"2022-05-10T21:10:14","modified_gmt":"2022-05-10T19:10:14","slug":"kein-ende-in-sicht","status":"publish","type":"post","link":"https:\/\/andreastriebel.de\/?p=3660","title":{"rendered":"Kein Ende in Sicht","gt_translate_keys":[{"key":"rendered","format":"text"}]},"content":{"rendered":"\n<p><strong>Die Regierung wechselt nur die Taktik: Jetzt soll die europ\u00e4ische Union, die noch einigerma\u00dfen Ansehen bei der Bev\u00f6lkerung hat, die Gesetze zur Drangsalierung und Disziplinierung der Menschen beschlie\u00dfen.<\/strong><\/p>\n\n\n\n<ul class=\"wp-block-list\"><li>Es soll weiter \u201egeimpft\u201c werden. Dabei soll keine Aufkl\u00e4rung \u00fcber t\u00f6dliche Risiken der Injektionen geben.<\/li><li>Der Impfpass soll zur Voraussetzung f\u00fcr den Zutritt zu gesellschaftlichen Veranstaltungen werden. Nur gehorsame und ahnungslose Untertanen erhalten das Versammlungsrecht.<\/li><li>Die Zugangsbeschr\u00e4nkungen f\u00fcr soziale Einrichtungen wie Krankenh\u00e4user und Altersheime sollen beibehalten und ausgebaut werden. So k\u00f6nnen dem sozialen Bereich viele Milliarden entzogen und gewinnbringend angelegt werden.<\/li><li>Presse und Fernsehen werden weiter gro\u00dfz\u00fcgig alimentiert.<\/li><li>Die Polizei wird f\u00fcr den Stra\u00dfenkampf ausgebildet. Panzerwagen f\u00fcr den Einsatz im Inneren werden angeschafft. Der Taser soll allgemeine Verwendung finden.<\/li><li>Die Gewerkschaften m\u00fcssen ihre Gefolgschaft ruhig halten, denn \u201ewir befinden uns im Krieg\u201c. (Strack- Zimmermann). Lohnabschl\u00fcsse unterhalb der Inflationsrate sind jetzt die Regel.<\/li><li>Die Justiz wird an die Kandare genommen. Verwaltungsgerichte werden politisch besetzt. Aufm\u00fcpfige Richter m\u00fcssen sich mit Staatsanw\u00e4lten herumplagen.<\/li><li>\u00c4rzte, die ihre Patienten vor Sch\u00e4den durch Masken und Impfwahn besch\u00fctzen wollen, m\u00fcssen Durchsuchungen, Beschlagnahmungen und abschreckende Urteile ertragen. Gesetze werden der politischen Situation angepasst.<\/li><li>Sch\u00fcler und Studenten werden weiter schikaniert und mit Maskenvorschriften gequ\u00e4lt. Sogar \u00f6ffentliche \u00c4mter k\u00f6nnen nicht unmaskiert betreten werden. Einige Kommunen, besonders SPD- gef\u00fchrte, bestehen sogar auf 3G als Voraussetzung.<\/li><li>Die Kriegstreiber beherrschen die \u00f6ffentliche Diskussion. So wird das Volk in Furcht gehalten und soll ohne Murren Inflation und Enteignung ertragen.<\/li><li>\u00dcber die verheerenden Folgen des sogenannten Impfens wird weiter eisern geschwiegen. Die gesundheitliche Katastrophe, die schon begonnen hat und deren Ende noch nicht abzusehen ist, wird totgeschwiegen. Die Generation, die dieses Schweigen schon einmal erlebt hat, stirbt gerade aus.<\/li><\/ul>\n\n\n\n<p>Aber die Widerstandsbewegung hat sich gefestigt, ist reifer geworden, entwickelt neue Formen des Widerstandes und konnte die Kriegshetze schnell als durchsichtiges Man\u00f6ver der alten Eliten entlarven. Eine so breite und anhaltende Widerstandsbewegung kannte die europ\u00e4ische Geschichte bisher nicht. Der Ausgang ist offen: Ausbau der autorit\u00e4ren Strukturen und fortschreitende Faschisierung oder weiteres Anschwellen des Widerstandes und Abwehr des Impfzwanges. <\/p>\n\n\n\n<p>Dabei w\u00e4chst die Erkenntnis, dass es mit einer Auswechslung der Eliten nicht getan ist.<\/p>\n\n\n\n<p class=\"has-text-align-center\"><strong>24.000 Myokarditis F\u00e4lle mehr in 2021 als in 2020<\/strong><\/p>\n\n\n\n<figure class=\"wp-block-image size-large\"><img loading=\"lazy\" decoding=\"async\" width=\"1024\" height=\"712\" src=\"https:\/\/andreastriebel.de\/wp-content\/uploads\/2022\/05\/Bild4-1-1024x712.png\" alt=\"\" class=\"wp-image-3666\" srcset=\"https:\/\/andreastriebel.de\/wp-content\/uploads\/2022\/05\/Bild4-1-1024x712.png 1024w, https:\/\/andreastriebel.de\/wp-content\/uploads\/2022\/05\/Bild4-1-300x209.png 300w, https:\/\/andreastriebel.de\/wp-content\/uploads\/2022\/05\/Bild4-1-768x534.png 768w, https:\/\/andreastriebel.de\/wp-content\/uploads\/2022\/05\/Bild4-1.png 1498w\" sizes=\"auto, (max-width: 1024px) 100vw, 1024px\" \/><\/figure>\n","protected":false,"gt_translate_keys":[{"key":"rendered","format":"html"}]},"excerpt":{"rendered":"<p>Die Regierung wechselt nur die Taktik: Jetzt soll die europ\u00e4ische Union, die noch einigerma\u00dfen Ansehen bei der Bev\u00f6lkerung hat, die Gesetze zur Drangsalierung und Disziplinierung der Menschen beschlie\u00dfen. Es soll&hellip;<\/p>\n","protected":false,"gt_translate_keys":[{"key":"rendered","format":"html"}]},"author":1,"featured_media":0,"comment_status":"open","ping_status":"open","sticky":false,"template":"","format":"standard","meta":{"footnotes":""},"categories":[45,11],"tags":[557,483,640],"class_list":["post-3660","post","type-post","status-publish","format-standard","hentry","category-gesellschaft","category-politik","tag-impfpass","tag-impfzwang","tag-inflation"],"gt_translate_keys":[{"key":"link","format":"url"}],"_links":{"self":[{"href":"https:\/\/andreastriebel.de\/index.php?rest_route=\/wp\/v2\/posts\/3660","targetHints":{"allow":["GET"]}}],"collection":[{"href":"https:\/\/andreastriebel.de\/index.php?rest_route=\/wp\/v2\/posts"}],"about":[{"href":"https:\/\/andreastriebel.de\/index.php?rest_route=\/wp\/v2\/types\/post"}],"author":[{"embeddable":true,"href":"https:\/\/andreastriebel.de\/index.php?rest_route=\/wp\/v2\/users\/1"}],"replies":[{"embeddable":true,"href":"https:\/\/andreastriebel.de\/index.php?rest_route=%2Fwp%2Fv2%2Fcomments&post=3660"}],"version-history":[{"count":5,"href":"https:\/\/andreastriebel.de\/index.php?rest_route=\/wp\/v2\/posts\/3660\/revisions"}],"predecessor-version":[{"id":3668,"href":"https:\/\/andreastriebel.de\/index.php?rest_route=\/wp\/v2\/posts\/3660\/revisions\/3668"}],"wp:attachment":[{"href":"https:\/\/andreastriebel.de\/index.php?rest_route=%2Fwp%2Fv2%2Fmedia&parent=3660"}],"wp:term":[{"taxonomy":"category","embeddable":true,"href":"https:\/\/andreastriebel.de\/index.php?rest_route=%2Fwp%2Fv2%2Fcategories&post=3660"},{"taxonomy":"post_tag","embeddable":true,"href":"https:\/\/andreastriebel.de\/index.php?rest_route=%2Fwp%2Fv2%2Ftags&post=3660"}],"curies":[{"name":"wp","href":"https:\/\/api.w.org\/{rel}","templated":true}]}}