{"id":3693,"date":"2022-06-09T21:00:47","date_gmt":"2022-06-09T19:00:47","guid":{"rendered":"http:\/\/andreastriebel.de\/?p=3693"},"modified":"2022-07-15T19:56:16","modified_gmt":"2022-07-15T17:56:16","slug":"die-faschisierung-geht-weiter","status":"publish","type":"post","link":"https:\/\/andreastriebel.de\/?p=3693","title":{"rendered":"Die Faschisierung geht weiter","gt_translate_keys":[{"key":"rendered","format":"text"}]},"content":{"rendered":"\n<p><strong>Die Faschisierung geht weiter voran. F\u00fcr die breite Masse werden die Z\u00fcgel etwas lockerer gelassen. Die allgemeine Impfpflicht wurde vorerst fallen gelassen. Der Maskenzwang wurde gelockert.<\/strong><\/p>\n\n\n\n<ol class=\"wp-block-list\" type=\"1\"><li>Der Impfzwang im Gesundheitswesen bleibt aber bestehen.<\/li><li>Auch in Altersheimen bleibt der Impfzwang. Nach alten Statistiken war bei den alten Leuten jede 2300te Spritze t\u00f6dlich. Inzwischen ist es durch die Boosterung jede tausendste. Auch dabei muss man von einer hohen Dunkelziffer ausgehen.<\/li><li>Sportler m\u00fcssen, wenn sie die Injektion lebend \u00fcberstanden haben, durch die Myokarditis damit rechnen, nie wieder Sport treiben zu k\u00f6nnen und lebenslang behindert zu bleiben.<\/li><li>In den Einrichtungen der Gesundheitsf\u00fcrsorge wird durch den Impfzwang der Personalmangel noch verst\u00e4rkt. Die geimpften Mitarbeiter m\u00fcssen feststellen, dass sie oft krank sind und an Symptomen leiden, die sie vorher nicht kannten. Der Streik in den Unikliniken zeigt die gro\u00dfe Unzufriedenheit.<\/li><li>Die Fluggesellschaften, die ihr ahnungsloses Personal zu den Injektionen gezwungen haben, leiden jetzt unter Personalmangel. Reihenweise m\u00fcssen Fl\u00fcge storniert werden.<\/li><li>Das Restaurant- und Beherbergungsgewerbe leidet durch die Injektionen verst\u00e4rkt unter Personalmangel und kann jetzt nicht so durchstarten wie erhofft.<\/li><li>Im Handwerk, wo N\u00fcchternheit und Skepsis zum Berufsethos geh\u00f6ren, sind noch die geringsten Kahlschl\u00e4ge zu verzeichnen.<\/li><li>Die Krankenkassen, die eine gute \u00dcbersicht \u00fcber die Krankenst\u00e4nde und die gemeldeten Ursachen haben, d\u00fcrfen ihre Erkenntnisse nicht in die \u00d6ffentlichkeit geben.<\/li><li>Die Justiz verh\u00e4lt sich vielfach regierungstreu. Das Schicksal des Weimarer Richters ist ein warnendes Beispiel. Passau ist jetzt ein besseres Vorbild.<\/li><li>Presse und Fernsehen sind vom Anzeigengesch\u00e4ft abh\u00e4ngig und h\u00e4ngen am Subventionstropf. Also liefern sie den Regierungsfunktion\u00e4ren die Stichworte und schm\u00fccken die Covid- Geschichte aus.&nbsp;&nbsp;<\/li><li>\u00c4rzte, die in der Krankenversorgung t\u00e4tig sind, verschlie\u00dfen noch gro\u00dffl\u00e4chig die Augen, viele merken aber allm\u00e4hlich, dass sie betrogen wurden und die verspritzten Substanzen keine Impfstoffe sind.<\/li><li>Die Lehrerverb\u00e4nde, die es schaffen, ihre Erkl\u00e4rungen in die \u00d6ffentlichkeit zu bringen, sind noch v\u00f6llig verblendet und fordern Maskierung der Kinder und \u201eImpfung\u201c. Das p\u00e4dagogische Ethos ist anscheinend v\u00f6llig abhanden gekommen. &nbsp;<\/li><li>Die Hafenarbeiter erkennen, dass die Angebote f\u00fcr k\u00fcmmerliche Lohnerh\u00f6hungen den Verlust durch die Geldentwertung nicht wettmachen, streiken und verweigern die Entladung der Container. Und das ist erst der Anfang.<\/li><li>Unterdessen erreicht die Sterblichkeit ungekannte Spitzenwerte. Beim Vergleich der internationalen Statistiken schneiden nur L\u00e4nder mit geringer Impfquote normal ab, w\u00e4hrend L\u00e4nder mit H\u00f6chstwerten der Impfquote auch H\u00f6chstwerte an Sterblichkeit und Krankheitsst\u00e4nden aufweisen. Au\u00dferdem verzeichnen diese L\u00e4nder bisher nicht gekannte \u00dcberbelegungen ihrer Krankenh\u00e4user.<\/li><\/ol>\n\n\n\n<p>In Deutschland, wo die ambulante Versorgung besser ausgebaut ist, und die Angst vor Ansteckung und Zwangsimpfung verbreitet ist, nutzt die Regierung flei\u00dfig die Unterbelegung der H\u00e4user f\u00fcr Schlie\u00dfungen. Die angestrebte Verminderung der Sozialkosten ist so leichter zu erreichen. Dass unter dem Deckmantel der Solidarit\u00e4t ein sozialer Raubbau stattfindet, kann nicht ins \u00f6ffentliche Bewusstsein dringen.<\/p>\n\n\n\n<p>Die Medien lassen die Politiker von Panzern, Haubitzen und Raketen schwadronieren und bet\u00e4uben so das Publikum, w\u00e4hrend \u00dcberf\u00e4lle auf \u00c4rzte und sogar Verhaftungen zunehmen. Die Nazis hatten die \u00c4rzte besser im Griff.<\/p>\n\n\n\n<blockquote class=\"twitter-tweet\"><p dir=\"ltr\" lang=\"de\">Mal ganz ehrlich: Erkennen Sie rechts vom senkrechten Strich einen &#8222;wirksamen Schutz vor schwerer Erkrankung&#8220;?<br><br>Quelle RKI: <a href=\"https:\/\/t.co\/DMjnJbgcMK\">https:\/\/t.co\/DMjnJbgcMK<\/a> . <a href=\"https:\/\/t.co\/yHUcoiDIxg\">pic.twitter.com\/yHUcoiDIxg<\/a><\/p>\u2014 Stefan Homburg (@SHomburg) <a href=\"https:\/\/twitter.com\/SHomburg\/status\/1535520113411166209?ref_src=twsrc%5Etfw\">June 11, 2022<\/a><\/blockquote> <script async=\"\" src=\"https:\/\/platform.twitter.com\/widgets.js\" charset=\"utf-8\"><\/script>\n\n\n\n<figure class=\"wp-block-image size-full\"><img loading=\"lazy\" decoding=\"async\" width=\"741\" height=\"509\" src=\"https:\/\/andreastriebel.de\/wp-content\/uploads\/2022\/06\/FU9CZghX0AE7NYJ.png\" alt=\"\" class=\"wp-image-3705\" srcset=\"https:\/\/andreastriebel.de\/wp-content\/uploads\/2022\/06\/FU9CZghX0AE7NYJ.png 741w, https:\/\/andreastriebel.de\/wp-content\/uploads\/2022\/06\/FU9CZghX0AE7NYJ-300x206.png 300w\" sizes=\"auto, (max-width: 741px) 100vw, 741px\" \/><\/figure>\n\n\n\n<figure class=\"wp-block-embed is-type-wp-embed is-provider-geld-und-mehr wp-block-embed-geld-und-mehr\"><div class=\"wp-block-embed__wrapper\">\n<blockquote class=\"wp-embedded-content\" data-secret=\"wEsISso591\"><a href=\"https:\/\/norberthaering.de\/reform-der-wirtschaftswissenschaft-dossiers\/personalmangel\/\">F\u00fcr den Personalmangel bei Flugh\u00e4fen, Bahn, Gastst\u00e4tten und Hotels gibt es eine unbequeme L\u00f6sung<\/a><\/blockquote><iframe loading=\"lazy\" class=\"wp-embedded-content\" sandbox=\"allow-scripts\" security=\"restricted\" style=\"position: absolute; clip: rect(1px, 1px, 1px, 1px);\" title=\"&#8222;F\u00fcr den Personalmangel bei Flugh\u00e4fen, Bahn, Gastst\u00e4tten und Hotels gibt es eine unbequeme L\u00f6sung&#8220; &#8212; Geld und mehr\" src=\"https:\/\/norberthaering.de\/reform-der-wirtschaftswissenschaft-dossiers\/personalmangel\/embed\/#?secret=qsSpY71izg#?secret=wEsISso591\" data-secret=\"wEsISso591\" width=\"317\" height=\"200\" frameborder=\"0\" marginwidth=\"0\" marginheight=\"0\" scrolling=\"no\"><\/iframe>\n<\/div><\/figure>\n\n\n\n<p>T<em>he fascization continues. For the broad masses, the reins are loosened a bit. The general vaccination obligation was dropped for the time being. The mask constraint was loosened.<\/em>..<\/p>\n","protected":false,"gt_translate_keys":[{"key":"rendered","format":"html"}]},"excerpt":{"rendered":"<p>Die Faschisierung geht weiter voran. F\u00fcr die breite Masse werden die Z\u00fcgel etwas lockerer gelassen. Die allgemeine Impfpflicht wurde vorerst fallen gelassen. Der Maskenzwang wurde gelockert. Der Impfzwang im Gesundheitswesen&hellip;<\/p>\n","protected":false,"gt_translate_keys":[{"key":"rendered","format":"html"}]},"author":1,"featured_media":0,"comment_status":"open","ping_status":"open","sticky":false,"template":"","format":"standard","meta":{"footnotes":""},"categories":[45,11,13],"tags":[448,483,637],"class_list":["post-3693","post","type-post","status-publish","format-standard","hentry","category-gesellschaft","category-politik","category-wirtschaft","tag-faschisierung","tag-impfzwang","tag-maskierung"],"gt_translate_keys":[{"key":"link","format":"url"}],"_links":{"self":[{"href":"https:\/\/andreastriebel.de\/index.php?rest_route=\/wp\/v2\/posts\/3693","targetHints":{"allow":["GET"]}}],"collection":[{"href":"https:\/\/andreastriebel.de\/index.php?rest_route=\/wp\/v2\/posts"}],"about":[{"href":"https:\/\/andreastriebel.de\/index.php?rest_route=\/wp\/v2\/types\/post"}],"author":[{"embeddable":true,"href":"https:\/\/andreastriebel.de\/index.php?rest_route=\/wp\/v2\/users\/1"}],"replies":[{"embeddable":true,"href":"https:\/\/andreastriebel.de\/index.php?rest_route=%2Fwp%2Fv2%2Fcomments&post=3693"}],"version-history":[{"count":10,"href":"https:\/\/andreastriebel.de\/index.php?rest_route=\/wp\/v2\/posts\/3693\/revisions"}],"predecessor-version":[{"id":3761,"href":"https:\/\/andreastriebel.de\/index.php?rest_route=\/wp\/v2\/posts\/3693\/revisions\/3761"}],"wp:attachment":[{"href":"https:\/\/andreastriebel.de\/index.php?rest_route=%2Fwp%2Fv2%2Fmedia&parent=3693"}],"wp:term":[{"taxonomy":"category","embeddable":true,"href":"https:\/\/andreastriebel.de\/index.php?rest_route=%2Fwp%2Fv2%2Fcategories&post=3693"},{"taxonomy":"post_tag","embeddable":true,"href":"https:\/\/andreastriebel.de\/index.php?rest_route=%2Fwp%2Fv2%2Ftags&post=3693"}],"curies":[{"name":"wp","href":"https:\/\/api.w.org\/{rel}","templated":true}]}}