{"id":3715,"date":"2022-06-21T20:45:06","date_gmt":"2022-06-21T18:45:06","guid":{"rendered":"https:\/\/andreastriebel.de\/?p=3715"},"modified":"2022-07-29T11:01:14","modified_gmt":"2022-07-29T09:01:14","slug":"die-kippa-ist-ein-religioeses-symbol-kein-rassisches","status":"publish","type":"post","link":"https:\/\/andreastriebel.de\/?p=3715","title":{"rendered":"Die Kippa ist ein religi\u00f6ses Symbol, kein rassisches","gt_translate_keys":[{"key":"rendered","format":"text"}]},"content":{"rendered":"\n<p><strong>Die Kopfbedeckung wird bei religi\u00f6sen Handlungen getragen. Jedermann, der die Religion achten will, darf sie tragen, ob schwarz oder wei\u00df, ob gelb oder rot. Auch der Bischofshut, das Kreuz oder der Rosenkranz stellen religi\u00f6se Bez\u00fcge her, aber keine rassischen.<\/strong><\/p>\n\n\n\n<p>Der Papst und andere religi\u00f6se W\u00fcrdentr\u00e4ger m\u00fcssen st\u00e4ndig Schm\u00e4hungen ertragen und gehen damit souver\u00e4n um. K\u00fcnstlerische Darstellungen der religi\u00f6sen W\u00fcrdentr\u00e4ger, auch wenn sie eindeutig herabsetzend waren, fielen in der Vor- Corona- Zeit unter die Kunstfreiheit. In der Regel zeigten sie die Diskrepanz zwischen dem moralischen Anspruch und der Wirklichkeit. Diese Darstellung des moralischen Empfindens ist der Ursprung jeder Kunst.<\/p>\n\n\n\n<p>Wen wundert es, dass jetzt die Propagandisten des autorit\u00e4ren Corona- Regimes sich spreizen und den Vorwurf des Antisemitismus in der documenta erheben. K\u00f6nnen sie doch gut von ihrem eigenen Rassismus ablenken und von der Tatsache, dass die genetischen Manipulationen durch die milliardenfachen \u201eImpfungen\u201c den gr\u00f6\u00dften rassistischen Anschlag auf die Menschheit darstellen.<\/p>\n\n\n\n<p>Selbstverst\u00e4ndlich stehen Steinmeier und C. Roth an vorderster Stelle. Die Glaubw\u00fcrdigkeit dieser Figuren aber tendiert gegen Null. Leider kommen dabei feinf\u00fchlige Kunstbetrachter wie Kia Vahland unter die R\u00e4der. Diese Massenpsychose hat totalit\u00e4ren Charakter. Aber das war im Nationalsozialismus auch nicht anders. Man sprach damals von \u201eentarteter Kunst\u201c, jetzt sagt man: \u201eHier hat die Kunstfreiheit ihre Grenze\u201c.<\/p>\n\n\n\n<p><em>The headgear is worn during religious acts. Anyone who wants to respect religion may wear it, whether black or white, yellow or red. The bishop&#8217;s hat, the cross or the rosary also make religious references, but not racial ones.<\/em>..<\/p>\n\n\n\n<figure class=\"wp-block-image size-full\"><img loading=\"lazy\" decoding=\"async\" width=\"311\" height=\"555\" src=\"https:\/\/andreastriebel.de\/wp-content\/uploads\/2022\/06\/attachment1656261323894.jpg\" alt=\"\" class=\"wp-image-3725\" srcset=\"https:\/\/andreastriebel.de\/wp-content\/uploads\/2022\/06\/attachment1656261323894.jpg 311w, https:\/\/andreastriebel.de\/wp-content\/uploads\/2022\/06\/attachment1656261323894-168x300.jpg 168w\" sizes=\"auto, (max-width: 311px) 100vw, 311px\" \/><\/figure>\n\n\n\n<figure class=\"wp-block-image size-full\"><img loading=\"lazy\" decoding=\"async\" width=\"311\" height=\"555\" src=\"https:\/\/andreastriebel.de\/wp-content\/uploads\/2022\/06\/attachment1656261350086.jpg\" alt=\"\" class=\"wp-image-3724\" srcset=\"https:\/\/andreastriebel.de\/wp-content\/uploads\/2022\/06\/attachment1656261350086.jpg 311w, https:\/\/andreastriebel.de\/wp-content\/uploads\/2022\/06\/attachment1656261350086-168x300.jpg 168w\" sizes=\"auto, (max-width: 311px) 100vw, 311px\" \/><\/figure>\n\n\n\n<figure class=\"wp-block-image size-full\"><img loading=\"lazy\" decoding=\"async\" width=\"311\" height=\"555\" src=\"https:\/\/andreastriebel.de\/wp-content\/uploads\/2022\/06\/attachment1656261373391.jpg\" alt=\"\" class=\"wp-image-3723\" srcset=\"https:\/\/andreastriebel.de\/wp-content\/uploads\/2022\/06\/attachment1656261373391.jpg 311w, https:\/\/andreastriebel.de\/wp-content\/uploads\/2022\/06\/attachment1656261373391-168x300.jpg 168w\" sizes=\"auto, (max-width: 311px) 100vw, 311px\" \/><\/figure>\n\n\n\n<figure class=\"wp-block-image size-full\"><img loading=\"lazy\" decoding=\"async\" width=\"311\" height=\"555\" src=\"https:\/\/andreastriebel.de\/wp-content\/uploads\/2022\/06\/attachment1656261392439.jpg\" alt=\"\" class=\"wp-image-3722\" srcset=\"https:\/\/andreastriebel.de\/wp-content\/uploads\/2022\/06\/attachment1656261392439.jpg 311w, https:\/\/andreastriebel.de\/wp-content\/uploads\/2022\/06\/attachment1656261392439-168x300.jpg 168w\" sizes=\"auto, (max-width: 311px) 100vw, 311px\" \/><\/figure>\n\n\n\n<figure class=\"wp-block-image size-large\"><img loading=\"lazy\" decoding=\"async\" width=\"575\" height=\"1024\" src=\"https:\/\/andreastriebel.de\/wp-content\/uploads\/2022\/07\/signal-2022-07-24-11-47-20-386-5-575x1024.jpg\" alt=\"\" class=\"wp-image-3784\" srcset=\"https:\/\/andreastriebel.de\/wp-content\/uploads\/2022\/07\/signal-2022-07-24-11-47-20-386-5-575x1024.jpg 575w, https:\/\/andreastriebel.de\/wp-content\/uploads\/2022\/07\/signal-2022-07-24-11-47-20-386-5-168x300.jpg 168w, https:\/\/andreastriebel.de\/wp-content\/uploads\/2022\/07\/signal-2022-07-24-11-47-20-386-5-768x1368.jpg 768w, https:\/\/andreastriebel.de\/wp-content\/uploads\/2022\/07\/signal-2022-07-24-11-47-20-386-5-863x1536.jpg 863w, https:\/\/andreastriebel.de\/wp-content\/uploads\/2022\/07\/signal-2022-07-24-11-47-20-386-5.jpg 1150w\" sizes=\"auto, (max-width: 575px) 100vw, 575px\" \/><\/figure>\n\n\n\n<figure class=\"wp-block-image size-large\"><img loading=\"lazy\" decoding=\"async\" width=\"575\" height=\"1024\" src=\"https:\/\/andreastriebel.de\/wp-content\/uploads\/2022\/07\/signal-2022-07-24-11-47-20-386-6-575x1024.jpg\" alt=\"\" class=\"wp-image-3783\" srcset=\"https:\/\/andreastriebel.de\/wp-content\/uploads\/2022\/07\/signal-2022-07-24-11-47-20-386-6-575x1024.jpg 575w, https:\/\/andreastriebel.de\/wp-content\/uploads\/2022\/07\/signal-2022-07-24-11-47-20-386-6-168x300.jpg 168w, https:\/\/andreastriebel.de\/wp-content\/uploads\/2022\/07\/signal-2022-07-24-11-47-20-386-6-768x1368.jpg 768w, https:\/\/andreastriebel.de\/wp-content\/uploads\/2022\/07\/signal-2022-07-24-11-47-20-386-6-863x1536.jpg 863w, https:\/\/andreastriebel.de\/wp-content\/uploads\/2022\/07\/signal-2022-07-24-11-47-20-386-6.jpg 1150w\" sizes=\"auto, (max-width: 575px) 100vw, 575px\" \/><\/figure>\n\n\n\n<figure class=\"wp-block-image size-large\"><img loading=\"lazy\" decoding=\"async\" width=\"1024\" height=\"575\" src=\"https:\/\/andreastriebel.de\/wp-content\/uploads\/2022\/07\/signal-2022-07-24-11-47-20-386-7-1024x575.jpg\" alt=\"\" class=\"wp-image-3782\" srcset=\"https:\/\/andreastriebel.de\/wp-content\/uploads\/2022\/07\/signal-2022-07-24-11-47-20-386-7-1024x575.jpg 1024w, https:\/\/andreastriebel.de\/wp-content\/uploads\/2022\/07\/signal-2022-07-24-11-47-20-386-7-300x168.jpg 300w, https:\/\/andreastriebel.de\/wp-content\/uploads\/2022\/07\/signal-2022-07-24-11-47-20-386-7-768x431.jpg 768w, https:\/\/andreastriebel.de\/wp-content\/uploads\/2022\/07\/signal-2022-07-24-11-47-20-386-7-1536x863.jpg 1536w, https:\/\/andreastriebel.de\/wp-content\/uploads\/2022\/07\/signal-2022-07-24-11-47-20-386-7.jpg 2048w\" sizes=\"auto, (max-width: 1024px) 100vw, 1024px\" \/><\/figure>\n\n\n\n<figure class=\"wp-block-image size-large\"><img loading=\"lazy\" decoding=\"async\" width=\"1024\" height=\"575\" src=\"https:\/\/andreastriebel.de\/wp-content\/uploads\/2022\/07\/signal-2022-07-24-11-47-20-386-8-1024x575.jpg\" alt=\"\" class=\"wp-image-3781\" srcset=\"https:\/\/andreastriebel.de\/wp-content\/uploads\/2022\/07\/signal-2022-07-24-11-47-20-386-8-1024x575.jpg 1024w, https:\/\/andreastriebel.de\/wp-content\/uploads\/2022\/07\/signal-2022-07-24-11-47-20-386-8-300x168.jpg 300w, https:\/\/andreastriebel.de\/wp-content\/uploads\/2022\/07\/signal-2022-07-24-11-47-20-386-8-768x431.jpg 768w, https:\/\/andreastriebel.de\/wp-content\/uploads\/2022\/07\/signal-2022-07-24-11-47-20-386-8-1536x863.jpg 1536w, https:\/\/andreastriebel.de\/wp-content\/uploads\/2022\/07\/signal-2022-07-24-11-47-20-386-8.jpg 2048w\" sizes=\"auto, (max-width: 1024px) 100vw, 1024px\" \/><\/figure>\n\n\n\n<figure class=\"wp-block-image size-large\"><img loading=\"lazy\" decoding=\"async\" width=\"1024\" height=\"575\" src=\"https:\/\/andreastriebel.de\/wp-content\/uploads\/2022\/07\/signal-2022-07-24-11-47-20-386-9-1024x575.jpg\" alt=\"\" class=\"wp-image-3780\" srcset=\"https:\/\/andreastriebel.de\/wp-content\/uploads\/2022\/07\/signal-2022-07-24-11-47-20-386-9-1024x575.jpg 1024w, https:\/\/andreastriebel.de\/wp-content\/uploads\/2022\/07\/signal-2022-07-24-11-47-20-386-9-300x168.jpg 300w, https:\/\/andreastriebel.de\/wp-content\/uploads\/2022\/07\/signal-2022-07-24-11-47-20-386-9-768x431.jpg 768w, https:\/\/andreastriebel.de\/wp-content\/uploads\/2022\/07\/signal-2022-07-24-11-47-20-386-9-1536x863.jpg 1536w, https:\/\/andreastriebel.de\/wp-content\/uploads\/2022\/07\/signal-2022-07-24-11-47-20-386-9.jpg 2048w\" sizes=\"auto, (max-width: 1024px) 100vw, 1024px\" \/><\/figure>\n\n\n\n<figure class=\"wp-block-image size-large\"><img loading=\"lazy\" decoding=\"async\" width=\"1024\" height=\"575\" src=\"https:\/\/andreastriebel.de\/wp-content\/uploads\/2022\/07\/signal-2022-07-24-11-47-20-386-10-1024x575.jpg\" alt=\"\" class=\"wp-image-3779\" srcset=\"https:\/\/andreastriebel.de\/wp-content\/uploads\/2022\/07\/signal-2022-07-24-11-47-20-386-10-1024x575.jpg 1024w, https:\/\/andreastriebel.de\/wp-content\/uploads\/2022\/07\/signal-2022-07-24-11-47-20-386-10-300x168.jpg 300w, https:\/\/andreastriebel.de\/wp-content\/uploads\/2022\/07\/signal-2022-07-24-11-47-20-386-10-768x431.jpg 768w, https:\/\/andreastriebel.de\/wp-content\/uploads\/2022\/07\/signal-2022-07-24-11-47-20-386-10-1536x863.jpg 1536w, https:\/\/andreastriebel.de\/wp-content\/uploads\/2022\/07\/signal-2022-07-24-11-47-20-386-10.jpg 2048w\" sizes=\"auto, (max-width: 1024px) 100vw, 1024px\" \/><\/figure>\n\n\n\n<p>Hier spricht der deutsche Michel aus dem Mund von C. Roth: (27.07.22)<\/p>\n\n\n\n<p>Jeder sieht doch in den Bildern die antisemitische Absicht. Wie kann man nur einen Milit\u00e4rbefehlshaber mit einem Schweinsgesicht abbilden! Bei uns wei\u00df jeder, dass er K\u00fcnstler antisemitische Absichten verfolgt. Dass die Menschen auf den Bildern aufbegehren und zum Zusammenschluss aufgefordert werden, ist im Kern Antisemitismus. Das m\u00fcssen K\u00fcnstler aus Indonesien, die von uns Geld bekommen, wissen.<\/p>\n\n\n\n<p>Und sie m\u00fcssen darauf R\u00fccksicht nehmen, wenn sie in Deutschland ausstellen. Und dass sie auch noch SS- Runen verwenden, um uns Deutsche an unsere Vergangenheit zu erinnern, diese Beleidigung k\u00f6nnen wir nicht akzeptieren.<\/p>\n\n\n\n<p>Wir L\u00e4nder des Westens zahlen doch gut f\u00fcr die Rohstoffe, die wir in den L\u00e4ndern des S\u00fcdens aus dem Boden holen lassen. Kritik daran k\u00f6nnen wir auf deutschem Boden nicht zulassen.<\/p>\n\n\n\n<p>\u00dcberhaupt sollte doch die Klimakatastrophe von K\u00fcnstlern aus allen L\u00e4ndern der Welt thematisiert werden. Und es m\u00fcssten auch K\u00fcnstler aus Israel dabei sein, damit jeder sieht, dass wir keine Rassisten mehr sind.\u00a0 Die Musik von R. Wagner bei den Festspielen in Bayreuth ist ein gutes Beispiel, wie Deutsche die Kunst auch ohne Antisemitismus genie\u00dfen k\u00f6nnen.<\/p>\n\n\n\n<p>Deshalb ist es gut, wenn ein Team von Zensoren zusammengestellt wird, das alle entarteten Kunstwerke ausmerzt. Ein erster Schritt war die Entlassung der Generaldirektorin.<\/p>\n","protected":false,"gt_translate_keys":[{"key":"rendered","format":"html"}]},"excerpt":{"rendered":"<p>Die Kopfbedeckung wird bei religi\u00f6sen Handlungen getragen. Jedermann, der die Religion achten will, darf sie tragen, ob schwarz oder wei\u00df, ob gelb oder rot. Auch der Bischofshut, das Kreuz oder&hellip;<\/p>\n","protected":false,"gt_translate_keys":[{"key":"rendered","format":"html"}]},"author":1,"featured_media":0,"comment_status":"open","ping_status":"open","sticky":false,"template":"","format":"standard","meta":{"footnotes":""},"categories":[45],"tags":[179,698,699,63],"class_list":["post-3715","post","type-post","status-publish","format-standard","hentry","category-gesellschaft","tag-antisemitismus","tag-documenta","tag-kippa","tag-rassismus"],"gt_translate_keys":[{"key":"link","format":"url"}],"_links":{"self":[{"href":"https:\/\/andreastriebel.de\/index.php?rest_route=\/wp\/v2\/posts\/3715","targetHints":{"allow":["GET"]}}],"collection":[{"href":"https:\/\/andreastriebel.de\/index.php?rest_route=\/wp\/v2\/posts"}],"about":[{"href":"https:\/\/andreastriebel.de\/index.php?rest_route=\/wp\/v2\/types\/post"}],"author":[{"embeddable":true,"href":"https:\/\/andreastriebel.de\/index.php?rest_route=\/wp\/v2\/users\/1"}],"replies":[{"embeddable":true,"href":"https:\/\/andreastriebel.de\/index.php?rest_route=%2Fwp%2Fv2%2Fcomments&post=3715"}],"version-history":[{"count":7,"href":"https:\/\/andreastriebel.de\/index.php?rest_route=\/wp\/v2\/posts\/3715\/revisions"}],"predecessor-version":[{"id":3798,"href":"https:\/\/andreastriebel.de\/index.php?rest_route=\/wp\/v2\/posts\/3715\/revisions\/3798"}],"wp:attachment":[{"href":"https:\/\/andreastriebel.de\/index.php?rest_route=%2Fwp%2Fv2%2Fmedia&parent=3715"}],"wp:term":[{"taxonomy":"category","embeddable":true,"href":"https:\/\/andreastriebel.de\/index.php?rest_route=%2Fwp%2Fv2%2Fcategories&post=3715"},{"taxonomy":"post_tag","embeddable":true,"href":"https:\/\/andreastriebel.de\/index.php?rest_route=%2Fwp%2Fv2%2Ftags&post=3715"}],"curies":[{"name":"wp","href":"https:\/\/api.w.org\/{rel}","templated":true}]}}