{"id":3746,"date":"2022-07-09T17:59:33","date_gmt":"2022-07-09T15:59:33","guid":{"rendered":"https:\/\/andreastriebel.de\/?p=3746"},"modified":"2022-09-11T13:35:42","modified_gmt":"2022-09-11T11:35:42","slug":"welche-allianzen-notwendig-sind","status":"publish","type":"post","link":"https:\/\/andreastriebel.de\/?p=3746","title":{"rendered":"Welche Allianzen notwendig sind","gt_translate_keys":[{"key":"rendered","format":"text"}]},"content":{"rendered":"\n<p>Wer h\u00e4tte gedacht, dass die Gender- Ideologie einmal diese Kraft entfalten w\u00fcrde?<\/p>\n\n\n\n<p>Entstanden in h\u00f6chst privilegierten Milieus der amerikanischen Ost- und Westk\u00fcste breitet sie sich in den reichen westeurop\u00e4ischen Wohlstandsgesellschaften aus. Die biologische Pr\u00e4gung zu Mann oder Frau wird nun nicht mehr akzeptiert. Was bisher ein seltenes medizinisches Thema war, wird nun zu einem gesellschaftlichen Kampfbegriff. Unter pseudoliberalen Vorzeichen wird hier eine Freiheit gepriesen, welche die gesellschaftliche Pr\u00e4gung leugnet und dem Individuum einen Eskapismus \u00fcberreicht, in Wirklichkeit aber eine totale, lebenslange Unterordnung unter medizinische Zw\u00e4nge erfordert. Die chirurgischen Eingriffe sind in der Regel nicht zu kompensieren und die hormonelle Substitution muss lebenslang erfolgen. Ob eine normale Lebenszeit damit m\u00f6glich ist, ist nicht bekannt.<\/p>\n\n\n\n<p>In christlichen Kreisen oder in Gesellschaftsschichten, die man vor der Coronazeit als konservativ bezeichnet h\u00e4tte, konnte diese Ideologie nie Fu\u00df fassen. Sie wurde schnell als listiger Auswuchs des Neoliberalismus entlarvt. Fortschrittliche Denker erkannten, dass hier eine totale Unterwerfung der Menschen unter gesellschaftliche Zw\u00e4nge erfolgen w\u00fcrde. Der emanzipative Charakter der Frauenbewegung w\u00fcrde aufgehoben. Wer h\u00e4tte gedacht, dass konservative Kreise und Frauenbewegung einmal am gleichen Strang ziehen m\u00fcssten? Der konservative Gouverneur von Florida, De Santis, musste die Rechte von Frauen, welche die Neoliberalen in der Bundesregierung aufheben wollten, wieder in Kraft setzen.<\/p>\n\n\n\n<p>Christliche Kreise und Konservative haben die Bewahrung der Sch\u00f6pfung und die Beherrschung der Naturkr\u00e4fte immer als Ziel gesehen, w\u00e4hrend der Neoliberalismus nur nach Profitinteressen agieren kann und sich je nach politischer Opportunit\u00e4t der Gr\u00fcnen oder anderer Str\u00f6mungen bedient. Atomkraft und Kohle sind pl\u00f6tzlich umweltfreundlich und Gewaltherrscher im Orient, die ihre Untertanen foltern und zerst\u00fcckeln, werden zu beliebten Gaslieferanten. Daf\u00fcr hat man die Gr\u00fcnen, die jede Volte beliebig rechtfertigen. Das Bauernlegen zugunsten amerikanischer Agrokonzerne wird als Umweltschutz bem\u00e4ntelt und der B\u00fcrger soll den G\u00fcrtel enger schnallen. Die Allianz von holl\u00e4ndischen Bauern mit Hafenarbeitern zeigt aber das wachsende gesellschaftliche Bewusstsein.<\/p>\n\n\n\n<p>Das Covid- Drama hat offenbart, wie sehr der linke Anstrich gro\u00dfer gesellschaftlicher Kreise nur die hervorragende Anpassung an den vorherrschenden Neoliberalismus verdeckt hat. Das kriegsgeile Geschwurbel von gr\u00fcnen Spitzenvertretern (A. Hofreiter schw\u00e4rmt von Panzern und Haubitzen, welche Ukrainer gegen Russland einsetzen sollen; nach J. Trittin sollen deutsche Panzer in der Ukraine rollen, damit sie dort f\u00fcr den Frieden und gegen Russland eingesetzt werden.) sollte jedem die Augen ge\u00f6ffnet haben. Pl\u00f6tzlich sehen sich die wenigen 68-er in einer Allianz mit gesellschaftlichen Kr\u00e4ften, die in der Vor- Corona- Zeit als konservativ bezeichnet wurden.<\/p>\n\n\n\n<p>Die wenigen National\u00f6konomen, welche die Weltwirtschaftskrise vorausgesagt haben, sind ausnahmslos im \u201erechten\u201c und konservativen Lager beheimatet. Offensichtlich hat der enorme Reichtum westlicher Gesellschaften, an dem gro\u00dfe Teile der Mittelschicht teilhaben konnten, die Intellektuellen (einschlie\u00dflich Habermas) so saturiert, dass sie sich jeglicher (marxistischer) Erkenntnis versperrt haben.<\/p>\n\n\n\n<p>Die in Wirklichkeit faschistische Grundierung der Olivgr\u00fcnen wirkt sich auch in einem scheinbaren Nebenthema aus: C. Roth will eine Kommission einsetzen, die alle Kunstwerke auf der Documenta inspizieren soll, um m\u00f6glicherweise antisemitische auszusondern. Ja, Geschichte wiederholt sich nicht, wenn dann als Farce: dass sich Neofaschisten als Verfolger von Antisemitismus aufspielen.<\/p>\n\n\n\n<p>Die fanatischsten Bef\u00fcrworter von Ma\u00dfnahmen gegen die angebliche Pandemie sind im Lager derer zu finden, die sich einen linken Anstrich geben: Baden- W\u00fcrttemberg und Niedersachsen gegen den Rest der Welt sind stramme Maskenfans, Th\u00fcringen und Bayern stolpern hinterher.<\/p>\n\n\n\n<p>Wenn aber das Gas erst fehlt und die Geldentwertung vierzig Prozent und mehr erreicht, sind die Menschen nicht mehr mit Klima, Covid oder Putin ruhig zu stellen. Sie werden erkennen, dass in dieser Gesellschaft der letzte Tropfen \u00d6l aus dem Boden geholt werden wird, dass eine Covid- Infektion oder eine Infektion durch ein \u00e4hnliches Virus schon immer zu einer Erk\u00e4ltungssaison geh\u00f6rte und die Impfungen eine b\u00f6sartige T\u00e4uschung sind.<\/p>\n\n\n\n<p>\u00c4rmere Schichten und der Mittelstand wollen nicht die Verlierer in den kommenden Verteilungsk\u00e4mpfen sein. Die Eingriffe der Regierung in die sogenannte Tarifautonomie mit Einmalzahlungen bringen niemandem Entlastung aber helfen vielleicht \u00fcber die Niedersachsenwahl. Ob sich danach die Maskierung noch einmal durchsetzen l\u00e4sst, ist zweifelhaft. An ehesten wird man noch die Schulkinder zwingen k\u00f6nnen. Kretschmann zeigt sich schon voller Freude, seine sadistischen Neigungen ausleben zu k\u00f6nnen.<\/p>\n\n\n\n<p>Aber, wenn es ernst wird, und nicht nur Taxifahrer und Bauern auf den Stra\u00dfen demonstrieren, muss seine Polizei h\u00e4rter zuschlagen und Michael Ballweg wird nicht der einzige politische Gefangene bleiben.<\/p>\n\n\n\n<p><em>Who would have thought that gender ideology would one day develop this power?&#8230;<\/em><\/p>\n\n\n\n<figure class=\"wp-block-image size-full\"><img loading=\"lazy\" decoding=\"async\" width=\"317\" height=\"264\" src=\"https:\/\/andreastriebel.de\/wp-content\/uploads\/2022\/09\/Bild156.png\" alt=\"\" class=\"wp-image-3848\" srcset=\"https:\/\/andreastriebel.de\/wp-content\/uploads\/2022\/09\/Bild156.png 317w, https:\/\/andreastriebel.de\/wp-content\/uploads\/2022\/09\/Bild156-300x250.png 300w\" sizes=\"auto, (max-width: 317px) 100vw, 317px\" \/><\/figure>\n","protected":false,"gt_translate_keys":[{"key":"rendered","format":"html"}]},"excerpt":{"rendered":"<p>Wer h\u00e4tte gedacht, dass die Gender- Ideologie einmal diese Kraft entfalten w\u00fcrde? Entstanden in h\u00f6chst privilegierten Milieus der amerikanischen Ost- und Westk\u00fcste breitet sie sich in den reichen westeurop\u00e4ischen Wohlstandsgesellschaften&hellip;<\/p>\n","protected":false,"gt_translate_keys":[{"key":"rendered","format":"html"}]},"author":1,"featured_media":0,"comment_status":"open","ping_status":"open","sticky":false,"template":"","format":"standard","meta":{"footnotes":""},"categories":[45,11],"tags":[385,702,509,51],"class_list":["post-3746","post","type-post","status-publish","format-standard","hentry","category-gesellschaft","category-politik","tag-corona-krise","tag-gender-ideologie","tag-michael-ballweg","tag-neoliberalismus"],"gt_translate_keys":[{"key":"link","format":"url"}],"_links":{"self":[{"href":"https:\/\/andreastriebel.de\/index.php?rest_route=\/wp\/v2\/posts\/3746","targetHints":{"allow":["GET"]}}],"collection":[{"href":"https:\/\/andreastriebel.de\/index.php?rest_route=\/wp\/v2\/posts"}],"about":[{"href":"https:\/\/andreastriebel.de\/index.php?rest_route=\/wp\/v2\/types\/post"}],"author":[{"embeddable":true,"href":"https:\/\/andreastriebel.de\/index.php?rest_route=\/wp\/v2\/users\/1"}],"replies":[{"embeddable":true,"href":"https:\/\/andreastriebel.de\/index.php?rest_route=%2Fwp%2Fv2%2Fcomments&post=3746"}],"version-history":[{"count":6,"href":"https:\/\/andreastriebel.de\/index.php?rest_route=\/wp\/v2\/posts\/3746\/revisions"}],"predecessor-version":[{"id":3849,"href":"https:\/\/andreastriebel.de\/index.php?rest_route=\/wp\/v2\/posts\/3746\/revisions\/3849"}],"wp:attachment":[{"href":"https:\/\/andreastriebel.de\/index.php?rest_route=%2Fwp%2Fv2%2Fmedia&parent=3746"}],"wp:term":[{"taxonomy":"category","embeddable":true,"href":"https:\/\/andreastriebel.de\/index.php?rest_route=%2Fwp%2Fv2%2Fcategories&post=3746"},{"taxonomy":"post_tag","embeddable":true,"href":"https:\/\/andreastriebel.de\/index.php?rest_route=%2Fwp%2Fv2%2Ftags&post=3746"}],"curies":[{"name":"wp","href":"https:\/\/api.w.org\/{rel}","templated":true}]}}