{"id":3750,"date":"2022-07-13T18:00:47","date_gmt":"2022-07-13T16:00:47","guid":{"rendered":"https:\/\/andreastriebel.de\/?p=3750"},"modified":"2022-07-15T19:54:20","modified_gmt":"2022-07-15T17:54:20","slug":"impfzwang-in-den-gefaengnissen","status":"publish","type":"post","link":"https:\/\/andreastriebel.de\/?p=3750","title":{"rendered":"Impfzwang in den Gef\u00e4ngnissen","gt_translate_keys":[{"key":"rendered","format":"text"}]},"content":{"rendered":"\n<p><strong>Ohne Nachweis einer \u201eImpfung\u201c werden die Insassen in deutschen Gef\u00e4ngnissen sofort isoliert. &nbsp;In den meisten Anstalten sind sie bis zu vierundzwanzig Stunden t\u00e4glich ohne menschliche Kontakte. Zu Zeiten der RAF nannte man dies Isolationsfolter. Die meisten, welche die Injektion f\u00fcrchten, halten den Widerstand nicht durch und willigen schlie\u00dflich in die Injektion ein. Die Folge sind vermehrt Herztodesf\u00e4lle, sie werden \u201epl\u00f6tzlich und unerwartet\u201c tot in ihren Zellen aufgefunden.<\/strong><\/p>\n\n\n\n<p>In der \u00f6ffentlichen Diskussion soll dies nicht behandelt werden, daher gibt es keine offiziellen Statistiken. Zu sehr dr\u00e4ngt sich der Vergleich mit der Zeit des Nationalsozialismus auf. Allerdings haben diese ihr Vorgehen offener begr\u00fcndet und nicht mit dem Begriff Solidarit\u00e4t verkleidet.<\/p>\n\n\n\n<p>Es kommt auf diese Weise zu einer geringeren Belegung der Vollzugsanstalten und auch das Wachpersonal ist durch die Injektionen geschw\u00e4cht und dezimiert, dort treten die gleichen Folgen auf wie bei der Bundesbahn, im Flugverkehr, in den Krankenh\u00e4usern, in den Arztpraxen, den Beh\u00f6rden und in den Betrieben. Mit jeder weiteren Injektion werden die Personalausf\u00e4lle gr\u00f6\u00dfer. Die Menschen kr\u00e4nkeln oder werden sofort oder mit Verz\u00f6gerung krank. Ihr Immunsystem ist durch die Injektionen so geschw\u00e4cht, dass ein Corona- oder ein anderes Virus krankmachend wirkt, das ohne die Injektion unbemerkt geblieben w\u00e4re oder nur einen Schnupfen oder gelegentlich auch eine Grippe hervorgerufen h\u00e4tte.<\/p>\n\n\n\n<p>Im deutschen Au\u00dfenministerium richtet das keinen so gro\u00dfen Schaden an, d\u00e4mpft es doch wahrscheinlich die Kriegsbegeisterung.<\/p>\n\n\n\n<p>Die Impfideologie ist aber als Ausdruck rassistischer Vorstellungen ein wesentlich t\u00fcckischerer Angriff auf die W\u00fcrde des Menschen als der, den die Ideologen unternahmen, die im zweiten Weltkrieg endeten.<\/p>\n\n\n\n<p><em>Without proof of &#8222;vaccination,&#8220; inmates in German prisons are immediately isolated. \u00a0In most institutions, they are without human contact for up to twenty-four hours a day. In the days of the RAF, this was called isolation torture. Most, fearing the injection, do not endure the resistance and eventually consent to the injection. The result is an increase in cardiac deaths; they are found &#8222;suddenly and unexpectedly&#8220; dead in their cells&#8230;.<\/em><\/p>\n\n\n\n<figure class=\"wp-block-image size-full\"><img loading=\"lazy\" decoding=\"async\" width=\"770\" height=\"487\" src=\"https:\/\/andreastriebel.de\/wp-content\/uploads\/2022\/07\/Engl-deaths-vaxx.webp\" alt=\"\" class=\"wp-image-3756\" srcset=\"https:\/\/andreastriebel.de\/wp-content\/uploads\/2022\/07\/Engl-deaths-vaxx.webp 770w, https:\/\/andreastriebel.de\/wp-content\/uploads\/2022\/07\/Engl-deaths-vaxx-300x190.webp 300w, https:\/\/andreastriebel.de\/wp-content\/uploads\/2022\/07\/Engl-deaths-vaxx-768x486.webp 768w\" sizes=\"auto, (max-width: 770px) 100vw, 770px\" \/><\/figure>\n","protected":false,"gt_translate_keys":[{"key":"rendered","format":"html"}]},"excerpt":{"rendered":"<p>Ohne Nachweis einer \u201eImpfung\u201c werden die Insassen in deutschen Gef\u00e4ngnissen sofort isoliert. &nbsp;In den meisten Anstalten sind sie bis zu vierundzwanzig Stunden t\u00e4glich ohne menschliche Kontakte. Zu Zeiten der RAF&hellip;<\/p>\n","protected":false,"gt_translate_keys":[{"key":"rendered","format":"html"}]},"author":1,"featured_media":0,"comment_status":"open","ping_status":"open","sticky":false,"template":"","format":"standard","meta":{"footnotes":""},"categories":[45],"tags":[385,703,483,40],"class_list":["post-3750","post","type-post","status-publish","format-standard","hentry","category-gesellschaft","tag-corona-krise","tag-gefaengnis","tag-impfzwang","tag-nationalsozialismus"],"gt_translate_keys":[{"key":"link","format":"url"}],"_links":{"self":[{"href":"https:\/\/andreastriebel.de\/index.php?rest_route=\/wp\/v2\/posts\/3750","targetHints":{"allow":["GET"]}}],"collection":[{"href":"https:\/\/andreastriebel.de\/index.php?rest_route=\/wp\/v2\/posts"}],"about":[{"href":"https:\/\/andreastriebel.de\/index.php?rest_route=\/wp\/v2\/types\/post"}],"author":[{"embeddable":true,"href":"https:\/\/andreastriebel.de\/index.php?rest_route=\/wp\/v2\/users\/1"}],"replies":[{"embeddable":true,"href":"https:\/\/andreastriebel.de\/index.php?rest_route=%2Fwp%2Fv2%2Fcomments&post=3750"}],"version-history":[{"count":4,"href":"https:\/\/andreastriebel.de\/index.php?rest_route=\/wp\/v2\/posts\/3750\/revisions"}],"predecessor-version":[{"id":3757,"href":"https:\/\/andreastriebel.de\/index.php?rest_route=\/wp\/v2\/posts\/3750\/revisions\/3757"}],"wp:attachment":[{"href":"https:\/\/andreastriebel.de\/index.php?rest_route=%2Fwp%2Fv2%2Fmedia&parent=3750"}],"wp:term":[{"taxonomy":"category","embeddable":true,"href":"https:\/\/andreastriebel.de\/index.php?rest_route=%2Fwp%2Fv2%2Fcategories&post=3750"},{"taxonomy":"post_tag","embeddable":true,"href":"https:\/\/andreastriebel.de\/index.php?rest_route=%2Fwp%2Fv2%2Ftags&post=3750"}],"curies":[{"name":"wp","href":"https:\/\/api.w.org\/{rel}","templated":true}]}}