{"id":3813,"date":"2022-08-21T18:50:49","date_gmt":"2022-08-21T16:50:49","guid":{"rendered":"https:\/\/andreastriebel.de\/?p=3813"},"modified":"2022-08-23T14:56:10","modified_gmt":"2022-08-23T12:56:10","slug":"holocaust-ueberlebende-vera-sharav-in-nuernberg","status":"publish","type":"post","link":"https:\/\/andreastriebel.de\/?p=3813","title":{"rendered":"Holocaust-\u00dcberlebende Vera Sharav in N\u00fcrnberg","gt_translate_keys":[{"key":"rendered","format":"text"}]},"content":{"rendered":"\n<p>20. August 2022<\/p>\n\n\n\n<p><strong>Ich bin nach N\u00fcrnberg gekommen, um der aktuellen globalen Bedrohung, mit der unsere Zivilisation konfrontiert ist, einen historischen Kontext zu geben. Die letzten zweieinhalb Jahre waren besonders anstrengend \u2013 da wurden schmerzhafte Erinnerungen wieder wach.<\/strong><\/p>\n\n\n\n<p>1941 war ich dreieinhalb Jahre alt, als meine Familie aus ihrem Haus in Rum\u00e4nien vertrieben und in die Ukraine deportiert wurde.<\/p>\n\n\n\n<p>Wir wurden in ein Konzentrationslager getrieben, wo wir praktisch verhungern mussten. Der Tod war allgegenw\u00e4rtig. Mein Vater starb an Typhus, als ich f\u00fcnf Jahre alt war.<\/p>\n\n\n\n<p>Im Jahr 1944, als die Endl\u00f6sung aggressiv umgesetzt wurde, zog sich Rum\u00e4nien aus dem B\u00fcndnis mit Nazideutschland zur\u00fcck. Die Regierung erlaubte mehreren hundert j\u00fcdischen Waisenkindern unter 12 Jahren die R\u00fcckkehr nach Rum\u00e4nien. Ich war kein Waisenkind; meine Mutter hatte gelogen, um mein Leben zu retten.<\/p>\n\n\n\n<p>Ich bestieg einen Viehwaggonzug \u2013 denselben Zug, der weiterhin Juden in die Vernichtungslager transportierte \u2013 selbst als Deutschland den Krieg verlor.<\/p>\n\n\n\n<p>Es dauerte vier Jahre, bis ich mit meiner Mutter wiedervereint war.<\/p>\n\n\n\n<hr class=\"wp-block-separator has-alpha-channel-opacity\"\/>\n\n\n\n<h4 class=\"wp-block-heading\">Der Holocaust dient als archetypisches Symbol f\u00fcr das unermesslich B\u00f6se<\/h4>\n\n\n\n<ul class=\"wp-block-list\"><li>Moralische Normen und menschliche Werte wurden systematisch ausgel\u00f6scht.<\/li><li>Das Nazi-System zerst\u00f6rte das soziale Gewissen.<\/li><li>Millionen von Menschen wurden als Sklavenarbeiter zu Tode geschuftet.<\/li><li>Andere wurden missbraucht<\/li><\/ul>\n\n\n\n<p>als menschliche Versuchskaninchen missbraucht.<\/p>\n\n\n\n<p>Der Holocaust begann nicht erst in den Gaskammern von Auschwitz und Treblinka.<\/p>\n\n\n\n<p>Dem Holocaust gingen 9 Jahre der schrittweisen Einschr\u00e4nkung der pers\u00f6nlichen Freiheit und der Aufhebung der gesetzlichen und b\u00fcrgerlichen Rechte voraus.<\/p>\n\n\n\n<p>Die B\u00fchne wurde durch Angstmacherei und Hasspropaganda bereitet.<\/p>\n\n\n\n<p>Eine Reihe von dem\u00fctigenden, diskriminierenden Regierungserlassen d\u00e4monisierte die Juden als \u201eKrankheits\u00fcbertr\u00e4ger\u201c. Wir wurden mit L\u00e4usen verglichen.<\/p>\n\n\n\n<hr class=\"wp-block-separator has-alpha-channel-opacity\"\/>\n\n\n\n<h4 class=\"wp-block-heading\">Die wahre Viruserkrankung, die Nazideutschland infizierte, ist die Eugenik \u2013 die elit\u00e4re Ideologie, die allen V\u00f6lkermorden zugrunde liegt.<\/h4>\n\n\n\n<ul class=\"wp-block-list\"><li>Eugenik ist in einen Mantel der Pseudowissenschaft geh\u00fcllt.<\/li><li>Sie wurde vom akademischen und medizinischen Establishment sowie von der Justiz \u00fcbernommen \u2013 in Deutschland und in den Vereinigten Staaten.<\/li><li>Eugeniker rechtfertigen soziale und wirtschaftliche Ungleichheit.<\/li><\/ul>\n\n\n\n<p>Sie legitimieren Diskriminierung, Apartheid, Sterilisation, Euthanasie und V\u00f6lkermord. Die Nazis nannten es \u201eethnische S\u00e4uberung\u201c \u2013 zum Schutz des Genpools.<\/p>\n\n\n\n<h4 class=\"wp-block-heading\">Die Medizin wurde von ihrem Heilungsauftrag entfremdet und zu einer Waffe gemacht.<\/h4>\n\n\n\n<p>Zun\u00e4chst diente sie der Kontrolle der Fortpflanzung durch Zwangssterilisation, dann der Eliminierung der als \u201eUntermenschen\u201c betrachteten Unmenschen. Die ersten Opfer des medizinischen Mordes waren 1.000 deutsche behinderte S\u00e4uglinge und Kleinkinder. Diese m\u00f6rderische Operation wurde auf sch\u00e4tzungsweise 10.000 Kinder bis zum Alter von 17 Jahren ausgeweitet.<\/p>\n\n\n\n<p>Die n\u00e4chsten Opfer waren psychisch Kranke, gefolgt von alten Menschen in Pflegeheimen. Alle diese Menschen wurden als \u201ewertlose Esser\u201c verurteilt.<\/p>\n\n\n\n<p>Im Rahmen der Operation T-4 wurden bestimmte Krankenh\u00e4user zu T\u00f6tungsstationen, in denen verschiedene Vernichtungsmethoden erprobt wurden \u2013 darunter auch Zyklon B, das Gas, das in den Vernichtungslagern eingesetzt wurde.<\/p>\n\n\n\n<hr class=\"wp-block-separator has-alpha-channel-opacity\"\/>\n\n\n\n<p><strong>Das Ziel der nationalsozialistischen Endl\u00f6sung<\/strong> bestand darin, die gesamte j\u00fcdische Bev\u00f6lkerung Europas (11 Millionen) so schnell und effizient wie m\u00f6glich zu vernichten.<\/p>\n\n\n\n<p>Die Nazis erlie\u00dfen diskriminierende Gesetze; sie setzten moderne Technologie, kosteng\u00fcnstige industrielle Methoden, ein effizientes Transportsystem und eine hochqualifizierte B\u00fcrokratie ein, die den industriellen V\u00f6lkermordprozess koordinierte. Das Ziel war hohe Geschwindigkeit, maximale Effizienz bei niedrigsten Kosten.<\/p>\n\n\n\n<p>Die menschlichen Opfer dieses beispiellosen V\u00f6lkermords waren 6 Millionen Juden und 9 Millionen andere Menschen, die die <strong>Nazis als Untermenschen entmenschlichten<\/strong>.<\/p>\n\n\n\n<p>Der Zweck von Holocaust-Gedenkst\u00e4tten besteht darin, k\u00fcnftige Generationen zu warnen und dar\u00fcber zu informieren, wie eine aufgekl\u00e4rte, zivilisierte Gesellschaft in ein v\u00f6lkerm\u00f6rderisches Universum verwandelt werden kann, das von absoluter moralischer Verderbtheit beherrscht wird.<\/p>\n\n\n\n<p>Wenn wir einen weiteren Holocaust verhindern wollen, m\u00fcssen wir bedrohliche aktuelle Parallelen erkennen, bevor sie das Gef\u00fcge der Gesellschaft vergiften.<\/p>\n\n\n\n<p>Seit der Zeit des Nationalsozialismus sind das Studium der Geschichte und die meisten Geisteswissenschaften \u2013 einschlie\u00dflich Philosophie, Religion und Ethik \u2013 von der Betonung der utilitaristischen Wissenschaft und Technologie \u00fcberschattet worden.<\/p>\n\n\n\n<p>Infolgedessen erkennen nur wenige Menschen die bedrohlichen \u00c4hnlichkeiten zwischen der aktuellen Politik und der des Naziregimes.<\/p>\n\n\n\n<p>Durch die Ausrufung des Ausnahmezustands \u2013 1933 und 2020 \u2013 wurden die verfassungsm\u00e4\u00dfig gesch\u00fctzte pers\u00f6nliche Freiheit, die gesetzlichen Rechte und die B\u00fcrgerrechte au\u00dfer Kraft gesetzt. Repressive, diskriminierende Verordnungen folgten.<\/p>\n\n\n\n<p>Waren es 1933 vor allem Juden, die diskriminiert wurden, so sind es heute Menschen, die sich weigern, sich mit experimentellen, gentechnisch ver\u00e4nderten Impfstoffen impfen zu lassen. Damals wie heute wurden staatliche Diktate geschaffen, um Teile der Bev\u00f6lkerung zu eliminieren.<\/p>\n\n\n\n<p>Im Jahr 2020 verbot die Regierung den Krankenh\u00e4usern, \u00e4ltere Menschen in Pflegeheimen zu behandeln. <strong>Das Ergebnis war ein Massenmord.<\/strong><\/p>\n\n\n\n<p>Regierungsdekrete verbieten \u00c4rzten weiterhin, lebensrettende, von der FDA zugelassene Medikamente zu verschreiben; von der Regierung diktierte Protokolle t\u00f6ten weiterhin.<\/p>\n\n\n\n<p>Die Medien schweigen \u2013 wie damals.<\/p>\n\n\n\n<p>Die Medien verbreiten ein einziges, von der Regierung diktiertes Narrativ \u2013 genau wie unter den Nazis. Eine strenge Zensur bringt Andersdenkende zum Schweigen.<\/p>\n\n\n\n<p>In Nazi-Deutschland gab es nur wenige, die sich dagegen wehrten; die, die es taten, wurden in Konzentrationslagern inhaftiert.<\/p>\n\n\n\n<p>Heute werden \u00c4rzte und Wissenschaftler, die das anerkannte Narrativ in Frage stellen, verleumdet und ihr Ruf wird in den Schmutz gezogen. Sie riskieren, ihre Approbation zu verlieren, und ihre Wohnungen und Arbeitspl\u00e4tze werden von SWAT-Teams durchsucht.<\/p>\n\n\n\n<hr class=\"wp-block-separator has-alpha-channel-opacity\"\/>\n\n\n\n<h4 class=\"wp-block-heading\">Die moralische Bedeutung des N\u00fcrnberger Kodex kann nicht hoch genug eingesch\u00e4tzt werden:<\/h4>\n\n\n\n<p>Der N\u00fcrnberger Kodex ist das ma\u00dfgebliche, international anerkannte Dokument in der Geschichte der medizinischen Ethik.<\/p>\n\n\n\n<p>Dieses bahnbrechende Dokument wurde als Reaktion auf die von \u00c4rzten und Wissenschaftlern der Nazis begangenen medizinischen Gr\u00e4ueltaten formuliert.<\/p>\n\n\n\n<p>Der Kodex legt die moralischen Grenzen f\u00fcr die Forschung am Menschen fest.<\/p>\n\n\n\n<p>Der N\u00fcrnberger Kodex lehnt die Ideologie der Eugenik ab und bekr\u00e4ftigt unmissverst\u00e4ndlich den Vorrang und die W\u00fcrde des einzelnen Menschen \u2013 im Gegensatz zum \u201eh\u00f6heren Wohl der Gesellschaft\u201c.<\/p>\n\n\n\n<p>Die amerikanischen Juristen, die den N\u00fcrnberger Kodex formulierten, \u00fcbernahmen die offiziellen deutschen \u201eRichtlinien f\u00fcr Menschenversuche\u201c von Dr. Julius Moses aus dem Jahr 1931. Diese Richtlinien blieben bis 1945 rechtlich in Kraft. Die Nazis verstie\u00dfen in vollem Umfang gegen sie. Dr. Moses, der Jude war, wurde nach Theresienstadt deportiert, wo er starb.<\/p>\n\n\n\n<hr class=\"wp-block-separator has-alpha-channel-opacity\"\/>\n\n\n\n<p><strong>Der N\u00fcrnberger Kodex definierte grundlegende, universelle moralische und rechtliche Standards<\/strong> und bekr\u00e4ftigte die grundlegenden Menschenrechte.<\/p>\n\n\n\n<p>Diese Menschenrechte gelten f\u00fcr jeden Menschen.<\/p>\n\n\n\n<ul class=\"wp-block-list\"><li>Der Kodex setzt Grenzen f\u00fcr die Parameter zul\u00e4ssiger medizinischer Experimente.<\/li><li>Ebenso wichtig ist, dass der N\u00fcrnberger Kodex \u00c4rzte und Forscher <strong>pers\u00f6nlich daf\u00fcr verantwortlich macht<\/strong>, die Sicherheit der Versuchspersonen zu gew\u00e4hrleisten und sicherzustellen, dass die Person freiwillig und in voller Kenntnis der Sachlage ihre Einwilligung gegeben hat. Die Normen des N\u00fcrnberger Kodex sind in das Internationale Strafgesetzbuch aufgenommen worden. Sie sind heute sowohl in Friedens- als auch in Kriegszeiten rechtlich anwendbar.<\/li><\/ul>\n\n\n\n<p>Das Ziel des N\u00fcrnberger Kodex ist es, sicherzustellen, dass die Medizin nie wieder vom ethischen Vorsorgeprinzip abweicht: \u201eErstens, schade nicht\u201c.<\/p>\n\n\n\n<p>Der N\u00fcrnberger Kodex diente als Vorbild f\u00fcr nachfolgende nationale und internationale Menschenrechtskodizes \u2013 um sicherzustellen, dass:<\/p>\n\n\n\n<ul class=\"wp-block-list\"><li>die Rechte und die W\u00fcrde des Menschen gewahrt werden;<\/li><li>&amp; um sicherzustellen, dass \u00c4rzte nie wieder moralisch abscheuliche Experimente durchf\u00fchren.<\/li><li>Wie die 10 Gebote darf kein einziges Wort des Kodexes jemals ge\u00e4ndert werden.<\/li><\/ul>\n\n\n\n<p>Der erste von 10 ethischen Grunds\u00e4tzen legt die wichtigste ethische Forderung fest, die sehr detailliert formuliert ist:<\/p>\n\n\n\n<blockquote class=\"wp-block-quote is-layout-flow wp-block-quote-is-layout-flow\"><p><em>\u201eDie freiwillige Zustimmung des Probanden ist absolut unerl\u00e4sslich\u201c.<\/em><\/p><\/blockquote>\n\n\n\n<p><em>\u201eDies bedeutet, dass die betreffende Person rechtlich in der Lage sein sollte, ihre Zustimmung zu geben; sie sollte sich in einer Lage befinden, in der sie in der Lage ist, eine freie Entscheidung zu treffen, ohne dass irgendeine Art von Zwang oder N\u00f6tigung vorliegt; und<strong> sie sollte \u00fcber ausreichende Kenntnisse und ein ausreichendes Verst\u00e4ndnis der Elemente des betreffenden Gegenstands verf\u00fcgen, um eine verst\u00e4ndige und aufgekl\u00e4rte Entscheidung treffen zu k\u00f6nnen<\/strong>. Dies \u2026 erfordert, dass die <strong>Versuchsperson<\/strong> vor der Annahme \u2026 einer positiven Entscheidung \u2026 \u00fcber Art, Dauer und Zweck des Versuchs, \u00fcber die Methode und die Mittel, mit denen der Versuch durchgef\u00fchrt werden soll, \u00fcber alle vern\u00fcnftigerweise zu erwartenden Unannehmlichkeiten und Gefahren sowie \u00fcber die Auswirkungen auf ihre Gesundheit oder ihre Person, die sich aus ihrer Teilnahme an dem Versuch ergeben k\u00f6nnen, [informiert] werden sollte.<strong> Die Pflicht und Verantwortung<\/strong>, die Qualit\u00e4t der Einwilligung festzustellen, liegt bei <strong>jeder Person<\/strong>, die den Versuch initiiert, leitet oder sich an ihm beteiligt. Es handelt sich um eine pers\u00f6nliche Pflicht und Verantwortung, die nicht ungestraft an andere delegiert werden kann.\u201c<\/em><\/p>\n\n\n\n<hr class=\"wp-block-separator has-alpha-channel-opacity\"\/>\n\n\n\n<p><strong>Die v\u00f6lkerm\u00f6rderische Kultur<\/strong>, die das Naziregime durchdrang, <strong>endete nicht im Jahr 1945<\/strong>. Sie metastasierte in den Vereinigten Staaten.<\/p>\n\n\n\n<p>Am Ende des Krieges halfen Agenten der US-Regierung 1.600 hochrangigen Nazi-Wissenschaftlern, -\u00c4rzten und -Ingenieuren, sich der Justiz in N\u00fcrnberg zu entziehen.<\/p>\n\n\n\n<p>Diese Nazi-Technokraten erleichterten die m\u00f6rderischen Operationen der Nazis. Sie waren Hitlers Partner bei Verbrechen gegen die Menschlichkeit. Sie wurden im Rahmen der Operation Paperclip heimlich in die USA geschmuggelt. Dies geschah unter Missachtung der ausdr\u00fccklichen Anweisung von Pr\u00e4sident Harry Truman. Diese Nazi-Verbrecher wurden in hochrangigen Positionen in gro\u00dfen amerikanischen wissenschaftlichen und medizinischen Einrichtungen untergebracht, wo sie ihre Arbeit fortsetzten.<\/p>\n\n\n\n<p>Dar\u00fcber hinaus bildeten diese Nazi-Technokraten eine Generation von amerikanischen Wissenschaftlern, \u00c4rzten und Ingenieuren aus.<\/p>\n\n\n\n<p>Auf diese Weise wurden die Nazi-Methoden und die unmoralische Missachtung menschlicher Werte in Amerika verankert.<\/p>\n\n\n\n<p>1961 warnte <strong>Pr\u00e4sident Dwight Eisenhower<\/strong> in seiner Abschiedsrede an die Nation vor der zunehmenden Dominanz des <em>\u201emilit\u00e4risch-industriellen Komplexes\u201c<\/em>, dessen \u201e<em>totaler Einfluss \u2013 wirtschaftlich, politisch und sogar spirituell \u2013 [\u00fcberall] zu sp\u00fcren ist<\/em>\u201e.<\/p>\n\n\n\n<p>Eisenhower warnte: \u201e<em>Wir m\u00fcssen uns der Gefahr bewusst sein, dass die \u00f6ffentliche Politik selbst zur Gefangenen einer wissenschaftlich-technologischen Elite werden k\u00f6nnte.\u201c<\/em><\/p>\n\n\n\n<p>1979 warnte ein Bericht der US-Kommission \u00fcber den Holocaust unter dem Vorsitz des Auschwitz-\u00dcberlebenden Elie Wiesel an den Pr\u00e4sidenten:<\/p>\n\n\n\n<blockquote class=\"wp-block-quote is-layout-flow wp-block-quote-is-layout-flow\"><p>\u201e\u2026die Neigung, die Option der Nazis zu duplizieren und erneut Millionen von Menschen zu vernichten, bleibt eine abscheuliche Bedrohung.\u201c<\/p><\/blockquote>\n\n\n\n<p>Diejenigen, die erkl\u00e4ren, dass Analogien zum Holocaust \u201etabu\u201c sind, verraten die Opfer des Holocaust, indem sie die Relevanz des Holocaust leugnen.<\/p>\n\n\n\n<p>Der N\u00fcrnberger Kodex dient seit seiner Ver\u00f6ffentlichung vor 75 Jahren als Grundlage f\u00fcr die ethische klinische Forschung.<\/p>\n\n\n\n<p>Die Covid-Pandemie wird als Gelegenheit genutzt, um die im N\u00fcrnberger Kodex festgelegten moralischen und rechtlichen Parameter umzusto\u00dfen.<\/p>\n\n\n\n<p>Der N\u00fcrnberger Kodex ist unsere Verteidigung gegen missbr\u00e4uchliche Experimente.<\/p>\n\n\n\n<hr class=\"wp-block-separator has-alpha-channel-opacity\"\/>\n\n\n\n<h4 class=\"wp-block-heading\">Die Menschheit wird derzeit von den globalen Erben der Nazis belagert.<\/h4>\n\n\n\n<p>Eine Gruppe r\u00fccksichtsloser, miteinander verbundener, globaler Milliard\u00e4re hat die Kontrolle \u00fcber nationale und internationale politische Institutionen erlangt.<\/p>\n\n\n\n<p>Sie haben mit der Umsetzung einer teuflischen Agenda begonnen:<\/p>\n\n\n\n<ul class=\"wp-block-list\"><li>Umsturz der Demokratie und der westlichen Zivilisation;<\/li><li>Entv\u00f6lkerung der Weltbev\u00f6lkerung;<\/li><li>Abschaffung der Nationalstaaten und Einf\u00fchrung einer Weltregierung;<\/li><li>Abschaffung des Bargelds und Einf\u00fchrung einer digitalen W\u00e4hrung;<\/li><li>Jedem Menschen digitale IDs und F\u00e4higkeiten der k\u00fcnstlichen Intelligenz einpflanzen. Wenn diese Ziele Wirklichkeit werden, werden wir 24 Stunden am Tag, 7 Tage die Woche digital \u00fcberwacht.<\/li><\/ul>\n\n\n\n<p>Im Mai 2022, auf dem Weltwirtschaftsforum in Davos, erkl\u00e4rte Klaus Schwab, der Architekt des dystopischen Great Reset:<\/p>\n\n\n\n<p><em><strong>\u201eDie Zukunft findet nicht einfach so statt; die Zukunft wird von uns, einer m\u00e4chtigen Gemeinschaft hier in diesem Raum, gestaltet. Wir haben die Mittel, den Zustand der Welt zu erzwingen\u201c.<\/strong><\/em><\/p>\n\n\n\n<p>Das ultimative Ziel dieser Gr\u00f6\u00dfenwahnsinnigen ist es, die totale Kontrolle \u00fcber die nat\u00fcrlichen Ressourcen und die finanziellen Mittel der Welt zu erlangen und die Menschen durch transhumane Roboter zu ersetzen. [1] Der Transhumanismus ist ein biotechnologisch verbessertes Kastensystem \u2013 die Neue Eugenik.<\/p>\n\n\n\n<p>Klaus Schwabs f\u00fchrender Berater ist Yuval Noah Harari, ein an der Oxford University ausgebildeter Israeli. Harari ist ein Bef\u00fcrworter der Neuen Eugenik und des Transhumanismus.<\/p>\n\n\n\n<p>Harari bezeichnet den Menschen als \u201e<em>hackbares Tier<\/em>\u201c Er erkl\u00e4rte: \u201e<em>Wir haben die Technologie, um Menschen in gro\u00dfem Umfang zu hacken\u2026\u201c.<\/em><\/p>\n\n\n\n<p>Harari verachtet das Konzept von Gott selbst.<\/p>\n\n\n\n<p>Transhumanisten verachten die menschlichen Werte und leugnen die Existenz einer menschlichen Seele. Harari erkl\u00e4rt, dass es zu viele \u201e<em>nutzlose Menschen<\/em>\u201c gibt. Die Nazis bezeichneten sie als \u201e<em>wertlose Esser<\/em>\u201e.<\/p>\n\n\n\n<p>Dies ist die Neue Eugenik.<\/p>\n\n\n\n<p>Sie wird von den m\u00e4chtigsten globalen Milliard\u00e4r-Technokraten, die sich in Davos versammeln, bef\u00fcrwortet: Big Tech, Big Pharma, die Finanzoligarchen, Akademiker, Regierungsvertreter und der milit\u00e4risch-industrielle Komplex. <strong>Diese Gr\u00f6\u00dfenwahnsinnigen haben den Weg f\u00fcr einen weiteren Holocaust geebnet<\/strong>.<\/p>\n\n\n\n<p>Diesmal ist die Bedrohung durch den V\u00f6lkermord von globalem Ausma\u00df.<\/p>\n\n\n\n<p>Statt Zyklon B-Gas sind die Massenvernichtungswaffen diesmal gentechnisch hergestellte injizierbare Biowaffen, die sich als Impfstoffe tarnen.<\/p>\n\n\n\n<p>Diesmal wird es keine Retter geben. <strong>Wenn wir uns nicht alle wehren, Nie Wieder ist JETZT.<\/strong><\/p>\n\n\n\n<hr class=\"wp-block-separator has-alpha-channel-opacity\"\/>\n\n\n\n<p><em>Vera Sharav<br><\/em><em>Holocaust-\u00dcberlebende<br><\/em><em>\u00d6ffentliche F\u00fcrsprecherin f\u00fcr Menschenrechte<\/em><\/p>\n\n\n\n<p><em>I came to Nuremberg to give historical context to the current global threat facing our civilization. The last two and a half years have been particularly exhausting &#8211; painful memories have come flooding back.<\/em>..<\/p>\n\n\n\n<hr class=\"wp-block-separator has-alpha-channel-opacity\"\/>\n\n\n\n<figure class=\"wp-block-image size-large\"><img loading=\"lazy\" decoding=\"async\" width=\"1024\" height=\"575\" src=\"https:\/\/andreastriebel.de\/wp-content\/uploads\/2022\/08\/image-5-1024x575.jpeg\" alt=\"\" class=\"wp-image-3822\" srcset=\"https:\/\/andreastriebel.de\/wp-content\/uploads\/2022\/08\/image-5-1024x575.jpeg 1024w, https:\/\/andreastriebel.de\/wp-content\/uploads\/2022\/08\/image-5-300x168.jpeg 300w, https:\/\/andreastriebel.de\/wp-content\/uploads\/2022\/08\/image-5-768x431.jpeg 768w, https:\/\/andreastriebel.de\/wp-content\/uploads\/2022\/08\/image-5-1536x863.jpeg 1536w, https:\/\/andreastriebel.de\/wp-content\/uploads\/2022\/08\/image-5.jpeg 2048w\" sizes=\"auto, (max-width: 1024px) 100vw, 1024px\" \/><\/figure>\n\n\n\n<figure class=\"wp-block-image size-large\"><img loading=\"lazy\" decoding=\"async\" width=\"1024\" height=\"575\" src=\"https:\/\/andreastriebel.de\/wp-content\/uploads\/2022\/08\/image-4-1024x575.jpeg\" alt=\"\" class=\"wp-image-3823\" srcset=\"https:\/\/andreastriebel.de\/wp-content\/uploads\/2022\/08\/image-4-1024x575.jpeg 1024w, https:\/\/andreastriebel.de\/wp-content\/uploads\/2022\/08\/image-4-300x168.jpeg 300w, https:\/\/andreastriebel.de\/wp-content\/uploads\/2022\/08\/image-4-768x431.jpeg 768w, https:\/\/andreastriebel.de\/wp-content\/uploads\/2022\/08\/image-4-1536x863.jpeg 1536w, https:\/\/andreastriebel.de\/wp-content\/uploads\/2022\/08\/image-4.jpeg 2048w\" sizes=\"auto, (max-width: 1024px) 100vw, 1024px\" \/><\/figure>\n\n\n\n<figure class=\"wp-block-image size-large\"><img loading=\"lazy\" decoding=\"async\" width=\"1024\" height=\"575\" src=\"https:\/\/andreastriebel.de\/wp-content\/uploads\/2022\/08\/image-3-1024x575.jpeg\" alt=\"\" class=\"wp-image-3824\" srcset=\"https:\/\/andreastriebel.de\/wp-content\/uploads\/2022\/08\/image-3-1024x575.jpeg 1024w, https:\/\/andreastriebel.de\/wp-content\/uploads\/2022\/08\/image-3-300x168.jpeg 300w, https:\/\/andreastriebel.de\/wp-content\/uploads\/2022\/08\/image-3-768x431.jpeg 768w, https:\/\/andreastriebel.de\/wp-content\/uploads\/2022\/08\/image-3-1536x863.jpeg 1536w, https:\/\/andreastriebel.de\/wp-content\/uploads\/2022\/08\/image-3.jpeg 2048w\" sizes=\"auto, (max-width: 1024px) 100vw, 1024px\" \/><\/figure>\n\n\n\n<figure class=\"wp-block-image size-large\"><img loading=\"lazy\" decoding=\"async\" width=\"1024\" height=\"575\" src=\"https:\/\/andreastriebel.de\/wp-content\/uploads\/2022\/08\/image-2-1024x575.jpeg\" alt=\"\" class=\"wp-image-3825\" srcset=\"https:\/\/andreastriebel.de\/wp-content\/uploads\/2022\/08\/image-2-1024x575.jpeg 1024w, https:\/\/andreastriebel.de\/wp-content\/uploads\/2022\/08\/image-2-300x168.jpeg 300w, https:\/\/andreastriebel.de\/wp-content\/uploads\/2022\/08\/image-2-768x431.jpeg 768w, https:\/\/andreastriebel.de\/wp-content\/uploads\/2022\/08\/image-2-1536x863.jpeg 1536w, https:\/\/andreastriebel.de\/wp-content\/uploads\/2022\/08\/image-2.jpeg 2048w\" sizes=\"auto, (max-width: 1024px) 100vw, 1024px\" \/><\/figure>\n\n\n\n<figure class=\"wp-block-image size-large\"><img loading=\"lazy\" decoding=\"async\" width=\"1024\" height=\"575\" src=\"https:\/\/andreastriebel.de\/wp-content\/uploads\/2022\/08\/image-1024x575.jpeg\" alt=\"\" class=\"wp-image-3827\" srcset=\"https:\/\/andreastriebel.de\/wp-content\/uploads\/2022\/08\/image-1024x575.jpeg 1024w, https:\/\/andreastriebel.de\/wp-content\/uploads\/2022\/08\/image-300x168.jpeg 300w, https:\/\/andreastriebel.de\/wp-content\/uploads\/2022\/08\/image-768x431.jpeg 768w, https:\/\/andreastriebel.de\/wp-content\/uploads\/2022\/08\/image-1536x863.jpeg 1536w, https:\/\/andreastriebel.de\/wp-content\/uploads\/2022\/08\/image.jpeg 2048w\" sizes=\"auto, (max-width: 1024px) 100vw, 1024px\" \/><\/figure>\n\n\n\n<figure class=\"wp-block-image size-large\"><img loading=\"lazy\" decoding=\"async\" width=\"1024\" height=\"575\" src=\"https:\/\/andreastriebel.de\/wp-content\/uploads\/2022\/08\/image-6-1024x575.jpeg\" alt=\"\" class=\"wp-image-3821\" srcset=\"https:\/\/andreastriebel.de\/wp-content\/uploads\/2022\/08\/image-6-1024x575.jpeg 1024w, https:\/\/andreastriebel.de\/wp-content\/uploads\/2022\/08\/image-6-300x168.jpeg 300w, https:\/\/andreastriebel.de\/wp-content\/uploads\/2022\/08\/image-6-768x431.jpeg 768w, https:\/\/andreastriebel.de\/wp-content\/uploads\/2022\/08\/image-6-1536x863.jpeg 1536w, https:\/\/andreastriebel.de\/wp-content\/uploads\/2022\/08\/image-6.jpeg 2048w\" sizes=\"auto, (max-width: 1024px) 100vw, 1024px\" \/><\/figure>\n","protected":false,"gt_translate_keys":[{"key":"rendered","format":"html"}]},"excerpt":{"rendered":"<p>20. August 2022 Ich bin nach N\u00fcrnberg gekommen, um der aktuellen globalen Bedrohung, mit der unsere Zivilisation konfrontiert ist, einen historischen Kontext zu geben. Die letzten zweieinhalb Jahre waren besonders&hellip;<\/p>\n","protected":false,"gt_translate_keys":[{"key":"rendered","format":"html"}]},"author":1,"featured_media":0,"comment_status":"open","ping_status":"open","sticky":false,"template":"","format":"standard","meta":{"footnotes":""},"categories":[45],"tags":[364,465,365,40,708,707],"class_list":["post-3813","post","type-post","status-publish","format-standard","hentry","category-gesellschaft","tag-auschwitz","tag-eugenik","tag-holocaust","tag-nationalsozialismus","tag-nuernberger-kodex","tag-vera-sharav"],"gt_translate_keys":[{"key":"link","format":"url"}],"_links":{"self":[{"href":"https:\/\/andreastriebel.de\/index.php?rest_route=\/wp\/v2\/posts\/3813","targetHints":{"allow":["GET"]}}],"collection":[{"href":"https:\/\/andreastriebel.de\/index.php?rest_route=\/wp\/v2\/posts"}],"about":[{"href":"https:\/\/andreastriebel.de\/index.php?rest_route=\/wp\/v2\/types\/post"}],"author":[{"embeddable":true,"href":"https:\/\/andreastriebel.de\/index.php?rest_route=\/wp\/v2\/users\/1"}],"replies":[{"embeddable":true,"href":"https:\/\/andreastriebel.de\/index.php?rest_route=%2Fwp%2Fv2%2Fcomments&post=3813"}],"version-history":[{"count":9,"href":"https:\/\/andreastriebel.de\/index.php?rest_route=\/wp\/v2\/posts\/3813\/revisions"}],"predecessor-version":[{"id":3833,"href":"https:\/\/andreastriebel.de\/index.php?rest_route=\/wp\/v2\/posts\/3813\/revisions\/3833"}],"wp:attachment":[{"href":"https:\/\/andreastriebel.de\/index.php?rest_route=%2Fwp%2Fv2%2Fmedia&parent=3813"}],"wp:term":[{"taxonomy":"category","embeddable":true,"href":"https:\/\/andreastriebel.de\/index.php?rest_route=%2Fwp%2Fv2%2Fcategories&post=3813"},{"taxonomy":"post_tag","embeddable":true,"href":"https:\/\/andreastriebel.de\/index.php?rest_route=%2Fwp%2Fv2%2Ftags&post=3813"}],"curies":[{"name":"wp","href":"https:\/\/api.w.org\/{rel}","templated":true}]}}