{"id":3875,"date":"2022-09-27T13:31:30","date_gmt":"2022-09-27T11:31:30","guid":{"rendered":"https:\/\/andreastriebel.de\/?p=3875"},"modified":"2022-10-01T17:54:25","modified_gmt":"2022-10-01T15:54:25","slug":"heldenplatz-18-09-22-prof-christian-schubert","status":"publish","type":"post","link":"https:\/\/andreastriebel.de\/?p=3875","title":{"rendered":"Heldenplatz 18.09.22 Prof. Christian Schubert","gt_translate_keys":[{"key":"rendered","format":"text"}]},"content":{"rendered":"\n<p><strong>Wir alle sind hier versammelt, um unsere Betroffenheit dar\u00fcber auszudr\u00fccken, wie es sein konnte, dass jene Menschen in unserem Land, denen wir unser Vertrauen gegeben haben, dass sie auf unsere Freiheit und unsere Grundrechte achten, auf unser Gef\u00fchl der Sicherheit und Unantastbarkeit, auf unsere Gesundheit und Unversehrtheit, dass diese Menschen unser Vertrauen missbrauchten.<\/strong><\/p>\n\n\n\n<p>Mittlerweile haben wir schon viel gesagt \u00fcber die willk\u00fcrlichen und unn\u00f6tigen Einschr\u00e4nkungen unseres Alltagslebens, unserer Entwicklung und unserer Existenz, die uns auferlegt wurden, \u00fcber den Missbrauch, den viele durchlitten, die ihren Job verloren, weil sie sich nicht impfen lie\u00dfen, \u00fcber den Missbrauch jener, die sich impfen lie\u00dfen, obwohl sie nicht wollten, und jener, die schwere Impfsch\u00e4den durchmachten oder aber starben. Und damit wird nur jenen gedacht, die in den letzten fast drei Jahren so Ungeheuerliches erleben mussten.<\/p>\n\n\n\n<p>Das aber ist nur ein Bruchteil des menschengemachten Elends, das \u00fcber uns hereingebrochen ist. Es wird noch viele Millionen Tote geben, unschuldige Menschen, die die Opfer dieser Zeit sind, aber es wird dann hei\u00dfen, ihr Leiden und ihr Tod habe nichts zu tun mit Corona.<\/p>\n\n\n\n<p>Ich spreche heute zu Ihnen, weil wir uns gerade in diesen Zeiten an uns sehr bekannte Aphorismen erinnern sollten, wie \u201edie Geschichte wiederholt sich\u201c oder \u201eWehret den Anf\u00e4ngen\u201c. Ich bin \u00e4rztlicher Psychotherapeut und wei\u00df um die m\u00e4chtige Kraft von Traumatisierungen. Unbearbeitete bzw. unbehandelte Traumatisierungen neigen dazu wiederzukommen, nicht in derselben Form, aber in \u00e4hnlicher Form.<\/p>\n\n\n\n<p>Es ist wie in der Natur. Denken Sie an den Baum, der eine bestimmte Gestalt hat. Brechen wir einen Ast ab und betrachten wir diesen Ast, dann sehen wir, dass er eine verkleinerte Kopie des gesamten Baums ist, nicht gleich, aber er zeichnet quasi die Gestalt, das Aussehen des gesamten Baumes nach. Und wenn wir von diesem Ast noch einen Ast oder Zweig betrachten, dann sehen wir erneut, dass sich darin die Baumgestalt widerspiegelt. Warum sage ich Ihnen das? Weil sich auch unsere Psyche, ja unsere Geschichte so verh\u00e4lt. \u201eDie Geschichte wiederholt sich\u201c, Sie erinnern sich?<\/p>\n\n\n\n<p>Haben Sie gewusst, dass die Zeit nach dem 1. Weltkrieg von gro\u00dfen Einschr\u00e4nkungen des Lebensstandards gepr\u00e4gt war, von tiefer Unsicherheit, Verlust von Gemeinschaftsgef\u00fchl, ja von viel Einsamkeit?<\/p>\n\n\n\n<p>Dieses Klima war der perfekte psychologische und psychosoziale N\u00e4hrboden daf\u00fcr, die Massen von einer teuflischen Idee zu \u00fcberzeugen, der Idee, dass es eine Rasse gibt, die minderwertig ist, und ausradiert werden muss, um dann durch genetische Optimierung, durch Eugenik, den perfekten Menschen zu schaffen \u2013 \u201esurvival of the fittest\u201c \u2013 wieder so ein Aphorismus, an den wir uns gerade in diesen Tagen erinnern sollten.<\/p>\n\n\n\n<p>Es war eine Art Heilsversprechen. Das gedem\u00fctigte Deutschland sollte sozial, \u00f6konomisch und politisch durch den optimierten Menschen wieder auferstehen. Rudolf Hess meinte damals: \u201e<em>Der Nationalsozialismus ist nichts Anderes als angewandte Biologie<\/em>\u201c.<\/p>\n\n\n\n<p>Um dieses biologische Programm umzusetzen, zeigte sich eine Berufsgruppe besonders pr\u00e4destiniert: Die \u00c4rzte. Zum einen nat\u00fcrlich wegen ihres tiefen Interesses f\u00fcr biologische Zusammenh\u00e4nge. Zum anderen aber auch, weil viele \u00c4rzte eine autorit\u00e4re Pers\u00f6nlichkeit haben, charakterisiert durch eine starke Regeltreue und durch eine geringe F\u00e4higkeit, seine Triebimpulse zu kontrollieren.<\/p>\n\n\n\n<p>Ja und letztlich sind \u00c4rzte damals wie heute anf\u00e4llig daf\u00fcr, eine gehobene Position gegen\u00fcber Schwachen, den Patienten einzunehmen, sich selbst wichtiger zu nehmen als andere, und damit auch den ihnen zugeteilten politischen Auftrag zum Zwecke der Karriere und des Angehimmelt Werdens durch die \u00d6ffentlichkeit gerne anzunehmen.<\/p>\n\n\n\n<p>So z\u00e4hlten w\u00e4hrend der Weimarer Republik 50% der \u00c4rzte zu den ersten Nazi-Anh\u00e4ngern, sp\u00e4ter fanden sich in der SS 7mal mehr \u00c4rzte als andere Berufsgruppen und waren 90% der h\u00f6chst positionierten und m\u00e4chtigsten \u00c4rzte in die schrecklichen Gr\u00e4ueltaten der damaligen Zeit direkt oder indirekt involviert. Die Nazis brauchten \u00c4rzte, um Ihr Verbrechen wissenschaftlich und damit m\u00f6glichst effizient durchzuf\u00fchren.<\/p>\n\n\n\n<p>Um es klarzustellen: Die Geschichte neigt dazu, sich zu wiederholen, ja, aber nicht gleich. Nat\u00fcrlich w\u00e4re es falsch und eine Verharmlosung der f\u00fcrchterlichen Geschehnisse im Dritten Reich, die jetzigen Entwicklungen mit jenen von vor 80 Jahren gleichzusetzen. Das kann ich schon deshalb nicht, weil Corona noch lange nicht zu Ende ist, die Folgen noch nicht absehbar sind, wir quasi mittendrin sind.<\/p>\n\n\n\n<p>Aber ich mahne \u201eWehret den Anf\u00e4ngen\u201c und ich setze mich bereits jetzt daf\u00fcr ein, nicht zu vergessen, das erlittene gesellschaftliche Trauma nicht mit \u00dcberaktivit\u00e4t zu \u00fcberspielen, wie dies die Tr\u00fcmmerfrauen symbolisch damals mit dem Wiederaufbau Deutschlands und \u00d6sterreichs taten. Wir werden die letzten drei Jahre, ja die gesamte Zeit nach dem 2. Weltkrieg aufarbeiten m\u00fcssen, auch wenn dies unangenehm ist, ja schmerzhaft ist.<\/p>\n\n\n\n<p>Und wenn ich von \u201ewir\u201c spreche, dann meine ich die Medizin an erster Stelle, eine Medizin, die in sich einen falschen Zugang zum Menschen tr\u00e4gt, den Menschen wie eine Maschine sieht, ohne Seele und Geist, der sie offensichtlich immer wieder in Gefahr bringt, ihren ureigenen Auftrag zu verletzen, n\u00e4mlich den, dem Menschen niemals Schaden zuzuf\u00fcgen. Primum non nocere!<\/p>\n\n\n\n<p>Lassen Sie uns alle Helden sein, uns nicht den Mund verbieten. Gerade in diesen Zeiten gilt es, den Finger in die Wunde zu legen, kritisch zu bleiben, quer zu denken, wo querdenken n\u00f6tig ist. Keine Zensur, niemals! Denn Zensur verhindert die Aufarbeitung. Und aufarbeiten will das Establishment auf keinen Fall.<\/p>\n\n\n\n<p><strong>Die Todesfall-Reports zeigen, dass sich ein Gro\u00dfteil in unmittelbarem zeitlichen Zusammenhang mit der mRNA Impfung ereignet.<\/strong> (Transparenztest, 28.09.22)<\/p>\n\n\n\n<figure class=\"wp-block-image size-full\"><img loading=\"lazy\" decoding=\"async\" width=\"925\" height=\"635\" src=\"https:\/\/andreastriebel.de\/wp-content\/uploads\/2022\/09\/4a0464.webp\" alt=\"\" class=\"wp-image-3882\" srcset=\"https:\/\/andreastriebel.de\/wp-content\/uploads\/2022\/09\/4a0464.webp 925w, https:\/\/andreastriebel.de\/wp-content\/uploads\/2022\/09\/4a0464-300x206.webp 300w, https:\/\/andreastriebel.de\/wp-content\/uploads\/2022\/09\/4a0464-768x527.webp 768w\" sizes=\"auto, (max-width: 925px) 100vw, 925px\" \/><\/figure>\n","protected":false,"gt_translate_keys":[{"key":"rendered","format":"html"}]},"excerpt":{"rendered":"<p>Wir alle sind hier versammelt, um unsere Betroffenheit dar\u00fcber auszudr\u00fccken, wie es sein konnte, dass jene Menschen in unserem Land, denen wir unser Vertrauen gegeben haben, dass sie auf unsere&hellip;<\/p>\n","protected":false,"gt_translate_keys":[{"key":"rendered","format":"html"}]},"author":1,"featured_media":0,"comment_status":"open","ping_status":"open","sticky":false,"template":"","format":"standard","meta":{"footnotes":""},"categories":[45],"tags":[374,465,40,63],"class_list":["post-3875","post","type-post","status-publish","format-standard","hentry","category-gesellschaft","tag-corona","tag-eugenik","tag-nationalsozialismus","tag-rassismus"],"gt_translate_keys":[{"key":"link","format":"url"}],"_links":{"self":[{"href":"https:\/\/andreastriebel.de\/index.php?rest_route=\/wp\/v2\/posts\/3875","targetHints":{"allow":["GET"]}}],"collection":[{"href":"https:\/\/andreastriebel.de\/index.php?rest_route=\/wp\/v2\/posts"}],"about":[{"href":"https:\/\/andreastriebel.de\/index.php?rest_route=\/wp\/v2\/types\/post"}],"author":[{"embeddable":true,"href":"https:\/\/andreastriebel.de\/index.php?rest_route=\/wp\/v2\/users\/1"}],"replies":[{"embeddable":true,"href":"https:\/\/andreastriebel.de\/index.php?rest_route=%2Fwp%2Fv2%2Fcomments&post=3875"}],"version-history":[{"count":6,"href":"https:\/\/andreastriebel.de\/index.php?rest_route=\/wp\/v2\/posts\/3875\/revisions"}],"predecessor-version":[{"id":3886,"href":"https:\/\/andreastriebel.de\/index.php?rest_route=\/wp\/v2\/posts\/3875\/revisions\/3886"}],"wp:attachment":[{"href":"https:\/\/andreastriebel.de\/index.php?rest_route=%2Fwp%2Fv2%2Fmedia&parent=3875"}],"wp:term":[{"taxonomy":"category","embeddable":true,"href":"https:\/\/andreastriebel.de\/index.php?rest_route=%2Fwp%2Fv2%2Fcategories&post=3875"},{"taxonomy":"post_tag","embeddable":true,"href":"https:\/\/andreastriebel.de\/index.php?rest_route=%2Fwp%2Fv2%2Ftags&post=3875"}],"curies":[{"name":"wp","href":"https:\/\/api.w.org\/{rel}","templated":true}]}}