{"id":392,"date":"2017-12-16T17:39:31","date_gmt":"2017-12-16T17:39:31","guid":{"rendered":"http:\/\/andreastriebel.de\/?p=392"},"modified":"2017-12-17T13:35:30","modified_gmt":"2017-12-17T13:35:30","slug":"spd-auf-dem-weg-in-die-grosse-koalition","status":"publish","type":"post","link":"https:\/\/andreastriebel.de\/?p=392","title":{"rendered":"SPD auf dem Weg in die gro\u00dfe Koalition","gt_translate_keys":[{"key":"rendered","format":"text"}]},"content":{"rendered":"<p>Das Wahlergebnis mit zwanzig Prozent f\u00fcr die SPD ist noch nicht katastrophal genug ausgefallen. Schon wieder dient sich die Partei als Steigb\u00fcgelhalter an. Weder mit sozialdemokratischen Inhalten noch gar einem sozialdemokratischen Programm.\u00a0 Schnell wird bei Mama Merkel Unterschlupf gesucht und die obere Funktion\u00e4rsschicht mit attraktiven Positionen belohnt.<\/p>\n<p>Einmal hat Schulz das Wort Kapitalismus in den Mund genommen, schon heulte die tonangebende Funktion\u00e4rsclique auf: &#8222;Der wird uns doch wohl nicht unsere m\u00fchsam errungene Ann\u00e4herung an die wohlhabende Mittelschicht kaputt machen. Wir haben so klug mitregiert und gezeigt, dass wir deren Interessen auch gut vertreten k\u00f6nnen. Vielleicht erhalten wir dann in vier Jahren nach Merkels Abtritt auch eine Chance entscheidende Regierungspositionen zu besetzen. Die Unterschicht haben wir mit dem Mindestlohn ruhig gestellt. Autokonzernen aber und R\u00fcstungsbetrieben haben wir kein Hindernis in den Weg gestellt. Die Steuern haben wir moderat gelassen und zu allen Steuerschlupfl\u00f6chern haben wir eisern geschwiegen. Unsere Anh\u00e4nger haben wir zu mehr Bildung aufgefordert, weil in unserem Staat jeder eine Chance hat, er muss nur seine Bildungschancen ergreifen. Und unsere staatspolitische Verantwortung haben wir auch durch die Auslandseins\u00e4tze unserer Soldaten unter Beweis gestellt. Unser Peter Struck hat schlie\u00dflich schon zu Schr\u00f6ders Zeiten erkl\u00e4rt, dass Deutschland am Hindukusch verteidigt wird.<\/p>\n<p>Unsere gro\u00dfe Volkspartei, die unter Gabriel mit klar rechter Positionierung sowohl Ober- als auch Mittelschichten bedient hat, ist unter Schulz in den Augen vieler unserer W\u00e4hler zu einer Weder- Noch- also weder links- noch rechts- Partei geworden. Wenn wir jetzt aber aus staatspolitischer Verantwortung den Karren aus dem Dreck ziehen, erwarten wir auch in vier Jahren eine Belohnung durch den W\u00e4hler. Am liebsten w\u00e4re uns eine Vereinbarung \u00fcber eine mit der CDU wechselnde Kanzlerschaft \u00fcber eine Periode von jeweils acht Jahren. Die Auswahl der Minister k\u00f6nnte dann nach einem Ranking in den Beliebtheitsskalen der Fernsehtalkshows erfolgen. Diese Tr\u00e4ume sind gar nicht so unrealistisch: Horst Seehofer hat Andrea Nahles schon f\u00fcr ihre unauff\u00e4llige Regierungsarbeit gelobt; vielleicht d\u00fcrfen wir bald einmal die n\u00e4chste Bundeskanzlerin stellen. Wir werden dann sofort die B\u00fcrgerversicherung einf\u00fchren und die langen Wartezeiten bei den Fach\u00e4rzten abschaffen. Die Liegezeiten in den Krankenh\u00e4usern werden wir wieder verl\u00e4ngern, damit das Personal keinen Stress hat. Wir werden verst\u00e4rkt Pflegepersonal aus den L\u00e4ndern des ehemaligen Ostblocks anwerben, damit unser Pflegepersonal entlastet wird und die Pflegekosten nicht so stark ansteigen. Und wenn die Gewerkschaften versuchen sollten, den Wirtschaftsaufschwung kaputt zu streiken, werden wir sofort wieder die Grenzen \u00f6ffnen, um den Lohnauftrieb mit jungen, willigen Arbeitskr\u00e4ften zu d\u00e4mpfen.&#8220;<\/p>\n","protected":false,"gt_translate_keys":[{"key":"rendered","format":"html"}]},"excerpt":{"rendered":"<p>Das Wahlergebnis mit zwanzig Prozent f\u00fcr die SPD ist noch nicht katastrophal genug ausgefallen. Schon wieder dient sich die Partei als Steigb\u00fcgelhalter an. Weder mit sozialdemokratischen Inhalten noch gar einem&hellip;<\/p>\n","protected":false,"gt_translate_keys":[{"key":"rendered","format":"html"}]},"author":1,"featured_media":0,"comment_status":"open","ping_status":"open","sticky":false,"template":"","format":"standard","meta":{"footnotes":""},"categories":[45,11],"tags":[165,168,136,167,129,101,166],"class_list":["post-392","post","type-post","status-publish","format-standard","hentry","category-gesellschaft","category-politik","tag-gabriel","tag-mittelschicht","tag-nahles","tag-schroeder","tag-schulz","tag-seehofer","tag-struck"],"gt_translate_keys":[{"key":"link","format":"url"}],"_links":{"self":[{"href":"https:\/\/andreastriebel.de\/index.php?rest_route=\/wp\/v2\/posts\/392","targetHints":{"allow":["GET"]}}],"collection":[{"href":"https:\/\/andreastriebel.de\/index.php?rest_route=\/wp\/v2\/posts"}],"about":[{"href":"https:\/\/andreastriebel.de\/index.php?rest_route=\/wp\/v2\/types\/post"}],"author":[{"embeddable":true,"href":"https:\/\/andreastriebel.de\/index.php?rest_route=\/wp\/v2\/users\/1"}],"replies":[{"embeddable":true,"href":"https:\/\/andreastriebel.de\/index.php?rest_route=%2Fwp%2Fv2%2Fcomments&post=392"}],"version-history":[{"count":8,"href":"https:\/\/andreastriebel.de\/index.php?rest_route=\/wp\/v2\/posts\/392\/revisions"}],"predecessor-version":[{"id":400,"href":"https:\/\/andreastriebel.de\/index.php?rest_route=\/wp\/v2\/posts\/392\/revisions\/400"}],"wp:attachment":[{"href":"https:\/\/andreastriebel.de\/index.php?rest_route=%2Fwp%2Fv2%2Fmedia&parent=392"}],"wp:term":[{"taxonomy":"category","embeddable":true,"href":"https:\/\/andreastriebel.de\/index.php?rest_route=%2Fwp%2Fv2%2Fcategories&post=392"},{"taxonomy":"post_tag","embeddable":true,"href":"https:\/\/andreastriebel.de\/index.php?rest_route=%2Fwp%2Fv2%2Ftags&post=392"}],"curies":[{"name":"wp","href":"https:\/\/api.w.org\/{rel}","templated":true}]}}