{"id":3937,"date":"2022-12-07T13:43:07","date_gmt":"2022-12-07T12:43:07","guid":{"rendered":"http:\/\/andreastriebel.de\/?p=3937"},"modified":"2023-02-17T13:30:27","modified_gmt":"2023-02-17T12:30:27","slug":"befreite-zone-bayern","status":"publish","type":"post","link":"https:\/\/andreastriebel.de\/?p=3937","title":{"rendered":"Befreite Zone Bayern","gt_translate_keys":[{"key":"rendered","format":"text"}]},"content":{"rendered":"\n<p><strong>Wer h\u00e4tte das gedacht!<\/strong><\/p>\n\n\n\n<p>Ausgerechnet Bayern, wo sich S\u00f6der besonders streng gegeben hat, hebt den Maskenzwang jetzt fast \u00fcberall auf. S\u00f6der hat wieder als Erster erkannt, woher der Wind weht. Sogar Bu\u00dfgelder werden zur\u00fcckgezahlt.<\/p>\n\n\n\n<p>Andere Landesregierungen, die der Mainstream als links bezeichnet, zieren sich noch. Wahrscheinlich wird Ramelow der letzte Covidianer sein, der den menschenunw\u00fcrdigen Zwang beendet und Bu\u00dfgelder zur\u00fcckzahlt. Auch W\u00fcst hat noch nicht verstanden, dass das Leben den bestraft, der zu sp\u00e4t kommt.<\/p>\n\n\n\n<p>Er l\u00e4sst in seinem Herrschaftsgebiet die Staatsanwaltschaften w\u00fcten: im ganzen Land sind Bu\u00dfgeldverfahren anh\u00e4ngig. Die meisten Menschen haben inzwischen die Angstkampagne der Regierung durchschaut und viele haben sich gegen die Verh\u00e4ngung von Bu\u00dfgeldern gewehrt. Dadurch haben die von den Weisungen der Landesregierung abh\u00e4ngigen Staatsanwaltschaften enorm an Ansehen verloren. Von ihrer angeblichen Objektivit\u00e4t scheint nichts mehr geblieben. Die Teilnahme an einer politischen Kampagne kann nichts mit Recht und Gesetz zu tun haben. Aber der Posten des Generalstaatsanwalts ist ein politischer Posten, das hei\u00dft, dass die Generalstaatsanw\u00e4ltin ohne Angabe von Gr\u00fcnden ausgetauscht werden kann, wenn sie sich den politischen Vorgaben widersetzen w\u00fcrde. So ist es bei den Ermittlungen zum Tod von Uwe Barschel geschehen, als der Generalstaatsanwalt kurzerhand ausgetauscht wurde. Daher wei\u00df jeder Staatsanwalt, wer das letzte Wort hat.<\/p>\n\n\n\n<p>Auch Innenminister Reul lie\u00df den Garten eines P\u00e4dophilen ein zweites Mal umgraben, um seine Publizit\u00e4t zu erh\u00f6hen, nachdem er sich von der Presse nicht ausreichend in Scene gesetzt gef\u00fchlt hatte.<\/p>\n\n\n\n<p>Aber eine lammfromme Presse, die nur der Regierung huldigt, wird zunehmend uninteressant und verliert ihre Bedeutung an die sozialen Medien. Deswegen sind die Corona- Parteien in Aufregung und erfinden neue Paragrafen, um die Opposition mundtot zu machen. Da das technisch noch nicht m\u00f6glich ist, werden Wortf\u00fchrer verfolgt: Dr. Paul Brandenburg wurde im Morgengrauen von einem Trupp Bewaffneter \u00fcberfallen, indem seine T\u00fcr in einer Blitzaktion aufgebrochen und er im Schlafanzug zu Boden geworfen wurde; Michael Ballweg wird gleich weggesperrt usw.<\/p>\n\n\n\n<p>Vielleicht versteht W\u00fcst, dass das Bild des Kinderwagen schiebenden Landesvaters Flecken bekommt, wenn er die Zeichen der Zeit zu sp\u00e4t erkennt.<\/p>\n\n\n\n<blockquote class=\"twitter-tweet\"><p lang=\"de\" dir=\"ltr\">Triebel machte Ankl\u00e4ger Bachmann schwere Vorw\u00fcrfe: \u201eGesinnungspr\u00fcfung durch die Justiz ist in Deutschland schon sehr lange her und soll auch nicht wiederkommen.\u201c<br>W\u00e4hrend der Freispruch-Verk\u00fcndung brandete im voll besetzten Saal Jubel im Publikum auf.\u201c<a href=\"https:\/\/t.co\/WmHd92TNpB\">https:\/\/t.co\/WmHd92TNpB<\/a> <a href=\"https:\/\/t.co\/l7PFqrqcV2\">pic.twitter.com\/l7PFqrqcV2<\/a><\/p>&mdash; henning rosenbusch (@rosenbusch_) <a href=\"https:\/\/twitter.com\/rosenbusch_\/status\/1603109793967013890?ref_src=twsrc%5Etfw\">December 14, 2022<\/a><\/blockquote> <script async src=\"https:\/\/platform.twitter.com\/widgets.js\" charset=\"utf-8\"><\/script> \n","protected":false,"gt_translate_keys":[{"key":"rendered","format":"html"}]},"excerpt":{"rendered":"<p>Wer h\u00e4tte das gedacht! Ausgerechnet Bayern, wo sich S\u00f6der besonders streng gegeben hat, hebt den Maskenzwang jetzt fast \u00fcberall auf. S\u00f6der hat wieder als Erster erkannt, woher der Wind weht.&hellip;<\/p>\n","protected":false,"gt_translate_keys":[{"key":"rendered","format":"html"}]},"author":1,"featured_media":0,"comment_status":"open","ping_status":"open","sticky":false,"template":"","format":"standard","meta":{"footnotes":""},"categories":[11],"tags":[385,578,693,378,692],"class_list":["post-3937","post","type-post","status-publish","format-standard","hentry","category-politik","tag-corona-krise","tag-maskenzwang","tag-reul","tag-soeder","tag-wuest"],"gt_translate_keys":[{"key":"link","format":"url"}],"_links":{"self":[{"href":"https:\/\/andreastriebel.de\/index.php?rest_route=\/wp\/v2\/posts\/3937","targetHints":{"allow":["GET"]}}],"collection":[{"href":"https:\/\/andreastriebel.de\/index.php?rest_route=\/wp\/v2\/posts"}],"about":[{"href":"https:\/\/andreastriebel.de\/index.php?rest_route=\/wp\/v2\/types\/post"}],"author":[{"embeddable":true,"href":"https:\/\/andreastriebel.de\/index.php?rest_route=\/wp\/v2\/users\/1"}],"replies":[{"embeddable":true,"href":"https:\/\/andreastriebel.de\/index.php?rest_route=%2Fwp%2Fv2%2Fcomments&post=3937"}],"version-history":[{"count":2,"href":"https:\/\/andreastriebel.de\/index.php?rest_route=\/wp\/v2\/posts\/3937\/revisions"}],"predecessor-version":[{"id":3940,"href":"https:\/\/andreastriebel.de\/index.php?rest_route=\/wp\/v2\/posts\/3937\/revisions\/3940"}],"wp:attachment":[{"href":"https:\/\/andreastriebel.de\/index.php?rest_route=%2Fwp%2Fv2%2Fmedia&parent=3937"}],"wp:term":[{"taxonomy":"category","embeddable":true,"href":"https:\/\/andreastriebel.de\/index.php?rest_route=%2Fwp%2Fv2%2Fcategories&post=3937"},{"taxonomy":"post_tag","embeddable":true,"href":"https:\/\/andreastriebel.de\/index.php?rest_route=%2Fwp%2Fv2%2Ftags&post=3937"}],"curies":[{"name":"wp","href":"https:\/\/api.w.org\/{rel}","templated":true}]}}