{"id":3964,"date":"2023-02-01T16:08:58","date_gmt":"2023-02-01T15:08:58","guid":{"rendered":"http:\/\/andreastriebel.de\/?p=3964"},"modified":"2023-02-17T13:30:49","modified_gmt":"2023-02-17T12:30:49","slug":"ein-duenner-kultureller-firnis-ueber-unserer-zivilisation","status":"publish","type":"post","link":"https:\/\/andreastriebel.de\/?p=3964","title":{"rendered":"Ein d\u00fcnner kultureller Firnis \u00fcber &nbsp;unserer Zivilisation","gt_translate_keys":[{"key":"rendered","format":"text"}]},"content":{"rendered":"\n<p>\u00dcber Nacht \u00fcberschwemmt eine Welle der Militarisierung den \u00f6ffentlichen Raum. Aufr\u00fcstung, Panzer und Jagdbomber sollen pl\u00f6tzlich unsere Gesellschaft retten. Deutsche Panzer werden wieder gegen Russland in Stellung gebracht. Kaum eine Fernsehsendung vergeht, ohne dass rollende Panzer gezeigt werden, um die Bev\u00f6lkerung kriegerisch zu stimmen. Diesmal verlangt die atlantische Schutzmacht nicht wie im Irakkrieg nur Milliardenzahlungen, sondern auch deutsches Kriegsger\u00e4t. Sogar die Wehrpflicht soll wieder eingef\u00fchrt werden.<\/p>\n\n\n\n<p>Die Noske- Partei marschiert ganz vorn. Jetzt wissen wir, welche roten Linien die Partei \u00fcberschreiten will. Und um weitere Kriegskredite zu rechtfertigen, erscheint der politischen Klasse ein Pistorius als der bessere Propagandist als eine Frau in St\u00f6ckelschuhen.<\/p>\n\n\n\n<p> Die T\u00f6tung der alten Menschen durch die Injektionen hat unvorstellbare Ausma\u00dfe angenommen.<\/p>\n\n\n\n<p>Man kann sie weder im Krieg noch auf dem Arbeitsmarkt verwenden. Man kennt in Deutschland die Aussonderung und Vernichtung von Menschen aufgrund ihrer angeblichen Rasse, aber die Achtung vor dem Alter zu beseitigen ist einmalig in der Menschheitsgeschichte, das schafft nur eine kapitalistische Gesellschft.<\/p>\n\n\n\n<p>Aufwendungen f\u00fcr Alters- und Pflegeheime werden als soziale Kosten bezeichnet. Sie schm\u00e4lern die Kapitalrendite. Daher sollen ungelernte Jugendliche in einem sogenannten sozialen Jahr eingesetzt werden und Einwanderer aus \u00e4rmeren L\u00e4ndern werden verwendet und mit Minil\u00f6hnen ruhiggestellt.<\/p>\n\n\n\n<p>In den kulturellen Einrichtungen versucht die Mittelklasse wieder zum normalen Gesch\u00e4ft \u00fcber zu gehen. Sorgsam wird die nicht endende Welle an Krankheiten verschwiegen. Allzu deutlich zeigen alle Statistiken den Anstieg mit Beginn der Injektionen. Mit staatlichen Subventionen wird der Betrieb m\u00fchsam aufrechterhalten. Aber die Betriebe, in denen der Mehrwert erarbeitet wird, st\u00f6hnen selbst unter der Last der wegen Krankheit ausgefallenen Mitarbeiter. Die Verdi- Funktion\u00e4re mussten f\u00fcnfzehn Prozent Lohnerh\u00f6hung fordern, sonst w\u00e4re eine Austrittswelle \u00fcber sie herein gebrochen.<\/p>\n\n\n\n<p>Wenn diese Arbeitsk\u00e4mpfe zu einer weiteren Schrumpfung der analogen Kommunikation f\u00fchren, so ist es Black rock nur recht, denn die Steuerung der digitalen Kommunikation ist das Herrschaftsinstrument der Zukunft. Wozu braucht man noch Schauspieler aus Fleisch und Blut, die im unpassenden Moment eine Kriegerkl\u00e4rung abgeben?<\/p>\n\n\n\n<p>Und die menschliche Fortpflanzung muss man doch auch in den Griff bekommen. Dazu m\u00fcssen die Jugendlichen so behandelt werden, dass sie nicht mehr wissen, ob sie M\u00e4nnlein oder Weiblein sind, um sie dann hormonell (und auch mit dem Skalpell) in die gew\u00fcnschte Richtung zu steuern.<\/p>\n\n\n\n<figure class=\"wp-block-embed is-type-wp-embed is-provider-scifi wp-block-embed-scifi\"><div class=\"wp-block-embed__wrapper\">\n<blockquote class=\"wp-embedded-content\" data-secret=\"JrRMkPg1Hn\"><a href=\"https:\/\/sciencefiles.org\/2023\/01\/31\/das-netz-wird-enger-noch-ein-beleg-uebersterblichkeit-in-den-bundeslaendern-durch-covid-19-impfung-daten-des-statistischen-bundesamts\/\">Das Netz wird enger [Noch ein Beleg]: \u00dcbersterblichkeit in den Bundesl\u00e4ndern durch COVID-19 &#8220;Impfung&#8221; [Daten des Statistischen Bundesamts]<\/a><\/blockquote><iframe loading=\"lazy\" class=\"wp-embedded-content\" sandbox=\"allow-scripts\" security=\"restricted\" style=\"position: absolute; clip: rect(1px, 1px, 1px, 1px);\" title=\"&#8222;Das Netz wird enger [Noch ein Beleg]: \u00dcbersterblichkeit in den Bundesl\u00e4ndern durch COVID-19 &#8220;Impfung&#8221; [Daten des Statistischen Bundesamts]&#8220; &#8212; SciFi\" src=\"https:\/\/sciencefiles.org\/2023\/01\/31\/das-netz-wird-enger-noch-ein-beleg-uebersterblichkeit-in-den-bundeslaendern-durch-covid-19-impfung-daten-des-statistischen-bundesamts\/embed\/#?secret=ICV1eHvEf6#?secret=JrRMkPg1Hn\" data-secret=\"JrRMkPg1Hn\" width=\"317\" height=\"200\" frameborder=\"0\" marginwidth=\"0\" marginheight=\"0\" scrolling=\"no\"><\/iframe>\n<\/div><\/figure>\n\n\n\n<p><\/p>\n","protected":false,"gt_translate_keys":[{"key":"rendered","format":"html"}]},"excerpt":{"rendered":"<p>\u00dcber Nacht \u00fcberschwemmt eine Welle der Militarisierung den \u00f6ffentlichen Raum. Aufr\u00fcstung, Panzer und Jagdbomber sollen pl\u00f6tzlich unsere Gesellschaft retten. Deutsche Panzer werden wieder gegen Russland in Stellung gebracht. Kaum eine&hellip;<\/p>\n","protected":false,"gt_translate_keys":[{"key":"rendered","format":"html"}]},"author":1,"featured_media":0,"comment_status":"open","ping_status":"open","sticky":false,"template":"","format":"standard","meta":{"footnotes":""},"categories":[45],"tags":[718,487],"class_list":["post-3964","post","type-post","status-publish","format-standard","hentry","category-gesellschaft","tag-militarisierung","tag-uebersterblichkeit"],"gt_translate_keys":[{"key":"link","format":"url"}],"_links":{"self":[{"href":"https:\/\/andreastriebel.de\/index.php?rest_route=\/wp\/v2\/posts\/3964","targetHints":{"allow":["GET"]}}],"collection":[{"href":"https:\/\/andreastriebel.de\/index.php?rest_route=\/wp\/v2\/posts"}],"about":[{"href":"https:\/\/andreastriebel.de\/index.php?rest_route=\/wp\/v2\/types\/post"}],"author":[{"embeddable":true,"href":"https:\/\/andreastriebel.de\/index.php?rest_route=\/wp\/v2\/users\/1"}],"replies":[{"embeddable":true,"href":"https:\/\/andreastriebel.de\/index.php?rest_route=%2Fwp%2Fv2%2Fcomments&post=3964"}],"version-history":[{"count":8,"href":"https:\/\/andreastriebel.de\/index.php?rest_route=\/wp\/v2\/posts\/3964\/revisions"}],"predecessor-version":[{"id":3975,"href":"https:\/\/andreastriebel.de\/index.php?rest_route=\/wp\/v2\/posts\/3964\/revisions\/3975"}],"wp:attachment":[{"href":"https:\/\/andreastriebel.de\/index.php?rest_route=%2Fwp%2Fv2%2Fmedia&parent=3964"}],"wp:term":[{"taxonomy":"category","embeddable":true,"href":"https:\/\/andreastriebel.de\/index.php?rest_route=%2Fwp%2Fv2%2Fcategories&post=3964"},{"taxonomy":"post_tag","embeddable":true,"href":"https:\/\/andreastriebel.de\/index.php?rest_route=%2Fwp%2Fv2%2Ftags&post=3964"}],"curies":[{"name":"wp","href":"https:\/\/api.w.org\/{rel}","templated":true}]}}