{"id":4001,"date":"2023-02-28T19:39:48","date_gmt":"2023-02-28T18:39:48","guid":{"rendered":"http:\/\/andreastriebel.de\/?p=4001"},"modified":"2023-03-09T18:59:28","modified_gmt":"2023-03-09T17:59:28","slug":"long-covid-und-post-vac-syndrom","status":"publish","type":"post","link":"https:\/\/andreastriebel.de\/?p=4001","title":{"rendered":"<strong>Long- Covid und Post- Vac- Syndrom<\/strong>","gt_translate_keys":[{"key":"rendered","format":"text"}]},"content":{"rendered":"\n<p><strong>Das chronische M\u00fcdigkeitssyndrom (chronic fatigue) hat es schon immer gegeben. Es war selten und hatte verschiedene auch seelische Ursachen. Auch ein Erk\u00e4ltungsinfekt oder eine Grippe konnten in dem M\u00fcdigkeitssyndrom enden.<\/strong><\/p>\n\n\n\n<p><strong>Jetzt tritt es zusammen mit anderen k\u00f6rperlichen Beschwerden auf und wird, wenn der PCR- Test auf ein Corona- Virus ein positives Signal gibt, Long- Covid genannt. In einigen dieser F\u00e4lle kann ein Corona- Virus auch tats\u00e4chlich diese Erkrankung eingeleitet haben. In der Regel ist es so, dass die Giftwirkung der sogenannten Corona- Impfung das menschliche Immunsystem so stark gesch\u00e4digt hat, dass der geimpfte Mensch dem Virus schutzlos ausgeliefert ist und daran erkrankt, w\u00e4hrend er ohne diese Giftwirkung von dem Virus nichts gemerkt h\u00e4tte oder nur leicht erkrankt w\u00e4re. So kommen langwierige Verl\u00e4ufe zustande mit qu\u00e4lendem Husten und &nbsp;M\u00fcdigkeit . Die korrekte Bezeichnung ist in diesen F\u00e4llen Post- Vac- Syndrom.<\/strong><\/p>\n\n\n\n<p><strong>Fatalerweise bleibt es oft nicht bei diesen Beschwerden und man findet ein<\/strong><\/p>\n\n\n\n<ul class=\"wp-block-list\">\n<li><strong>&nbsp;Mesotheliom, eine Krebsart, die eigentlich nur bei Asbestarbeitern auftritt und sehr selten geworden ist. Auch andere selten Krebsarten werden seit dem Impfbeginn vermehrt beobachtet.<\/strong><\/li>\n\n\n\n<li><strong>Das Brugada- Syndrom mit pl\u00f6tzlichem Herztod war vor Impfbeginn eine sehr seltene Erkrankung. Jetzt schie\u00dft die Zahl der Erkrankten in die H\u00f6he. Durch Obduktion l\u00e4sst sich das Spike- Protein als Ursache eindeutig identifizieren.<\/strong><\/li>\n\n\n\n<li><strong>Der Rinderwahn konnte bei den Tieren, als man die chemischen Prozeduren unterlie\u00df, nicht mehr beobachtet werden. Jetzt tritt er als Impffolge bei Menschen auf und f\u00fchrt schnell zum Tode. Auch diese Erkrankung l\u00e4sst sich durch Obduktion eindeutig auf das injizierte Gift zur\u00fcckf\u00fchren.<\/strong><\/li>\n\n\n\n<li><strong>Die Tuberkulose hatte man bisher weitgehend im Griff. Jetzt sterben wieder vorwiegend geimpfte Menschen an dieser Krankheit.<\/strong><\/li>\n\n\n\n<li><strong>Eine R\u00fcckenmarksentz\u00fcndung, bis zum Impfbeginn eine gro\u00dfe Rarit\u00e4t, taucht pl\u00f6tzlich vermehrt auf. Die Liste der Krankheiten, die bis zum Beginn der \u201eImpfungen\u201c selten waren und jetzt anfluten, nimmt kein Ende.<\/strong><\/li>\n<\/ul>\n\n\n\n<p><strong>Ob die Bundeswehr noch kampff\u00e4hig w\u00e4re, nachdem die Injektionen erzwungen wurden, ist sehr fraglich. <\/strong><\/p>\n\n\n\n<p><strong>Krampfhaft bem\u00fchen sich Presse und Fernsehen alle Erscheinungen auf Long- Covid zu schieben. Tatsache ist aber, dass die Erkrankungen erst seit Injektionsbeginn auftreten.&nbsp; Vor allem alte Menschen \u00fcberstehen das nicht und daher k\u00f6nnen sie ein hohes Alter nicht mehr erreichen. Die Sterbestatistiken sprechen eine eindeutige Sprache.<\/strong><\/p>\n\n\n\n<hr class=\"wp-block-separator has-alpha-channel-opacity\"\/>\n\n\n\n<figure class=\"wp-block-image size-full\"><img loading=\"lazy\" decoding=\"async\" width=\"571\" height=\"357\" src=\"https:\/\/andreastriebel.de\/wp-content\/uploads\/2023\/03\/FqZG2HHXoAUIDiM.jpg\" alt=\"\" class=\"wp-image-4005\" srcset=\"https:\/\/andreastriebel.de\/wp-content\/uploads\/2023\/03\/FqZG2HHXoAUIDiM.jpg 571w, https:\/\/andreastriebel.de\/wp-content\/uploads\/2023\/03\/FqZG2HHXoAUIDiM-300x188.jpg 300w\" sizes=\"auto, (max-width: 571px) 100vw, 571px\" \/><figcaption class=\"wp-element-caption\"><strong>Von Stefan Homburg<\/strong><\/figcaption><\/figure>\n\n\n\n<figure class=\"wp-block-embed is-type-wp-embed is-provider-geld-und-mehr wp-block-embed-geld-und-mehr\"><div class=\"wp-block-embed__wrapper\">\n<blockquote class=\"wp-embedded-content\" data-secret=\"oAHLKRNKDA\"><a href=\"https:\/\/norberthaering.de\/propaganda-zensur\/nordstream-pro-ukraine\/\">ARD-Faktenchecker zur l\u00e4cherlichen Geschichte von der Kleingruppe, die Nordstream gesprengt hat<\/a><\/blockquote><iframe loading=\"lazy\" class=\"wp-embedded-content\" sandbox=\"allow-scripts\" security=\"restricted\" style=\"position: absolute; clip: rect(1px, 1px, 1px, 1px);\" title=\"&#8222;ARD-Faktenchecker zur l\u00e4cherlichen Geschichte von der Kleingruppe, die Nordstream gesprengt hat&#8220; &#8212; Geld und mehr\" src=\"https:\/\/norberthaering.de\/propaganda-zensur\/nordstream-pro-ukraine\/embed\/#?secret=CWZPIlXCJy#?secret=oAHLKRNKDA\" data-secret=\"oAHLKRNKDA\" width=\"317\" height=\"200\" frameborder=\"0\" marginwidth=\"0\" marginheight=\"0\" scrolling=\"no\"><\/iframe>\n<\/div><figcaption class=\"wp-element-caption\"><strong>von Norbert H\u00e4ring<\/strong><\/figcaption><\/figure>\n","protected":false,"gt_translate_keys":[{"key":"rendered","format":"html"}]},"excerpt":{"rendered":"<p>Das chronische M\u00fcdigkeitssyndrom (chronic fatigue) hat es schon immer gegeben. Es war selten und hatte verschiedene auch seelische Ursachen. Auch ein Erk\u00e4ltungsinfekt oder eine Grippe konnten in dem M\u00fcdigkeitssyndrom enden.&hellip;<\/p>\n","protected":false,"gt_translate_keys":[{"key":"rendered","format":"html"}]},"author":1,"featured_media":0,"comment_status":"open","ping_status":"open","sticky":false,"template":"","format":"standard","meta":{"footnotes":""},"categories":[45,12,11],"tags":[729,389,706,454,728],"class_list":["post-4001","post","type-post","status-publish","format-standard","hentry","category-gesellschaft","category-medizin","category-politik","tag-chronisches-muedigkeitssyndrom","tag-corona-virus","tag-long-covid","tag-pcr-test","tag-post-vac-syndrom"],"gt_translate_keys":[{"key":"link","format":"url"}],"_links":{"self":[{"href":"https:\/\/andreastriebel.de\/index.php?rest_route=\/wp\/v2\/posts\/4001","targetHints":{"allow":["GET"]}}],"collection":[{"href":"https:\/\/andreastriebel.de\/index.php?rest_route=\/wp\/v2\/posts"}],"about":[{"href":"https:\/\/andreastriebel.de\/index.php?rest_route=\/wp\/v2\/types\/post"}],"author":[{"embeddable":true,"href":"https:\/\/andreastriebel.de\/index.php?rest_route=\/wp\/v2\/users\/1"}],"replies":[{"embeddable":true,"href":"https:\/\/andreastriebel.de\/index.php?rest_route=%2Fwp%2Fv2%2Fcomments&post=4001"}],"version-history":[{"count":7,"href":"https:\/\/andreastriebel.de\/index.php?rest_route=\/wp\/v2\/posts\/4001\/revisions"}],"predecessor-version":[{"id":4012,"href":"https:\/\/andreastriebel.de\/index.php?rest_route=\/wp\/v2\/posts\/4001\/revisions\/4012"}],"wp:attachment":[{"href":"https:\/\/andreastriebel.de\/index.php?rest_route=%2Fwp%2Fv2%2Fmedia&parent=4001"}],"wp:term":[{"taxonomy":"category","embeddable":true,"href":"https:\/\/andreastriebel.de\/index.php?rest_route=%2Fwp%2Fv2%2Fcategories&post=4001"},{"taxonomy":"post_tag","embeddable":true,"href":"https:\/\/andreastriebel.de\/index.php?rest_route=%2Fwp%2Fv2%2Ftags&post=4001"}],"curies":[{"name":"wp","href":"https:\/\/api.w.org\/{rel}","templated":true}]}}