{"id":404,"date":"2018-01-14T21:09:51","date_gmt":"2018-01-14T21:09:51","guid":{"rendered":"http:\/\/andreastriebel.de\/?p=404"},"modified":"2018-08-27T19:08:24","modified_gmt":"2018-08-27T19:08:24","slug":"voelliger-bankrott-der-sozialdemokratie","status":"publish","type":"post","link":"https:\/\/andreastriebel.de\/?p=404","title":{"rendered":"V\u00f6lliger Bankrott der Sozialdemokratie","gt_translate_keys":[{"key":"rendered","format":"text"}]},"content":{"rendered":"<p>Nach dem Wahldebakel aufgrund von Gabriels Rechtspolitik folgt nun mit dem Eckpunktepapier f\u00fcr eine gro\u00dfe Koalition der Abgesang; so ein Ergebnis kann selbst ein so begabter Rhetoriker wie Schulz nicht sch\u00f6nreden: \u00dcberall ein bisschen Salbe und endlich kann man die Ma\u00dfnahmen ausbreiten, die schon w\u00e4hrend der letzten vier Jahre h\u00e4tten erfolgen m\u00fcssen, aber aufgeschoben wurden, um nach der Wahl etwas versprechen zu\u00a0 k\u00f6nnen.<\/p>\n<p>Immerhin das gro\u00dfartige Versprechen, die Renten nicht k\u00fcrzen zu wollen.\u00a0 Das geht aber nur, wenn die Regierung weiter ungest\u00f6rt Terrorregime wie Israel und Saudi- Arabien aufr\u00fcsten darf. Und die Empf\u00e4nger von Sozialzusch\u00fcssen sollen sich nicht einbilden, da\u00df f\u00fcr sie dauerhaft Arbeitspl\u00e4tze bereit st\u00fcnden. Sie m\u00fcssen sich schon mit ihren Mindestl\u00f6hnen und Hartzzusch\u00fcssen zufrieden geben, wenn die kurzen Arbeitsvertr\u00e4ge ausgelaufen sind. Wo k\u00e4men wir denn hin, wenn die Befristung von Arbeitsvertr\u00e4gen mit Hilfe von Kettenvertr\u00e4gen aufgehoben w\u00fcrde. Alle Wirtschaftsbosse haben diese Agendareformen immer wieder gelobt.<\/p>\n<p>Einigkeit besteht auch mit den Merkel- Parteien, die Grenzen wieder zu \u00f6ffnen und Billigl\u00f6hner herein zu lassen, wenn der Lohnauftrieb zu stark wird. Und ein wenig Klimaschutz, ohne den geht nichts mehr. Aber bitte nicht unter Gef\u00e4hrdung der Profite der Energie- und Autokonzerne. Schlie\u00dflich muss unser Industriestandort Deutschland gesch\u00fctzt werden. Und Sozialwohnungsbau, um Gottes willen, das w\u00e4re ja ein Eingriff in die so gut funktionierende Marktwirtschaft, also blo\u00df nicht. Wir haben doch das hervorragende Gesetz zur Mietpreisbremse. Und es ist besser, wenn sich Frau Merkel die ganzen wunderbaren sozialen Wohltaten nicht allein zuschreiben kann, sondern auch die SPD sich diese an die Fahnen heften kann. So sieht es jedenfalls die obere Funktion\u00e4rsschicht.<\/p>\n<p>Das war es dann mit den Sozialdemokraten; nach zwei weiteren bleiernen Merkel- Jahren steht dann die FDP bereit, um &#8222;Deutschland nach vorn&#8220; zu bringen, mit ihren neoliberalen Rezepten, die garnicht mehr in unsere Zeit passen. Aber wer soll sie denn aufhalten nach dem Bankrott der Sozialdemokratie?<\/p>\n<p>&nbsp;<\/p>\n","protected":false,"gt_translate_keys":[{"key":"rendered","format":"html"}]},"excerpt":{"rendered":"<p>Nach dem Wahldebakel aufgrund von Gabriels Rechtspolitik folgt nun mit dem Eckpunktepapier f\u00fcr eine gro\u00dfe Koalition der Abgesang; so ein Ergebnis kann selbst ein so begabter Rhetoriker wie Schulz nicht&hellip;<\/p>\n","protected":false,"gt_translate_keys":[{"key":"rendered","format":"html"}]},"author":1,"featured_media":0,"comment_status":"open","ping_status":"open","sticky":false,"template":"","format":"standard","meta":{"footnotes":""},"categories":[45,11],"tags":[172,60,163,170,169,171,33],"class_list":["post-404","post","type-post","status-publish","format-standard","hentry","category-gesellschaft","category-politik","tag-agenda","tag-fdp","tag-grosse-koalition","tag-kettenarbeitsvertraege","tag-mietpreisbremse","tag-mindestloehne","tag-sozialdemokratie"],"gt_translate_keys":[{"key":"link","format":"url"}],"_links":{"self":[{"href":"https:\/\/andreastriebel.de\/index.php?rest_route=\/wp\/v2\/posts\/404","targetHints":{"allow":["GET"]}}],"collection":[{"href":"https:\/\/andreastriebel.de\/index.php?rest_route=\/wp\/v2\/posts"}],"about":[{"href":"https:\/\/andreastriebel.de\/index.php?rest_route=\/wp\/v2\/types\/post"}],"author":[{"embeddable":true,"href":"https:\/\/andreastriebel.de\/index.php?rest_route=\/wp\/v2\/users\/1"}],"replies":[{"embeddable":true,"href":"https:\/\/andreastriebel.de\/index.php?rest_route=%2Fwp%2Fv2%2Fcomments&post=404"}],"version-history":[{"count":4,"href":"https:\/\/andreastriebel.de\/index.php?rest_route=\/wp\/v2\/posts\/404\/revisions"}],"predecessor-version":[{"id":518,"href":"https:\/\/andreastriebel.de\/index.php?rest_route=\/wp\/v2\/posts\/404\/revisions\/518"}],"wp:attachment":[{"href":"https:\/\/andreastriebel.de\/index.php?rest_route=%2Fwp%2Fv2%2Fmedia&parent=404"}],"wp:term":[{"taxonomy":"category","embeddable":true,"href":"https:\/\/andreastriebel.de\/index.php?rest_route=%2Fwp%2Fv2%2Fcategories&post=404"},{"taxonomy":"post_tag","embeddable":true,"href":"https:\/\/andreastriebel.de\/index.php?rest_route=%2Fwp%2Fv2%2Ftags&post=404"}],"curies":[{"name":"wp","href":"https:\/\/api.w.org\/{rel}","templated":true}]}}