{"id":4063,"date":"2023-04-14T18:56:35","date_gmt":"2023-04-14T16:56:35","guid":{"rendered":"http:\/\/andreastriebel.de\/?p=4063"},"modified":"2023-05-07T14:51:37","modified_gmt":"2023-05-07T12:51:37","slug":"der-impfwahn-eine-gesellschaftliche-verirrung","status":"publish","type":"post","link":"https:\/\/andreastriebel.de\/?p=4063","title":{"rendered":"Der Impfwahn, eine gesellschaftliche Verirrung?","gt_translate_keys":[{"key":"rendered","format":"text"}]},"content":{"rendered":"\n<p><strong>Die vielen Millionen Impfgesch\u00e4digten bitten um Hilfe<\/strong><\/p>\n\n\n\n<p><strong>Viele Menschen, welche die Injektionen erhielten, wissen  nicht, dass ihre Beschwerden durch das verimpfte Gift hervorgerufen wurden. Sie wissen nicht, dass giftige Spike- Protein bis zu einem Jahr im K\u00f6rper verbleibt und mindestens so lange Schaden anrichten kann. Ob es l\u00e4nger im K\u00f6rper bleibt, vielleicht sogar lebenslang ist unbekannt.<\/strong><\/p>\n\n\n\n<ul class=\"wp-block-list\">\n<li><strong>Wenn ein \u00e4lterer Mensch pl\u00f6tzlich an Krebs leidet oder einen Schlaganfall oder einen Herzinfarkt erdulden muss, wird das auf sein Alter geschoben und nicht weiter untersucht.<\/strong><\/li>\n\n\n\n<li><strong>Die j\u00fcngeren Angeh\u00f6rigen, die ihn zur \u201eImpfung\u201c gedr\u00e4ngt haben, wollen oder k\u00f6nnen den Zusammenhang nicht erkennen. Wenn er sich aber aufdr\u00e4ngt, wird der Zusammenhang geleugnet. Man schweigt lieber.<\/strong><\/li>\n\n\n\n<li><strong>Der Arzt, der zu der Injektion geraten vielleicht sie sogar selbst ausgef\u00fchrt hat, verneint in der Regel den Zusammenhang. Viele \u00c4rzte sind auch selbst an den Injektionen gestorben.<\/strong><\/li>\n\n\n\n<li><strong>Junge Menschen, die nach der Injektion unter Leuk\u00e4mie, Nervenschmerzen oder Myokarditis leiden, wollen vielfach von dem Zusammenhang nichts wissen. Oft gerade deswegen, weil sie gewarnt worden waren und nun sich nicht eingestehen wollen, dass sie einen schweren Fehler gemacht haben.<\/strong><\/li>\n\n\n\n<li><strong>Junge alleinerziehende Frauen, die ihren Beruf z.B. als. &nbsp;Krankenschwester nicht aufgeben wollten, und nun unter den Folgen des Impfzwangs leiden, sind verzweifelt.<\/strong><\/li>\n\n\n\n<li><strong>Sportler, die eine hoffnungsvolle Karriere erwarteten, m\u00fcssen nach einer Herzmuskelentz\u00fcndung aufgeben und mit einem ungewissen Schicksal fertig werden. &nbsp;Obendrein wird ihnen noch von Besserwissern unterstellt, zu fr\u00fch nach der Injektion wieder mit dem Sport angefangen zu haben.<\/strong><\/li>\n\n\n\n<li><strong>In einer Familie leiden nach der Injektion pl\u00f6tzlich zwei Kinder von dreien unter einer Z\u00f6liakie, einer seltenen Autoimmunerkrankung. Welche Mutter gesteht sich dann ein, dass sie ihren Kindern einen schweren, lebenslangen Schaden zugef\u00fcgt hat.<\/strong><\/li>\n\n\n\n<li><strong>Welcher Schwangeren wurde gesagt, dass sie nach \u201eImpfung\u201c mit achtzigprozentiger Wahrscheinlichkeit ihr Kind verlieren w\u00fcrde. Oder es wird mit schweren Behinderungen geboren. Welchem Mann wurde gesagt, dass er mit hoher Wahrscheinlichkeit zeugungsunf\u00e4hig werden wird?<\/strong><\/li>\n<\/ul>\n\n\n\n<p><strong>Die Hexenverfolgungen forderten im Mittelalter viele Millionen Tote. Die Zahl der Opfer des Weltkrieges wird auf sechzig Millionen gesch\u00e4tzt. Wieviel Millionen Opfer die augenblickliche gesellschaftliche Verirrung fordern wird, ist noch nicht festzustellen. Inzwischen steht aber fest, dass das Spike- Protein auch in das Gehirn eindringt und in einigen F\u00e4llen BSE, den Rinderwahn hervorruft. Auch ist k\u00fcnstliche DNA in das menschliche Erbgut eingeschleust worden. Die Folgen sind unabsehbar.<\/strong><\/p>\n\n\n\n<p><strong>Man kann nicht von Fehlern sprechen, denn alle Folgen, die eingetreten sind, wurden vorhergesagt.<\/strong><\/p>\n\n\n\n<figure class=\"wp-block-image size-large\"><a href=\"https:\/\/www.mwgfd.org\/2023\/04\/auf1-interview-mit-prof-dr-bergholz\/\" target=\"_blank\" rel=\"noreferrer noopener\"><img loading=\"lazy\" decoding=\"async\" width=\"1024\" height=\"576\" src=\"https:\/\/andreastriebel.de\/wp-content\/uploads\/2023\/04\/signal-2023-04-13-194041_002-1536x864-1-1024x576.jpeg\" alt=\"\" class=\"wp-image-4065\" srcset=\"https:\/\/andreastriebel.de\/wp-content\/uploads\/2023\/04\/signal-2023-04-13-194041_002-1536x864-1-1024x576.jpeg 1024w, https:\/\/andreastriebel.de\/wp-content\/uploads\/2023\/04\/signal-2023-04-13-194041_002-1536x864-1-300x169.jpeg 300w, https:\/\/andreastriebel.de\/wp-content\/uploads\/2023\/04\/signal-2023-04-13-194041_002-1536x864-1-768x432.jpeg 768w, https:\/\/andreastriebel.de\/wp-content\/uploads\/2023\/04\/signal-2023-04-13-194041_002-1536x864-1.jpeg 1536w\" sizes=\"auto, (max-width: 1024px) 100vw, 1024px\" \/><\/a><\/figure>\n\n\n\n<hr class=\"wp-block-separator has-alpha-channel-opacity\"\/>\n\n\n\n<blockquote class=\"twitter-tweet\"><p lang=\"de\" dir=\"ltr\">OBEN: Die Nachricht des Tages beruht auf Modellrechnungen der WHO, die den Daten diametral widersprechen.<br><br>UNTEN: Seit dem Impfstart Ende 2020 steigt die altersstandardisierte \u00dcbersterblichkeit enorm, vor dem Impfstart war sie unauff\u00e4llig.<br><br>Quelle: <a href=\"https:\/\/t.co\/Obmt3Eb8TC\">https:\/\/t.co\/Obmt3Eb8TC<\/a> <a href=\"https:\/\/t.co\/BoIrXB7o6H\">pic.twitter.com\/BoIrXB7o6H<\/a><\/p>&mdash; Stefan Homburg (@SHomburg) <a href=\"https:\/\/twitter.com\/SHomburg\/status\/1648017742744657941?ref_src=twsrc%5Etfw\">April 17, 2023<\/a><\/blockquote> <script async src=\"https:\/\/platform.twitter.com\/widgets.js\" charset=\"utf-8\"><\/script>\n\n\n\n<hr class=\"wp-block-separator has-alpha-channel-opacity\"\/>\n\n\n\n<blockquote class=\"twitter-tweet\"><p lang=\"de\" dir=\"ltr\">Da hat also das stat. Bundesamt gef\u00e4lschte Zahlen geliefert, denn das kann ja nicht sein, dass Impfungen. die Leben retten sollen, das Gegenteil bewirken.<br><br>Oder greift hier der beliebte Spruch: ohne die &quot;Impfungen&quot; w\u00e4ren noch viel mehr gestorben.<\/p>&mdash; Andreas Triebel (@TriebelAndreas) <a href=\"https:\/\/twitter.com\/TriebelAndreas\/status\/1648019962429075464?ref_src=twsrc%5Etfw\">April 17, 2023<\/a><\/blockquote> <script async src=\"https:\/\/platform.twitter.com\/widgets.js\" charset=\"utf-8\"><\/script>\n\n\n\n<hr class=\"wp-block-separator has-alpha-channel-opacity\"\/>\n","protected":false,"gt_translate_keys":[{"key":"rendered","format":"html"}]},"excerpt":{"rendered":"<p>Die vielen Millionen Impfgesch\u00e4digten bitten um Hilfe Viele Menschen, welche die Injektionen erhielten, wissen nicht, dass ihre Beschwerden durch das verimpfte Gift hervorgerufen wurden. Sie wissen nicht, dass giftige Spike-&hellip;<\/p>\n","protected":false,"gt_translate_keys":[{"key":"rendered","format":"html"}]},"author":1,"featured_media":0,"comment_status":"open","ping_status":"open","sticky":false,"template":"","format":"standard","meta":{"footnotes":""},"categories":[12,11],"tags":[741,483,740,607],"class_list":["post-4063","post","type-post","status-publish","format-standard","hentry","category-medizin","category-politik","tag-impfschaden","tag-impfzwang","tag-rinderwahn","tag-spike-protein"],"gt_translate_keys":[{"key":"link","format":"url"}],"_links":{"self":[{"href":"https:\/\/andreastriebel.de\/index.php?rest_route=\/wp\/v2\/posts\/4063","targetHints":{"allow":["GET"]}}],"collection":[{"href":"https:\/\/andreastriebel.de\/index.php?rest_route=\/wp\/v2\/posts"}],"about":[{"href":"https:\/\/andreastriebel.de\/index.php?rest_route=\/wp\/v2\/types\/post"}],"author":[{"embeddable":true,"href":"https:\/\/andreastriebel.de\/index.php?rest_route=\/wp\/v2\/users\/1"}],"replies":[{"embeddable":true,"href":"https:\/\/andreastriebel.de\/index.php?rest_route=%2Fwp%2Fv2%2Fcomments&post=4063"}],"version-history":[{"count":8,"href":"https:\/\/andreastriebel.de\/index.php?rest_route=\/wp\/v2\/posts\/4063\/revisions"}],"predecessor-version":[{"id":4100,"href":"https:\/\/andreastriebel.de\/index.php?rest_route=\/wp\/v2\/posts\/4063\/revisions\/4100"}],"wp:attachment":[{"href":"https:\/\/andreastriebel.de\/index.php?rest_route=%2Fwp%2Fv2%2Fmedia&parent=4063"}],"wp:term":[{"taxonomy":"category","embeddable":true,"href":"https:\/\/andreastriebel.de\/index.php?rest_route=%2Fwp%2Fv2%2Fcategories&post=4063"},{"taxonomy":"post_tag","embeddable":true,"href":"https:\/\/andreastriebel.de\/index.php?rest_route=%2Fwp%2Fv2%2Ftags&post=4063"}],"curies":[{"name":"wp","href":"https:\/\/api.w.org\/{rel}","templated":true}]}}