{"id":4097,"date":"2023-05-06T20:54:43","date_gmt":"2023-05-06T18:54:43","guid":{"rendered":"http:\/\/andreastriebel.de\/?p=4097"},"modified":"2023-05-14T16:40:23","modified_gmt":"2023-05-14T14:40:23","slug":"doch-das-sind-faschisten","status":"publish","type":"post","link":"https:\/\/andreastriebel.de\/?p=4097","title":{"rendered":"Doch, das sind Faschisten","gt_translate_keys":[{"key":"rendered","format":"text"}]},"content":{"rendered":"\n<p><strong>Die Malthusianer wollten die Bev\u00f6lkerungsreduktion. Sie schoben einen Mangel an Nahrungsmitteln vor, die Erde w\u00fcrde nicht alle Menschen, die geboren werden, ern\u00e4hren k\u00f6nnen.<\/strong><\/p>\n\n\n\n<p><strong>Ihre legitimen Erben, die heutigen Gr\u00fcnen, erz\u00e4hlen, dass die Erde durch die Menge an Menschen verw\u00fcstet w\u00fcrde und das Klima w\u00fcrde unertr\u00e4glich werden. Das ist nichts weiter als eine Variante des Malthusianismus. Diese Variante entspringt dem kleinb\u00fcrgerlichen Denken, das in den anderen Menschen Konkurrenten sieht, sei es um Nahrung, um Raum oder um Luft. Dass aber alle Menschen mit gleichen Rechten ausgestattet sind, passte schon den Nazis nicht.<\/strong><\/p>\n\n\n\n<p><strong>W\u00e4hrend es bei den Nationalsozialisten die Rasse war, die als \u00fcberindividuelles Gut zu sch\u00fctzen war, erf\u00e4hrt die Natur in der gr\u00fcnen Ideologie eine mythische Verkl\u00e4rung und Menschenrechte sind einzuschr\u00e4nken.<\/strong><\/p>\n\n\n\n<p><strong>Die Trittin- und Fischer- Clique wollte vor einigen Jahren den Benzinpreis auf f\u00fcnf Euro pro Liter anheben, was die oberen Zehntausend nicht geschmerzt, die breite Masse aber empfindlich getroffen h\u00e4tte. Jetzt versuchen sie mit allen m\u00f6glichen Begr\u00fcndungen den Bewegungsradius des einfachen Volkes durch sogenannte smart Cities einzuschr\u00e4nken. Der Gro\u00dfversuch durch den Lockdown ist schon erfolgreich gewesen. Legislative und Exekutive haben sich sofort eingeordnet. Der gewaltige Propagandaapparat, der jedes Jahr einen Milliardenaufwand erfordert, hat sich gelohnt.<\/strong><\/p>\n\n\n\n<p><strong>Deutschlands CO2- Aussto\u00df wird in den Mittelpunkt ger\u00fcckt, damit l\u00e4sst sich jede Unterdr\u00fcckungsma\u00dfnahme rechtfertigen.<\/strong><\/p>\n\n\n\n<p><strong>W\u00e4hrend die Nazis noch den gelben Stern verwenden mussten, um zu spalten und auszugrenzen, benutzen jetzt gr\u00fcne Politiker, stellvertretend f\u00fcr die obere Mittelklasse, die nicht betroffen ist, das CO2- Argument und verteuern die individuelle Mobilit\u00e4t in einem Ma\u00dfe, das untere Schichten perspektivisch von der Mobilit\u00e4t ausschlie\u00dft. Die Spaltung unserer Gesellschaft wird mit gr\u00fcner Ideologie \u00fcbert\u00fcncht.<\/strong><\/p>\n\n\n\n<p><strong>Aber auch vor offener Gewaltanwendung und mit Verwendung dummdreister Spr\u00fcche (\u201ePanzer rollen f\u00fcr den Frieden\u201c) schrecken gr\u00fcne Ideologen nicht zur\u00fcck. Aufr\u00fcstung f\u00fcr den Ukraine- Krieg ist jetzt Trumpf. Daf\u00fcr muss in den Munitionsfabriken Ruhe herrschen und gleicher Lohn f\u00fcr Frauen darf kein Thema sein.<\/strong><\/p>\n\n\n\n<p><strong>Im ersten Weltkrieg sollten Schmuck und Wertgegenst\u00e4nde f\u00fcr den Sieg gegen den Feind gespendet werden, im zweiten Weltkrieg beschworen die Nazis die Volksgemeinschaft und sammelten Winterkleidung f\u00fcr deutsche Soldaten, die Raum im Osten erobern sollten. Jetzt soll das Volk die Heizungen drosseln und die Zimmertemperaturen absenken, um \u201ePutin zu sch\u00e4digen\u201c. Was sind die Propagandisten der Regierung doch abgehoben, dass sie das Volk f\u00fcr so dumm halten.<\/strong><\/p>\n\n\n\n<p><strong>Und das soll den Planeten schonen und ihn vor dem \u201emenschengenachten Klimawandel\u201c sch\u00fctzen, wie passt das zusammen mit der millionenfachen T\u00f6tung von Menschen durch Impfinjektionen. Sehr gut, wenn es auch eine sehr radikale L\u00f6sung ist. Diese L\u00f6sung schwebte dem Malthusianer, Dennis Meadow, einem Autor des Buches \u201eDie Grenzen des Wachstums\u201c, nicht vor. Die Reduzierung der Zahl der Menschen von acht Milliarden auf eine Milliarde sollte \u201elangsam\u201c geschehen.<\/strong><\/p>\n\n\n\n<p><strong>Dass wir so schnell \u201e1984\u201c erleben w\u00fcrden, konnte er sich nicht vorstellen.<\/strong><\/p>\n\n\n\n<p><strong>Malthus postulierte eine Begrenzung der Nahrungsmittelvorr\u00e4te auf der Erde und war deshalb f\u00fcr eine Begrenzung der Bev\u00f6lkerung; die Nazis forderten \u201eRaum im Osten\u201c, wo sie deutsche Bauern ansiedeln wollten und die gr\u00fcnen Ideologen fordern jetzt eine CO2- freie Wirtschaft weltweit.<\/strong><\/p>\n\n\n\n<p><strong>Und wieviele Kinder w\u00e4ren lebend geboren worden, wenn ihre M\u00fctter nicht die Injektionen erhalten h\u00e4tten? Das fatale Absinken der Geburtenrate spricht eine deutliche Sprache. Anscheinend ist Kindermord ein wiederkehrendes Thema in der menschlichen Geschichte. Die Bibel erz\u00e4hlt uns bereits von K\u00f6nig Herodes.<\/strong><\/p>\n\n\n\n<p><strong>Unsere moderne Gesellschaft ist schon viel weiter und greift gleich die Zeugungsf\u00e4higkeit und Fruchtbarkeit direkt an. Die Berichte der Pathologen sind eindeutig<\/strong>.<\/p>\n\n\n\n<p><strong>Nie wieder ist jetzt.<\/strong><\/p>\n\n\n\n<hr class=\"wp-block-separator has-alpha-channel-opacity\"\/>\n\n\n\n<blockquote class=\"twitter-tweet\"><p lang=\"de\" dir=\"ltr\">CORONA-KLAUSUR<br><br>Bitte beantworten Sie anhand der Sterberaten folgende Fragen:<br><br>1. Sehen Sie 2020 eine Jahrhundertseuche?<br>2. Sehen Sie 2021\/22 wirksame und sichere Impfungen?<br>3. Sehen Sie das &quot;Pandemieende&quot; 2023?<br>4. Warum glauben so viele diesen Nonsens?<br><br>Ohne\u2026 <a href=\"https:\/\/t.co\/beXGJie3Gj\">pic.twitter.com\/beXGJie3Gj<\/a><\/p>&mdash; Stefan Homburg (@SHomburg) <a href=\"https:\/\/twitter.com\/SHomburg\/status\/1655266756527546370?ref_src=twsrc%5Etfw\">May 7, 2023<\/a><\/blockquote> <script async src=\"https:\/\/platform.twitter.com\/widgets.js\" charset=\"utf-8\"><\/script>\n\n\n\n<p><blockquote class=\"wp-embedded-content\" data-secret=\"jPX56mDJDE\"><a href=\"https:\/\/norberthaering.de\/new\/geburtenrueckgang\/\">Starker Geburtenr\u00fcckgang im Februar l\u00f6st wieder einmal eine Welle hektischer Nichtberichterstattung aus<\/a><\/blockquote><iframe loading=\"lazy\" class=\"wp-embedded-content\" sandbox=\"allow-scripts\" security=\"restricted\" style=\"position: absolute; clip: rect(1px, 1px, 1px, 1px);\" title=\"&#8222;Starker Geburtenr\u00fcckgang im Februar l\u00f6st wieder einmal eine Welle hektischer Nichtberichterstattung aus&#8220; &#8212; Geld und mehr\" src=\"https:\/\/norberthaering.de\/new\/geburtenrueckgang\/embed\/#?secret=Gr5JK621zP#?secret=jPX56mDJDE\" data-secret=\"jPX56mDJDE\" width=\"317\" height=\"200\" frameborder=\"0\" marginwidth=\"0\" marginheight=\"0\" scrolling=\"no\"><\/iframe><\/p>\n","protected":false,"gt_translate_keys":[{"key":"rendered","format":"html"}]},"excerpt":{"rendered":"<p>Die Malthusianer wollten die Bev\u00f6lkerungsreduktion. Sie schoben einen Mangel an Nahrungsmitteln vor, die Erde w\u00fcrde nicht alle Menschen, die geboren werden, ern\u00e4hren k\u00f6nnen. Ihre legitimen Erben, die heutigen Gr\u00fcnen, erz\u00e4hlen,&hellip;<\/p>\n","protected":false,"gt_translate_keys":[{"key":"rendered","format":"html"}]},"author":1,"featured_media":0,"comment_status":"open","ping_status":"open","sticky":false,"template":"","format":"standard","meta":{"footnotes":""},"categories":[45,11],"tags":[374,305,746],"class_list":["post-4097","post","type-post","status-publish","format-standard","hentry","category-gesellschaft","category-politik","tag-corona","tag-gruene","tag-malthus"],"gt_translate_keys":[{"key":"link","format":"url"}],"_links":{"self":[{"href":"https:\/\/andreastriebel.de\/index.php?rest_route=\/wp\/v2\/posts\/4097","targetHints":{"allow":["GET"]}}],"collection":[{"href":"https:\/\/andreastriebel.de\/index.php?rest_route=\/wp\/v2\/posts"}],"about":[{"href":"https:\/\/andreastriebel.de\/index.php?rest_route=\/wp\/v2\/types\/post"}],"author":[{"embeddable":true,"href":"https:\/\/andreastriebel.de\/index.php?rest_route=\/wp\/v2\/users\/1"}],"replies":[{"embeddable":true,"href":"https:\/\/andreastriebel.de\/index.php?rest_route=%2Fwp%2Fv2%2Fcomments&post=4097"}],"version-history":[{"count":5,"href":"https:\/\/andreastriebel.de\/index.php?rest_route=\/wp\/v2\/posts\/4097\/revisions"}],"predecessor-version":[{"id":4104,"href":"https:\/\/andreastriebel.de\/index.php?rest_route=\/wp\/v2\/posts\/4097\/revisions\/4104"}],"wp:attachment":[{"href":"https:\/\/andreastriebel.de\/index.php?rest_route=%2Fwp%2Fv2%2Fmedia&parent=4097"}],"wp:term":[{"taxonomy":"category","embeddable":true,"href":"https:\/\/andreastriebel.de\/index.php?rest_route=%2Fwp%2Fv2%2Fcategories&post=4097"},{"taxonomy":"post_tag","embeddable":true,"href":"https:\/\/andreastriebel.de\/index.php?rest_route=%2Fwp%2Fv2%2Ftags&post=4097"}],"curies":[{"name":"wp","href":"https:\/\/api.w.org\/{rel}","templated":true}]}}