{"id":4114,"date":"2023-05-20T18:42:49","date_gmt":"2023-05-20T16:42:49","guid":{"rendered":"http:\/\/andreastriebel.de\/?p=4114"},"modified":"2023-06-18T12:22:17","modified_gmt":"2023-06-18T10:22:17","slug":"nrw-wacht-auf","status":"publish","type":"post","link":"https:\/\/andreastriebel.de\/?p=4114","title":{"rendered":"NRW erwacht","gt_translate_keys":[{"key":"rendered","format":"text"}]},"content":{"rendered":"\n<p>Rede vor dem Bergbaumuseum Bochum, 20.05.23, Dr. Andreas Triebel<\/p>\n\n\n\n<p><strong>Ich m\u00f6chte ein paar S\u00e4tze zu den Gruppen sagen, die sich dort oben versammelt haben. Diese Leute geben die Parole aus, dass sie gegen rechts seien. Sie wollen damit sagen, dass sie selbst linksorientiert seien oder in der sogenannten Mitte. Ich habe den Eindruck, dass diese Leute garnicht wissen, was links sein \u00fcberhaupt bedeutet.<\/strong><\/p>\n\n\n\n<p><strong>Diese Leute wissen anscheinend nicht, dass sie eigentlich gegen den Nato- Krieg gegen Russland protestieren m\u00fcssten.<\/strong><\/p>\n\n\n\n<ul class=\"wp-block-list\">\n<li><strong> Wissen diese Leute, dass der Krieg der Nato bisher 150.000 Todesopfer auf ukrainischer Seite gefordert hat. Das sind 150.000 junge ukrainische M\u00e4nner, die f\u00fcr westliche Oligarchen sterben mussten. Das sprechen sie aber nicht aus, sie sagen, diese M\u00e4nner seien f\u00fcr westliche Werte gestorben. Das wurde den Soldaten in Syrien auch vorgespiegelt. Und westliche Werte brachten die Amerikaner auch in den Irak, vor allem zu den dortigen \u00d6lquellen. Und mit westlichen Werten wollten die Amerikaner auch Afghanistan begl\u00fccken, denn dieses Land ist reich an wertvollen Rohstoffen. Die Afghanen wollten ihre Bodensch\u00e4tze aber selbst ausbeuten und warfen die Amerikaner und die deutsche Bundeswehr hinaus. Auf westliche Werte legten sie keinen Wert.<\/strong><\/li>\n<\/ul>\n\n\n\n<p><strong>Sie wollten nicht, dass ihren Kindern erz\u00e4hlt w\u00fcrde, <\/strong><\/p>\n\n\n\n<ul class=\"wp-block-list\">\n<li><strong>dass es nicht Mann und Frau geben w\u00fcrde, sondern 36 Geschlechter,<\/strong><\/li>\n\n\n\n<li><strong>dass den Kindern in der Pubert\u00e4t erz\u00e4hlt wird, dass sie sich ihr Geschlecht aussuchen k\u00f6nnten, dass sie sich aussuchen k\u00f6nnten, ob sie Jungen oder M\u00e4dchen seien.<\/strong><\/li>\n<\/ul>\n\n\n\n<p><strong>Die Afghanen wollten nicht, dass die Prostitution \u00fcberhand nimmt, wie in Vietnam, oder anderen L\u00e4ndern, in welche die amerikanische Armee eingefallen ist. Unter dem Schlagwort der Befreiung der Frau verbirgt sich die Herabw\u00fcrdigung der Frauen zu Geb\u00e4rmaschinen. In der Ukraine ist das bereits Realit\u00e4t. Die Frauenbewegung bedankt sich f\u00fcr eine solche Unterst\u00fctzung.<\/strong><\/p>\n\n\n\n<p><strong>Und die Frauen in den Munitionsfabriken, die gleichen Lohn f\u00fcr gleiche Arbeit fordern, h\u00f6ren nichts von einer Unterst\u00fctzung. Sie d\u00fcrfen sich jetzt zu M\u00e4nnern umdeklarieren lassen. Aber das reicht dann auch. Gleichen Lohn wie M\u00e4nner bekommen sie deswegen nicht. So weit geht Linkssein nicht. Das nennt man dann pseudolinks: so tun, als ob und sich lieber mit Geschlechtsumwandlung besch\u00e4ftigen als mit der sozialen Lage der arbeitenden Bev\u00f6lkerung.<\/strong><\/p>\n\n\n\n<p><strong>Und der Streik der Eisenbahner, die daf\u00fcr k\u00e4mpfen durch die Geldentwertung nicht weiter gesch\u00e4digt zu werden, das interessiert diese Pseudolinken nicht, kein Wort der Unterst\u00fctzung f\u00fcr die Eisenbahner.<\/strong><\/p>\n\n\n\n<p><strong>Und Ihr paktiert mit den Corona-Parteien, mit den Vertretern der politischen Klasse, die hier dem Faschismus Vorschub leisten. Das sind diese Leute, die drei Jahre lang die Menschen in Angst und Schrecken versetzt haben, diese Leute haben uns gezwungen unser Zuhause zu einem Gef\u00e4ngnis einzurichten und es nicht ohne Genehmigung zu verlassen. Uns wurden von diesen Leuten gesundheitssch\u00e4dliche Masken aufgezwungen. Wir durften unsere Angeh\u00f6rigen in Krankenh\u00e4usern und Altersheimen nicht besuchen. Sie mussten allein sterben. Kinder durften nicht auf Spielpl\u00e4tzen spielen und mussten in der Schule maskiert sitzen. Alle sozialen Beziehungen wurden gest\u00f6rt.<\/strong><\/p>\n\n\n\n<p><strong>Und dann begannen diese Leute, die Ihr unterst\u00fctzt, das t\u00f6dliche Spritzenprogramm. Die Todeszahlen sind auf ungeahnte H\u00f6hen gestiegen. \u00c4ltere Menschen, die gespritzt wurden, k\u00f6nnen nicht mehr lange leben. Schwere Erkrankungen werden durch das verabreichte Gift verursacht. Die Zahl der Krebserkrankungen steigt unaufh\u00f6rlich. Wann diese gr\u00f6\u00dfte Medizinkatastrophe an ihr Ende kommt, wei\u00df niemand.<\/strong><\/p>\n\n\n\n<p><strong>Auch j\u00fcngere Menschen, welche die Injektion zun\u00e4chst \u00fcberstanden haben, m\u00fcssen um ihr Leben f\u00fcrchten. Wir wissen nicht, wer noch an einer Herzmuskelentz\u00fcndung sterben wird.<\/strong><\/p>\n\n\n\n<p><strong>Mit solchen Leuten, die diesen heimt\u00fcckischen Anschlag zu verantworten haben und immer noch billigen, mit diesen Leuten veranstaltet Ihr eine Kundgebung gegen rechts. Wir hoffen, dass Ihr noch zur Besinnung kommt. Sonst wachen wir gemeinsam im Konzentrationslager Bundesrepublik auf.<\/strong><\/p>\n\n\n\n<p><strong>Die Pl\u00e4ne der WHO und die Pl\u00e4ne der Gr\u00fcnen zur Smart- city sind offen einsehbar. Wollt Ihr sp\u00e4ter einmal wie 1945 sagen, Ihr h\u00e4ttet davon nichts gewusst? Der Faschismus, wenn er sich anschleicht, sagt nicht, ich bin der Faschismus. Nein, er sagt, ich bin f\u00fcr Solidarit\u00e4t und besch\u00fctze Euch vor dem b\u00f6sen Virus. Wir m\u00fcssen unser Klima sch\u00fctzen, deshalb m\u00fcssen wir uns einschr\u00e4nken, die Heizung drosseln, kein Fleisch mehr essen, und Auto fahren nur noch f\u00fcr den Weg zu Arbeit.<\/strong><\/p>\n\n\n\n<p><strong>Die Neofaschisten unserer Zeit haben sich gr\u00fcn angestrichen, damit man ihre braune Grundfarbe nicht sieht.<\/strong><\/p>\n\n\n\n<hr class=\"wp-block-separator has-alpha-channel-opacity\"\/>\n\n\n\n<figure class=\"wp-block-embed is-type-wp-embed is-provider-geld-und-mehr wp-block-embed-geld-und-mehr\"><div class=\"wp-block-embed__wrapper\">\n<blockquote class=\"wp-embedded-content\" data-secret=\"ya6Sxbx1cI\"><a href=\"https:\/\/norberthaering.de\/propaganda-zensur\/volksverpetzer\/\">Die Clearingstelle Medienkompetenz ist eine Schande f\u00fcr die Deutsche Bischofskonferenz<\/a><\/blockquote><iframe loading=\"lazy\" class=\"wp-embedded-content\" sandbox=\"allow-scripts\" security=\"restricted\" style=\"position: absolute; clip: rect(1px, 1px, 1px, 1px);\" title=\"&#8222;Die Clearingstelle Medienkompetenz ist eine Schande f\u00fcr die Deutsche Bischofskonferenz&#8220; &#8212; Geld und mehr\" src=\"https:\/\/norberthaering.de\/propaganda-zensur\/volksverpetzer\/embed\/#?secret=2wJErQUS5w#?secret=ya6Sxbx1cI\" data-secret=\"ya6Sxbx1cI\" width=\"317\" height=\"200\" frameborder=\"0\" marginwidth=\"0\" marginheight=\"0\" scrolling=\"no\"><\/iframe>\n<\/div><\/figure>\n\n\n\n<hr class=\"wp-block-separator has-alpha-channel-opacity\"\/>\n\n\n\n<figure class=\"wp-block-image size-large\"><img loading=\"lazy\" decoding=\"async\" width=\"1024\" height=\"534\" src=\"https:\/\/andreastriebel.de\/wp-content\/uploads\/2023\/05\/Fw95dKGWwAE7xLB-1024x534.jpg\" alt=\"\" class=\"wp-image-4124\" srcset=\"https:\/\/andreastriebel.de\/wp-content\/uploads\/2023\/05\/Fw95dKGWwAE7xLB-1024x534.jpg 1024w, https:\/\/andreastriebel.de\/wp-content\/uploads\/2023\/05\/Fw95dKGWwAE7xLB-300x156.jpg 300w, https:\/\/andreastriebel.de\/wp-content\/uploads\/2023\/05\/Fw95dKGWwAE7xLB-768x401.jpg 768w, https:\/\/andreastriebel.de\/wp-content\/uploads\/2023\/05\/Fw95dKGWwAE7xLB.jpg 1112w\" sizes=\"auto, (max-width: 1024px) 100vw, 1024px\" \/><\/figure>\n\n\n\n<hr class=\"wp-block-separator has-alpha-channel-opacity\"\/>\n\n\n\n<p>Prof. Stefan Homburg<\/p>\n","protected":false,"gt_translate_keys":[{"key":"rendered","format":"html"}]},"excerpt":{"rendered":"<p>Rede vor dem Bergbaumuseum Bochum, 20.05.23, Dr. Andreas Triebel Ich m\u00f6chte ein paar S\u00e4tze zu den Gruppen sagen, die sich dort oben versammelt haben. Diese Leute geben die Parole aus,&hellip;<\/p>\n","protected":false,"gt_translate_keys":[{"key":"rendered","format":"html"}]},"author":1,"featured_media":0,"comment_status":"open","ping_status":"open","sticky":false,"template":"","format":"standard","meta":{"footnotes":""},"categories":[11],"tags":[73,682,677,678,536],"class_list":["post-4114","post","type-post","status-publish","format-standard","hentry","category-politik","tag-afghanistan","tag-corona-parteien","tag-nato","tag-ukraine","tag-who"],"gt_translate_keys":[{"key":"link","format":"url"}],"_links":{"self":[{"href":"https:\/\/andreastriebel.de\/index.php?rest_route=\/wp\/v2\/posts\/4114","targetHints":{"allow":["GET"]}}],"collection":[{"href":"https:\/\/andreastriebel.de\/index.php?rest_route=\/wp\/v2\/posts"}],"about":[{"href":"https:\/\/andreastriebel.de\/index.php?rest_route=\/wp\/v2\/types\/post"}],"author":[{"embeddable":true,"href":"https:\/\/andreastriebel.de\/index.php?rest_route=\/wp\/v2\/users\/1"}],"replies":[{"embeddable":true,"href":"https:\/\/andreastriebel.de\/index.php?rest_route=%2Fwp%2Fv2%2Fcomments&post=4114"}],"version-history":[{"count":12,"href":"https:\/\/andreastriebel.de\/index.php?rest_route=\/wp\/v2\/posts\/4114\/revisions"}],"predecessor-version":[{"id":4151,"href":"https:\/\/andreastriebel.de\/index.php?rest_route=\/wp\/v2\/posts\/4114\/revisions\/4151"}],"wp:attachment":[{"href":"https:\/\/andreastriebel.de\/index.php?rest_route=%2Fwp%2Fv2%2Fmedia&parent=4114"}],"wp:term":[{"taxonomy":"category","embeddable":true,"href":"https:\/\/andreastriebel.de\/index.php?rest_route=%2Fwp%2Fv2%2Fcategories&post=4114"},{"taxonomy":"post_tag","embeddable":true,"href":"https:\/\/andreastriebel.de\/index.php?rest_route=%2Fwp%2Fv2%2Ftags&post=4114"}],"curies":[{"name":"wp","href":"https:\/\/api.w.org\/{rel}","templated":true}]}}