{"id":4155,"date":"2023-06-29T18:22:16","date_gmt":"2023-06-29T16:22:16","guid":{"rendered":"http:\/\/andreastriebel.de\/?p=4155"},"modified":"2023-07-01T07:59:26","modified_gmt":"2023-07-01T05:59:26","slug":"terrorurteil-gegen-heinrich-habig","status":"publish","type":"post","link":"https:\/\/andreastriebel.de\/?p=4155","title":{"rendered":"Terrorurteil gegen Heinrich Habig","gt_translate_keys":[{"key":"rendered","format":"text"}]},"content":{"rendered":"\n<p>V\u00f6llig blind und Recht und Gesetz missachtend verurteilte die Richterin heute in Bochum den Arzt zu zwei Jahren und acht Monaten Gef\u00e4ngnis. Dieser Arzt sch\u00fctzte seine Patienten auch unter Druck und Gefahr vor den teils t\u00f6dlichen und schwer k\u00f6rperverletzenden Injektionen. Nach \u00fcbereinstimmendem Eindruck ist Heinrich Habig ein liebenswerter Arzt, der nur seinem Gewissen folgte.<\/p>\n\n\n\n<p>Die vorsitzende Richterin beging fortlaufend Rechtsbr\u00fcche, die ein Laie nicht alle aufz\u00e4hlen kann. Sie beugte das Recht und hatte stur nur die Verurteilung im Sinn. Sie tuschelte w\u00e4hrend der Verhandlung dauernd mit der Staatsanw\u00e4ltin und lie\u00df die Ausweise der Zuschauer fotokopieren. Von Hinweisen auf ihr rechtsbr\u00fcchiges Vorgehen lie\u00df sie sich nicht beeindrucken. Beweisantr\u00e4ge wurden abgeschmettert. Eine Befangenheit wollte sie nicht erkennen. Die Blamage der Justiz ist ungeheuerlich. Will die Justiz diese Richterin noch einem Angeklagten in Zukunft zumuten? Das kann man sich kaum vorstellen.<\/p>\n\n\n\n<p>Dr. Habig sitzt weiter in Untersuchungs (Erpressungs-)-Haft. Die Kammer wird durch die oberen Gerichte gedeckt. Ein Trauerspiel ohne Ende. Die Wut und die Emp\u00f6rung sind unter den Prozessbeteiligten gro\u00df; der falsche Mann sitzt vor Gericht. Das ist die Meinung der Prozessbeobachter, sie f\u00fchlen sich an die dunkle Zeit Deutschlands erinnert. Die T\u00e4ter, die in der Regierung sitzen und so viel Ungl\u00fcck \u00fcber die Menschen gebracht haben, m\u00fcssten angeklagt werden. &nbsp;Das will diese Kammer um jeden Preis verhindern.<\/p>\n\n\n\n<p>Nach 1945 wurden nur wenige Richter, die mitgemacht hatten, &nbsp;verurteilt. Wann wird heute 1945 eintreten?<\/p>\n\n\n\n<p>Prof. Stefan Homburg: &#8222;Wer hier formal argumentiert, h\u00e4tte damals auch Oskar Schindler ins Gef\u00e4ngnis geschickt, weil dieser gegen Nazi- Gesetze verstie\u00df&#8220;<\/p>\n","protected":false,"gt_translate_keys":[{"key":"rendered","format":"html"}]},"excerpt":{"rendered":"<p>V\u00f6llig blind und Recht und Gesetz missachtend verurteilte die Richterin heute in Bochum den Arzt zu zwei Jahren und acht Monaten Gef\u00e4ngnis. Dieser Arzt sch\u00fctzte seine Patienten auch unter Druck&hellip;<\/p>\n","protected":false,"gt_translate_keys":[{"key":"rendered","format":"html"}]},"author":1,"featured_media":0,"comment_status":"open","ping_status":"open","sticky":false,"template":"","format":"standard","meta":{"footnotes":""},"categories":[45,11],"tags":[374,749,552],"class_list":["post-4155","post","type-post","status-publish","format-standard","hentry","category-gesellschaft","category-politik","tag-corona","tag-habig","tag-justiz"],"gt_translate_keys":[{"key":"link","format":"url"}],"_links":{"self":[{"href":"https:\/\/andreastriebel.de\/index.php?rest_route=\/wp\/v2\/posts\/4155","targetHints":{"allow":["GET"]}}],"collection":[{"href":"https:\/\/andreastriebel.de\/index.php?rest_route=\/wp\/v2\/posts"}],"about":[{"href":"https:\/\/andreastriebel.de\/index.php?rest_route=\/wp\/v2\/types\/post"}],"author":[{"embeddable":true,"href":"https:\/\/andreastriebel.de\/index.php?rest_route=\/wp\/v2\/users\/1"}],"replies":[{"embeddable":true,"href":"https:\/\/andreastriebel.de\/index.php?rest_route=%2Fwp%2Fv2%2Fcomments&post=4155"}],"version-history":[{"count":3,"href":"https:\/\/andreastriebel.de\/index.php?rest_route=\/wp\/v2\/posts\/4155\/revisions"}],"predecessor-version":[{"id":4159,"href":"https:\/\/andreastriebel.de\/index.php?rest_route=\/wp\/v2\/posts\/4155\/revisions\/4159"}],"wp:attachment":[{"href":"https:\/\/andreastriebel.de\/index.php?rest_route=%2Fwp%2Fv2%2Fmedia&parent=4155"}],"wp:term":[{"taxonomy":"category","embeddable":true,"href":"https:\/\/andreastriebel.de\/index.php?rest_route=%2Fwp%2Fv2%2Fcategories&post=4155"},{"taxonomy":"post_tag","embeddable":true,"href":"https:\/\/andreastriebel.de\/index.php?rest_route=%2Fwp%2Fv2%2Ftags&post=4155"}],"curies":[{"name":"wp","href":"https:\/\/api.w.org\/{rel}","templated":true}]}}