{"id":424,"date":"2018-02-01T11:42:03","date_gmt":"2018-02-01T11:42:03","guid":{"rendered":"http:\/\/andreastriebel.de\/?p=424"},"modified":"2018-02-01T11:47:48","modified_gmt":"2018-02-01T11:47:48","slug":"meine-groesste-hochachtung-frau-lasker-wallfisch","status":"publish","type":"post","link":"https:\/\/andreastriebel.de\/?p=424","title":{"rendered":"Meine gr\u00f6\u00dfte Hochachtung, Frau Lasker- Wallfisch!","gt_translate_keys":[{"key":"rendered","format":"text"}]},"content":{"rendered":"<p>Ich habe Ihre Rede geh\u00f6rt, mit Ergriffenheit&#8230;<\/p>\n<p>Sie erweisen dem Kampf gegen den Antisemitismus keinen Gefallen, wenn Sie bei der Verurteilung des Antisemitismus im gleichen Atemzug den Staat Israel verteidigen. Israelische Kommandos \u00fcberfallen nachts die H\u00e4user von Pal\u00e4stinensern in Gaza und ermorden ihre Anf\u00fchrer. Wenn die Bev\u00f6lkerung wegen Hunger und Elend einen Aufstand wagt, starten die israelischen Bomber und werfen ihre Brandbomben ab. Tausende Pal\u00e4stinenser sitzen in israelischen Gef\u00e4ngnissen.<\/p>\n<p>Die IS- Banden haben in den eroberten Gebieten Teile der Bev\u00f6lkerung \u00f6ffentlich am Galgen umgebracht. Und sie sind immer noch einer der Kriegsparteien n\u00fctzlich. Ist es nicht folgerichtig eine Linie von Guantanamo zu Gaza und den IS- Territorien zu ziehen?<\/p>\n<p>Ja, das Virus des Antisemitismus ist 2000 Jahre alt. Und noch \u00e4lter ist die \u00dcber- und Unterordnung unter den Menschen auf der der Rassismus gr\u00fcndet und das Herr- und Knecht- Verh\u00e4ltnis. Antisemitismus kann erst in einer Gesellschaft der Gleichen verschwinden.<\/p>\n","protected":false,"gt_translate_keys":[{"key":"rendered","format":"html"}]},"excerpt":{"rendered":"<p>Ich habe Ihre Rede geh\u00f6rt, mit Ergriffenheit&#8230; Sie erweisen dem Kampf gegen den Antisemitismus keinen Gefallen, wenn Sie bei der Verurteilung des Antisemitismus im gleichen Atemzug den Staat Israel verteidigen.&hellip;<\/p>\n","protected":false,"gt_translate_keys":[{"key":"rendered","format":"html"}]},"author":1,"featured_media":0,"comment_status":"open","ping_status":"open","sticky":false,"template":"","format":"standard","meta":{"footnotes":""},"categories":[45,11],"tags":[179,181,180,17,82,63],"class_list":["post-424","post","type-post","status-publish","format-standard","hentry","category-gesellschaft","category-politik","tag-antisemitismus","tag-gaza","tag-guantanamo","tag-israel","tag-palaestina","tag-rassismus"],"gt_translate_keys":[{"key":"link","format":"url"}],"_links":{"self":[{"href":"https:\/\/andreastriebel.de\/index.php?rest_route=\/wp\/v2\/posts\/424","targetHints":{"allow":["GET"]}}],"collection":[{"href":"https:\/\/andreastriebel.de\/index.php?rest_route=\/wp\/v2\/posts"}],"about":[{"href":"https:\/\/andreastriebel.de\/index.php?rest_route=\/wp\/v2\/types\/post"}],"author":[{"embeddable":true,"href":"https:\/\/andreastriebel.de\/index.php?rest_route=\/wp\/v2\/users\/1"}],"replies":[{"embeddable":true,"href":"https:\/\/andreastriebel.de\/index.php?rest_route=%2Fwp%2Fv2%2Fcomments&post=424"}],"version-history":[{"count":1,"href":"https:\/\/andreastriebel.de\/index.php?rest_route=\/wp\/v2\/posts\/424\/revisions"}],"predecessor-version":[{"id":425,"href":"https:\/\/andreastriebel.de\/index.php?rest_route=\/wp\/v2\/posts\/424\/revisions\/425"}],"wp:attachment":[{"href":"https:\/\/andreastriebel.de\/index.php?rest_route=%2Fwp%2Fv2%2Fmedia&parent=424"}],"wp:term":[{"taxonomy":"category","embeddable":true,"href":"https:\/\/andreastriebel.de\/index.php?rest_route=%2Fwp%2Fv2%2Fcategories&post=424"},{"taxonomy":"post_tag","embeddable":true,"href":"https:\/\/andreastriebel.de\/index.php?rest_route=%2Fwp%2Fv2%2Ftags&post=424"}],"curies":[{"name":"wp","href":"https:\/\/api.w.org\/{rel}","templated":true}]}}