{"id":4336,"date":"2024-01-05T12:13:00","date_gmt":"2024-01-05T11:13:00","guid":{"rendered":"http:\/\/andreastriebel.de\/?p=4336"},"modified":"2024-01-05T20:38:10","modified_gmt":"2024-01-05T19:38:10","slug":"wer-braucht-die-werteunion","status":"publish","type":"post","link":"https:\/\/andreastriebel.de\/?p=4336","title":{"rendered":"Wer braucht die Werteunion?","gt_translate_keys":[{"key":"rendered","format":"text"}]},"content":{"rendered":"\n<p>Wozu eine neue Partei, wenn die bisherige Opposition schon alle Forderungen, die gestellt werden k\u00f6nnen, abdeckt?<\/p>\n\n\n\n<p>Die <strong>Werteunion<\/strong> will Familie, Erziehung und Bildung wieder f\u00f6rdern. Wollen CDU und AfD das nicht?&nbsp; Und auch die Wagenknecht- Gruppe w\u00fcrde sicher zustimmen.<\/p>\n\n\n\n<p>Die <strong>Werteunion<\/strong> will die <em>Einwanderung<\/em> begrenzen. Bei der CDU kann man da nicht so sicher sein. Vielleicht ist ihr das Heer von Niedrigl\u00f6hnern doch zu verlockend.<\/p>\n\n\n\n<p>Die AfD hat da einen klaren Standpunkt. Auch die Wagenknecht- Gruppe will die Einwanderung sinnvoll stoppen.<\/p>\n\n\n\n<p>Die <strong>Werteunion<\/strong> will die desastr\u00f6se <em>Industriepolitik <\/em>beenden. Das wollen alle au\u00dfer den Ampelparteien. Aber wie will die CDU das russische Gas und \u00d6l ersetzen? Soll das weiter in den \u00f6stlichen L\u00e4ndern zum doppelten Preis gekauft werden?&nbsp; Die CDU setzt in l\u00e4cherlicher Weise auf amerikanisches Fracking- Gas.<\/p>\n\n\n\n<p>Die AfD gibt keinen klaren Standpunkt heraus. Nur die Wagenknecht- Gruppe setzt auf eine Beendigung der Sanktionen. &nbsp;<\/p>\n\n\n\n<p>Vom <em>Klimageschwurbel<\/em> will die<strong> Werteunion<\/strong> nichts wissen. Die CDU ist schwankend, \u00e4u\u00dfert sich nicht klar und l\u00e4uft lieber hinter der jeweiligen Mehrheitsmeinung hinterher.<\/p>\n\n\n\n<p>Die AfD ignoriert die Klimakampagne und l\u00e4sst sich nicht anstecken. Die Wagenknecht- Gruppe h\u00e4lt sich taktisch zur\u00fcck, bleibt aber auch lieber auf dem Boden der Tatsachen.<\/p>\n\n\n\n<p>Einer <em>Rentenerh\u00f6hung z<\/em>ur Angleichung an die Inflation w\u00fcrden wohl alle Oppositionsparteien zustimmen, bei der Niedriglohnerh\u00f6hung aber h\u00e4tte nur die Wagenknecht- Gruppe eine klare Position.<\/p>\n\n\n\n<p>Was w\u00fcrde es den Menschen n\u00fctzen, wenn sich die Krall- Linie durchsetzte und eine strenge Austerit\u00e4t verordnet w\u00fcrde? Der obere Mittelstand w\u00fcrde Beifall klatschen, das \u00fcbrige Volk m\u00fcsste leiden.<\/p>\n\n\n\n<p>Wie will <strong>die Werteunion<\/strong> glaubw\u00fcrdig einen Politikwechsel vertreten, wenn sie sich nicht von der <em>Kriegspolitik der Regierung<\/em> distanziert? Sollen weiter ukrainische junge M\u00e4nner sterben, damit hier westliche Werte hochgehalten werden k\u00f6nnen? Versteht sie das unter <strong>Werteunion<\/strong>? <\/p>\n\n\n\n<p>Wagenknecht ist eindeutig f\u00fcr Verhandlungen und einen Stopp der Waffenlieferungen, die AfD dr\u00fcckt sich und schl\u00fcpft im Zweifel beim Mainstream unter.<\/p>\n\n\n\n<p>Zu den <em>Corona- Verbrechen<\/em> hat sich die <strong>Werteunion <\/strong>noch nicht ge\u00e4u\u00dfert. Es w\u00e4re zu bef\u00fcrchten, dass sie, um an Regierungsposten beteiligt zu werden, die befreundete CDU nicht angreifen w\u00fcrde.<\/p>\n\n\n\n<p>Aus der AfD h\u00f6rt man wenigstens einzelne kritische \u00c4u\u00dferungen. Und wenn man Reden von Oskar Lafontaine zum Ma\u00dfstab f\u00fcr die Wagenknecht- Gruppe nimmt, ist hier ein kritisches Bewusstsein und der Wille zur Aufarbeitung vorhanden.<\/p>\n\n\n\n<p>Wie die <strong>Werteunion<\/strong> unter diesen Umst\u00e4nden eine \u201eechten Politikwechsel\u201c erreichen will, bleibt vage. Es ist noch nicht einmal klar, was sie von der AfD unterscheidet.<\/p>\n","protected":false,"gt_translate_keys":[{"key":"rendered","format":"html"}]},"excerpt":{"rendered":"<p>Wozu eine neue Partei, wenn die bisherige Opposition schon alle Forderungen, die gestellt werden k\u00f6nnen, abdeckt? Die Werteunion will Familie, Erziehung und Bildung wieder f\u00f6rdern. Wollen CDU und AfD das&hellip;<\/p>\n","protected":false,"gt_translate_keys":[{"key":"rendered","format":"html"}]},"author":1,"featured_media":0,"comment_status":"open","ping_status":"open","sticky":false,"template":"","format":"standard","meta":{"footnotes":""},"categories":[11],"tags":[16,176,801,258,800,802],"class_list":["post-4336","post","type-post","status-publish","format-standard","hentry","category-politik","tag-afd","tag-cdu","tag-coronaverbrechen","tag-einwanderung","tag-wagenknecht","tag-werteunion"],"gt_translate_keys":[{"key":"link","format":"url"}],"_links":{"self":[{"href":"https:\/\/andreastriebel.de\/index.php?rest_route=\/wp\/v2\/posts\/4336","targetHints":{"allow":["GET"]}}],"collection":[{"href":"https:\/\/andreastriebel.de\/index.php?rest_route=\/wp\/v2\/posts"}],"about":[{"href":"https:\/\/andreastriebel.de\/index.php?rest_route=\/wp\/v2\/types\/post"}],"author":[{"embeddable":true,"href":"https:\/\/andreastriebel.de\/index.php?rest_route=\/wp\/v2\/users\/1"}],"replies":[{"embeddable":true,"href":"https:\/\/andreastriebel.de\/index.php?rest_route=%2Fwp%2Fv2%2Fcomments&post=4336"}],"version-history":[{"count":2,"href":"https:\/\/andreastriebel.de\/index.php?rest_route=\/wp\/v2\/posts\/4336\/revisions"}],"predecessor-version":[{"id":4339,"href":"https:\/\/andreastriebel.de\/index.php?rest_route=\/wp\/v2\/posts\/4336\/revisions\/4339"}],"wp:attachment":[{"href":"https:\/\/andreastriebel.de\/index.php?rest_route=%2Fwp%2Fv2%2Fmedia&parent=4336"}],"wp:term":[{"taxonomy":"category","embeddable":true,"href":"https:\/\/andreastriebel.de\/index.php?rest_route=%2Fwp%2Fv2%2Fcategories&post=4336"},{"taxonomy":"post_tag","embeddable":true,"href":"https:\/\/andreastriebel.de\/index.php?rest_route=%2Fwp%2Fv2%2Ftags&post=4336"}],"curies":[{"name":"wp","href":"https:\/\/api.w.org\/{rel}","templated":true}]}}