{"id":4364,"date":"2024-02-01T18:13:50","date_gmt":"2024-02-01T17:13:50","guid":{"rendered":"http:\/\/andreastriebel.de\/?p=4364"},"modified":"2024-02-01T18:18:59","modified_gmt":"2024-02-01T17:18:59","slug":"das-buendnis-sahra-wagenknecht-kommt-zu-spaet","status":"publish","type":"post","link":"https:\/\/andreastriebel.de\/?p=4364","title":{"rendered":"Das B\u00fcndnis Sahra Wagenknecht kommt zu sp\u00e4t","gt_translate_keys":[{"key":"rendered","format":"text"}]},"content":{"rendered":"\n<p><strong>&nbsp;Eine Partei. die hinterher l\u00e4uft<\/strong><\/p>\n\n\n\n<p>Die Demonstrationen gegen \u201erechts\u201c haben gezeigt, dass die Regierung noch eine breite Anh\u00e4ngerschaft mobilisieren kann. Viele Menschen haben Angst vor einem Wandel der Verh\u00e4ltnisse; sie f\u00fchlen sich in ihrem Mittelstandsmilieu wohl, bemerken aber, dass der Wohlstand br\u00f6ckelt. F\u00fcr die Bauern, Spediteure und Handwerker haben sie kein Verst\u00e4ndnis. &nbsp;Die Interessen der Lokf\u00fchrer interessieren sie nur, wenn durch Streik der Verkehr erschwert ist. Die politische Naivit\u00e4t der Smartphone Generation wird von der Regierung ausgenutzt und sie erweckt den Eindruck ,als sei die politische Opposition gegen ein leichtes Leben, gegen ein laisser faire in Erziehungsfragen, gegen Erwerbsarbeit der Frauen und gegen religi\u00f6se Toleranz und als wollte Deutschland seinen Reichtum nicht mit den Armen dieser Welt teilen<\/p>\n\n\n\n<p>Diese Menschen haben Angst vor Gr\u00fcndung einer Familie, Sie wissen, dass Kinderwunsch und Erhalt des sozialen Status nicht miteinander zu vereinbaren sind, daher wird die Erf\u00fcllung des Kinderwunsches hinausgeschoben und die Mittelklassefrau bricht ihre Karriere erst mit \u00fcber 30 Jahren ab.<\/p>\n\n\n\n<p>Dass der Mann nur 35 Stunden oder nur 20 Stunden arbeitet, w\u00e4hrend die Frau die Kinder versorgt, erscheint ausgeschlossen. &nbsp;Die Unm\u00f6glichkeit sich Lebenstr\u00e4ume zu erf\u00fcllen, wird der sogenannten Rechten zur Last gelegt. Das Geschlecht frei w\u00e4hlen zu k\u00f6nnen, wird als liberal als befreiend ausgelegt, wer dagegen ist, gilt als streng, uneinsichtig, von gestern.<\/p>\n\n\n\n<p>In dieser Denkweise der Mittelstandskinder ist kein Platz f\u00fcr hart arbeitende Bauern, f\u00fcr Lokf\u00fchrer, die um die Zukunft der Bundesbahn besorgt sind, f\u00fcr Fischer, Spediteure und Handwerker. Die verw\u00f6hnte &nbsp;Mittelstandsklientel, die sich nur um sich selbst gek\u00fcmmert hat, zu gro\u00dfen Teilen auch von staatlichen Zuwendungen abh\u00e4ngig ist, diese Klientel konnte die Regierung gegen \u201erechts\u201c mobilisieren.<\/p>\n\n\n\n<p>Um diese Schicht hat sich bisher auch die alte Linkspartei bem\u00fcht, dieses Bem\u00fchen als links zu bezeichnen, war nicht glaubw\u00fcrdig. Das gelang den Gr\u00fcnen besser. &nbsp;Mit ihrer Klimaschwurbelei haben diese viel R\u00fcckenwind der etablierten Medien erhalten, so verlor die Linkspartei ihre Funktion. &nbsp;<\/p>\n\n\n\n<p>Das B\u00fcndnis Sahra Wagenknecht will sich nun um die zur\u00fcckgebliebenen Mittelschichtler &nbsp;k\u00fcmmern; &nbsp;das kann man dem B\u00fcndnis glauben, obwohl sie es so zur\u00fcckhaltend, so taktisch formuliert , dass man gro\u00dfe Bedenken haben muss, ob das Bem\u00fchen auch ernst gemeint ist .Und Rentner und \u00e4rmere Schichten der Bev\u00f6lkerung werden anscheinend pflichtgem\u00e4\u00df erw\u00e4hnt, aber die gro\u00dfe Unzufriedenheit, &nbsp;Emp\u00f6rung spiegelt sich in den \u00c4u\u00dferungen und Verlautbarungen des B\u00fcndnisses nicht wieder. &nbsp;Man hat den Eindruck, dass es BSW in typisch sozialdemokratischer Manier nur um Bes\u00e4nftigung und Beruhigung geht. Der Anschluss an die Stimmung sehr gro\u00dfer Teile der Bev\u00f6lkerung aber, erscheint verpasst.<\/p>\n\n\n\n<p>Sinnbildlich zeigt sich das an der gro\u00dfen Rede von A. &nbsp;Weidel: sie hat ausreichende Distanz zum politischen Betrieb, man sp\u00fcrt das Feuer, man sp\u00fcrt das Engagement der ganzen Pers\u00f6nlichkeit. &nbsp;Dieses Feuer diese absolute Glaubw\u00fcrdigkeit kann man vielleicht noch O. Lafontaine zuschreiben, sonst niemandem in der politischen Prominenz. &nbsp;Sahra Wagenknecht hat auch das rhetorische Talent, ist aber durch taktische R\u00fccksichten und ihren Ehrgeiz vom Establishment belohnt zu werden, gehindert, ihre Talente voll einzubringen.<\/p>\n\n\n\n<ul class=\"wp-block-list\">\n<li>Wo bleibt die Forderung nach Aufl\u00f6sung der Nato<\/li>\n\n\n\n<li>die Forderung nach Abzug aller ausl\u00e4ndischen Truppen<\/li>\n\n\n\n<li>die Forderung nach einem Abzug der Bundeswehrtruppen aus dem Baltikum<\/li>\n\n\n\n<li>die Forderung keine Waffen in Kriegsgebiete zu liefern. Diese Forderung kam beim B\u00fcndnis erst sehr sp\u00e4t auf. Kann man das halbherzig nennen?<\/li>\n\n\n\n<li>&nbsp;<\/li>\n\n\n\n<li>Die Pal\u00e4stinenser und ihre politische Vertretung werden nicht als Verhandlungspartner anerkannt, sondern als Terroristen bezeichnet.<\/li>\n<\/ul>\n\n\n\n<p>Das B\u00fcndnis Sahra Wagenknecht \u00fcbernimmt die westlichen Narrative, obwohl sie es besser wei\u00df. Das Grundprinzip der EU, die freie Verf\u00fcgbarkeit \u00fcber alle Arbeitskr\u00e4fte, wird vom B\u00fcndnis anerkannt und nur etwas lasch und oberfl\u00e4chlich polemisiert. Man hat den Eindruck ,dass das B\u00fcndnis damit einverstanden ist, dass deutsche Bauern mit rum\u00e4nischen Produkten konkurrieren m\u00fcssen, die mit Stundenl\u00f6hnen von 3\u20ac hergestellt wurden. &nbsp;Die Konsequenz, die vollst\u00e4ndige Aufgabe der Landwirtschaft in den reichen Industriel\u00e4ndern, wagt das B\u00fcndnis nicht auszusprechen.<\/p>\n\n\n\n<ul class=\"wp-block-list\">\n<li>&nbsp;Wo ist der Protest gegen das Arbeits- und Rentensystem. das deutsche Rentner zum Sammeln von Flaschen zwingt und Frauen, die jahrzehntelang gearbeitet haben, in die Altersarmut.<\/li>\n\n\n\n<li>&nbsp;Wo bleibt der Protest gegen den Abbau der ambulanten und station\u00e4ren medizinischen Versorgung?<\/li>\n\n\n\n<li>&nbsp;Und an die Verfolgung der Corona- Verbrechen wagt sich das B\u00fcndnis gar nicht heran. &nbsp;<\/li>\n<\/ul>\n\n\n\n<p>Gro\u00dfe Teile der Deutschen sind l\u00e4ngst weiter als die Protagonisten dieses B\u00fcndnisses, und wie man h\u00f6rt, will das B\u00fcndnis eine Zusammenarbeit mit der AfD ausschlie\u00dfen, mit sogenannten Rechten. &nbsp;Welche Funktion hat dann das B\u00fcndnis noch? &nbsp;Die versprengten Anh\u00e4nger der SPD einzusammeln, Illusionen \u00fcber die Parlamente zu f\u00f6rdern?<\/p>\n\n\n\n<p>Ob das B\u00fcndnis damit so kl\u00e4glich wie die SPD endet?<\/p>\n","protected":false,"gt_translate_keys":[{"key":"rendered","format":"html"}]},"excerpt":{"rendered":"<p>&nbsp;Eine Partei. die hinterher l\u00e4uft Die Demonstrationen gegen \u201erechts\u201c haben gezeigt, dass die Regierung noch eine breite Anh\u00e4ngerschaft mobilisieren kann. Viele Menschen haben Angst vor einem Wandel der Verh\u00e4ltnisse; sie&hellip;<\/p>\n","protected":false,"gt_translate_keys":[{"key":"rendered","format":"html"}]},"author":1,"featured_media":0,"comment_status":"open","ping_status":"open","sticky":false,"template":"","format":"standard","meta":{"footnotes":""},"categories":[45,11],"tags":[772,777,16,807,808,809,232],"class_list":["post-4364","post","type-post","status-publish","format-standard","hentry","category-gesellschaft","category-politik","tag-a","tag-a-weidel","tag-afd","tag-bsw","tag-linkspartei","tag-o-lafontaine","tag-sahra-wagenknecht"],"gt_translate_keys":[{"key":"link","format":"url"}],"_links":{"self":[{"href":"https:\/\/andreastriebel.de\/index.php?rest_route=\/wp\/v2\/posts\/4364","targetHints":{"allow":["GET"]}}],"collection":[{"href":"https:\/\/andreastriebel.de\/index.php?rest_route=\/wp\/v2\/posts"}],"about":[{"href":"https:\/\/andreastriebel.de\/index.php?rest_route=\/wp\/v2\/types\/post"}],"author":[{"embeddable":true,"href":"https:\/\/andreastriebel.de\/index.php?rest_route=\/wp\/v2\/users\/1"}],"replies":[{"embeddable":true,"href":"https:\/\/andreastriebel.de\/index.php?rest_route=%2Fwp%2Fv2%2Fcomments&post=4364"}],"version-history":[{"count":2,"href":"https:\/\/andreastriebel.de\/index.php?rest_route=\/wp\/v2\/posts\/4364\/revisions"}],"predecessor-version":[{"id":4367,"href":"https:\/\/andreastriebel.de\/index.php?rest_route=\/wp\/v2\/posts\/4364\/revisions\/4367"}],"wp:attachment":[{"href":"https:\/\/andreastriebel.de\/index.php?rest_route=%2Fwp%2Fv2%2Fmedia&parent=4364"}],"wp:term":[{"taxonomy":"category","embeddable":true,"href":"https:\/\/andreastriebel.de\/index.php?rest_route=%2Fwp%2Fv2%2Fcategories&post=4364"},{"taxonomy":"post_tag","embeddable":true,"href":"https:\/\/andreastriebel.de\/index.php?rest_route=%2Fwp%2Fv2%2Ftags&post=4364"}],"curies":[{"name":"wp","href":"https:\/\/api.w.org\/{rel}","templated":true}]}}