{"id":4386,"date":"2024-03-03T20:59:09","date_gmt":"2024-03-03T19:59:09","guid":{"rendered":"https:\/\/andreastriebel.de\/?p=4386"},"modified":"2024-03-05T13:23:27","modified_gmt":"2024-03-05T12:23:27","slug":"menschenkette-gegen-rechts-in-bochum","status":"publish","type":"post","link":"https:\/\/andreastriebel.de\/?p=4386","title":{"rendered":"Menschenkette gegen Rechts in Bochum","gt_translate_keys":[{"key":"rendered","format":"text"}]},"content":{"rendered":"\n<p><strong>Die gr\u00f6\u00dfte Demonstrationsbewegung, die Deutschland in seiner Geschichte gekannt hat, spielt sich jeden Monmtag in tausenden St\u00e4dten ab.<\/strong><\/p>\n\n\n\n<p> In Berlin fand Anfang und Ende August 2020 mit 1,2 Millioonen Teilnehmern die gr\u00f6\u00dfte Kundgebung gegen die Klima- und Corona- Schwurbler statt. Und gegen den Krieg gegen Russland baut sich eine gro\u00dfe Gegenbewegung auf. Die Menschen sind jetzt aufgekl\u00e4rter und nicht mehr so leicht verf\u00fchrbar wie zur Nazizeit. Die ukrainischen Bandera- Nazis werden von der \u00fcberwiegenden Mehrhait in Deutschland nicht unterst\u00fctzt. Deutsche Waffen zur Unterst\u00fctzung dieser Leute werden abgelehnt. Die Kampagne &#8222;gegen Rechts&#8220; kann die Kriegsbegeisterung der politischen Klasse nicht \u00fcberdecken. O. Lafontaine spricht von Kriegsbesoffenheit.  So denken die meisten Menschen. <\/p>\n\n\n\n<p>Und wenn der Gesundheitsminister in G\u00f6bbels- Manier von Kriegst\u00fcchtigkeit des deutschen Gesundheitswesens spricht, fassen sich die Menschen an den Kopf, um sich zu vergewissern, dass sie richtig geh\u00f6rt haben.   Wo die neuen Nazis sind, ist dann klar. Daher folgende Rede zur Montagsdemo  am Bochumer Rathaus:<\/p>\n\n\n\n<p>&#8222;Ich war gestern bei der Menschenkette in Bochum. Diese sollte von Bochum nach Herne reichen um 5 nach 03:00 Uhr stand eine circa 200 Meter lange Menschenkette vor dem Rathaus in Bochum. Sie hatten Transparente bei sich, auf denen stand, dass sie vom Bochumer Sportbund seien. Es waren haupts\u00e4chlich M\u00e4nner im angegrauten Alter. \u00a0Die Smartphone Generation fehlte g\u00e4nzlich.<\/p>\n\n\n\n<p>Folgende Wortwechsel gab es: &nbsp;\u201eWarum sind sie hier\u201c &nbsp;\u201ewir sind gegen rechts\u201c \u201eWarum demonstrieren sie nicht gegen den Krieg? \u201eDas ist ein anderes Thema\u201c \u201eAber die Politiker reden doch von Soldaten, die in die Ukraine geschickt werden m\u00fcssten\u201c \u201eNein das glauben wir nicht\u201c \u201eAber deutsche Panzer sind schon in der Ukraine\u201c \u201eJa, man muss sich doch verteidigen\u201c Oder: \u201eHeute sind wir nur gegen rechts, an Krieg glauben wir nicht\u201c \u201eAber deutsche Politiker wollen russische Ministerien bombardieren\u201c \u201e &#8222;Seinen Sie doch nicht so fatalistisch&#8220;  &#8222;Niemand hat mich hierher geschickt, &nbsp;ich bin freiwillig hier\u201c \u201eUnd wenn nachher der Oberb\u00fcrgermeister, dessen Partei Panzer in die Ukraine schickt, spricht, dann klatschen sie?\u201c &nbsp;\u201eNein dann bin ich l\u00e4ngst zu Hause\u201c<\/p>\n\n\n\n<p>In diesem Milieu, das vom Stadts\u00e4ckel unterst\u00fctzt wird, h\u00e4lt sich ein ganz bestimmtes Weltbild, das seine Lebensf\u00fchrung und seinen Status mit der Sozialdemokratie verbindet. Sie k\u00f6nnen mit dieser Regierung gut leben und rechts bedeutet f\u00fcr sie Abstriche beim Lebensstandard machen zu m\u00fcssen. Wenn man kein Geld mehr f\u00fcr Ausl\u00e4nder hat, f\u00fchlen sich karitative Organisationen gef\u00e4hrdet. &nbsp;Im wohlhabenden deutschen Westen projiziert der Mittelstand seine Abstiegs\u00e4ngste auf die AfD, diese wird als von unten kommend betrachtet und hat daher in der beh\u00e4bigen Mittelschicht des Westens geringe Chancen. F\u00fcr diese Mittelschicht ist der Euro noch nicht zusammengebrochen, wie Marc Friedrich beschw\u00f6rt, man kann f\u00fcr den Euro noch etwas kaufen, es stehen noch genug waren zum Verkauf und der Urlaub ist nicht gef\u00e4hrdet.<\/p>\n\n\n\n<p>&nbsp;Wenn eingewanderte Fachkr\u00e4fte mit Minil\u00f6hnen daf\u00fcr sorgen, dass das Essen in den Lokalen bezahlbar bleibt und Pakete rechtzeitig angeliefert werden, ist die Welt noch in Ordnung. &nbsp;<\/p>\n\n\n\n<p>Jetzt wird die Presse wieder vom gro\u00dfen Erfolg der Menschenkette schreiben, die sich um 10 nach 03:00 Uhr komplett aufl\u00f6ste.&#8220;<\/p>\n","protected":false,"gt_translate_keys":[{"key":"rendered","format":"html"}]},"excerpt":{"rendered":"<p>Die gr\u00f6\u00dfte Demonstrationsbewegung, die Deutschland in seiner Geschichte gekannt hat, spielt sich jeden Monmtag in tausenden St\u00e4dten ab. In Berlin fand Anfang und Ende August 2020 mit 1,2 Millioonen Teilnehmern&hellip;<\/p>\n","protected":false,"gt_translate_keys":[{"key":"rendered","format":"html"}]},"author":1,"featured_media":0,"comment_status":"open","ping_status":"open","sticky":false,"template":"","format":"standard","meta":{"footnotes":""},"categories":[11],"tags":[16,815,816,814],"class_list":["post-4386","post","type-post","status-publish","format-standard","hentry","category-politik","tag-afd","tag-bochum","tag-krieg","tag-menschenkette"],"gt_translate_keys":[{"key":"link","format":"url"}],"_links":{"self":[{"href":"https:\/\/andreastriebel.de\/index.php?rest_route=\/wp\/v2\/posts\/4386","targetHints":{"allow":["GET"]}}],"collection":[{"href":"https:\/\/andreastriebel.de\/index.php?rest_route=\/wp\/v2\/posts"}],"about":[{"href":"https:\/\/andreastriebel.de\/index.php?rest_route=\/wp\/v2\/types\/post"}],"author":[{"embeddable":true,"href":"https:\/\/andreastriebel.de\/index.php?rest_route=\/wp\/v2\/users\/1"}],"replies":[{"embeddable":true,"href":"https:\/\/andreastriebel.de\/index.php?rest_route=%2Fwp%2Fv2%2Fcomments&post=4386"}],"version-history":[{"count":6,"href":"https:\/\/andreastriebel.de\/index.php?rest_route=\/wp\/v2\/posts\/4386\/revisions"}],"predecessor-version":[{"id":4397,"href":"https:\/\/andreastriebel.de\/index.php?rest_route=\/wp\/v2\/posts\/4386\/revisions\/4397"}],"wp:attachment":[{"href":"https:\/\/andreastriebel.de\/index.php?rest_route=%2Fwp%2Fv2%2Fmedia&parent=4386"}],"wp:term":[{"taxonomy":"category","embeddable":true,"href":"https:\/\/andreastriebel.de\/index.php?rest_route=%2Fwp%2Fv2%2Fcategories&post=4386"},{"taxonomy":"post_tag","embeddable":true,"href":"https:\/\/andreastriebel.de\/index.php?rest_route=%2Fwp%2Fv2%2Ftags&post=4386"}],"curies":[{"name":"wp","href":"https:\/\/api.w.org\/{rel}","templated":true}]}}