{"id":44,"date":"2016-11-11T16:57:05","date_gmt":"2016-11-11T16:57:05","guid":{"rendered":"http:\/\/andreastriebel.de\/?p=44"},"modified":"2016-12-30T18:19:11","modified_gmt":"2016-12-30T18:19:11","slug":"das-haessliche-gesicht-des-kapitalismus","status":"publish","type":"post","link":"https:\/\/andreastriebel.de\/?p=44","title":{"rendered":"Das h\u00e4ssliche Gesicht des Kapitalismus","gt_translate_keys":[{"key":"rendered","format":"text"}]},"content":{"rendered":"<p><em>11.11.2016<\/em><\/p>\n<p>Wen sollte die Trump- Bewegung denn sonst hervorbringen als\u00a0 einen so \u00fcblen Kandidaten?<\/p>\n<p>Als Sprachrohr der rechtsreaktion\u00e4ren Str\u00f6mung der Republikaner und der Tea- Party konnte sich die Trump- Gruppe an die Spitze setzen und\u00a0 besetzt das wei\u00dfe Haus.<\/p>\n<p>Die Massenerschie\u00dfungen der schwarzen Bev\u00f6lkerung (\u00fcber 1000 jedes Jahr) wird weiter gehen. Die USA selbst sind die gr\u00f6\u00dfte Steueroase, das wird so bleiben. Die Gesundheitsversorgung der armen Bev\u00f6lkerung kostet Geld, das muss begrenzt werden. Umweltschutz behindert die Wirtschaft, ist also nicht zu verantworten. Und die arme wei\u00dfe Bev\u00f6lkerung, ganz zu schweigen von Schwarzen und Latinos, die schon in den letzten zwanig Jahren keine Fortschritte, sondern einen Einkommensr\u00fcckgang zu verzeichnen hatte, wird die Kosten tragen m\u00fcssen.<\/p>\n<p>Unter den Folgen der Bush- Regierung und des Irak- Krieges leidet die Welt noch heute und da\u00df die Aggressivit\u00e4t der\u00a0 Trump- Gang\u00a0 geringer sein wird, ist nicht vorstellbar.<\/p>\n<p>Jetzt wird deutlich, dass die Finanzkrise tats\u00e4chlich eine Gesellschaftskrise ist. Gro\u00dfen Teilen der Bev\u00f6lkerung wird klar,\u00a0 dass die Versprechen des liberalen Rechtsstaates nicht bei ihnen ankommen, dass sich an ihrer Klassenlage nichts \u00e4ndert. Hat nicht die Weltwirtschaftskrise von 1929 den Nationalsozialismus hervorgebracht?<\/p>\n<p>So b\u00e4umt sich die kapitalistische Gesellschafts auf und bringt den Populismus dieses Jahrhunderts hervor. Der kleine Mann scheint jetzt wieder eine Vertretung zu haben, die ihm die Sozialdemokratie entzogen hat. Ein neues Gesellschatsmodell aber ist auch in Umrissen noch nicht sichtbar.<\/p>\n<p>&nbsp;<\/p>\n","protected":false,"gt_translate_keys":[{"key":"rendered","format":"html"}]},"excerpt":{"rendered":"<p>11.11.2016 Wen sollte die Trump- Bewegung denn sonst hervorbringen als\u00a0 einen so \u00fcblen Kandidaten? Als Sprachrohr der rechtsreaktion\u00e4ren Str\u00f6mung der Republikaner und der Tea- Party konnte sich die Trump- Gruppe&hellip;<\/p>\n","protected":false,"gt_translate_keys":[{"key":"rendered","format":"html"}]},"author":1,"featured_media":0,"comment_status":"open","ping_status":"open","sticky":false,"template":"","format":"standard","meta":{"footnotes":""},"categories":[11,1,13],"tags":[22,38,40,42,39,41],"class_list":["post-44","post","type-post","status-publish","format-standard","hentry","category-politik","category-uncategorized","category-wirtschaft","tag-gesellschaftsordnung","tag-kapitalismus","tag-nationalsozialismus","tag-populismus","tag-trump","tag-trump-gang"],"gt_translate_keys":[{"key":"link","format":"url"}],"_links":{"self":[{"href":"https:\/\/andreastriebel.de\/index.php?rest_route=\/wp\/v2\/posts\/44","targetHints":{"allow":["GET"]}}],"collection":[{"href":"https:\/\/andreastriebel.de\/index.php?rest_route=\/wp\/v2\/posts"}],"about":[{"href":"https:\/\/andreastriebel.de\/index.php?rest_route=\/wp\/v2\/types\/post"}],"author":[{"embeddable":true,"href":"https:\/\/andreastriebel.de\/index.php?rest_route=\/wp\/v2\/users\/1"}],"replies":[{"embeddable":true,"href":"https:\/\/andreastriebel.de\/index.php?rest_route=%2Fwp%2Fv2%2Fcomments&post=44"}],"version-history":[{"count":5,"href":"https:\/\/andreastriebel.de\/index.php?rest_route=\/wp\/v2\/posts\/44\/revisions"}],"predecessor-version":[{"id":95,"href":"https:\/\/andreastriebel.de\/index.php?rest_route=\/wp\/v2\/posts\/44\/revisions\/95"}],"wp:attachment":[{"href":"https:\/\/andreastriebel.de\/index.php?rest_route=%2Fwp%2Fv2%2Fmedia&parent=44"}],"wp:term":[{"taxonomy":"category","embeddable":true,"href":"https:\/\/andreastriebel.de\/index.php?rest_route=%2Fwp%2Fv2%2Fcategories&post=44"},{"taxonomy":"post_tag","embeddable":true,"href":"https:\/\/andreastriebel.de\/index.php?rest_route=%2Fwp%2Fv2%2Ftags&post=44"}],"curies":[{"name":"wp","href":"https:\/\/api.w.org\/{rel}","templated":true}]}}