{"id":4443,"date":"2024-04-21T09:29:04","date_gmt":"2024-04-21T07:29:04","guid":{"rendered":"https:\/\/andreastriebel.de\/?p=4443"},"modified":"2024-04-21T09:29:04","modified_gmt":"2024-04-21T07:29:04","slug":"brandenburg-dehm-und-soufi-siavash","status":"publish","type":"post","link":"https:\/\/andreastriebel.de\/?p=4443","title":{"rendered":"Brandenburg, Dehm und Soufi- Siavash","gt_translate_keys":[{"key":"rendered","format":"text"}]},"content":{"rendered":"\n<p><strong>Warum redet Kayan Soufi- Siavash davon, dass die Lage in Israel so kompliziert sei? Will er nicht Stellung nehmen? Will er nicht sehen,<\/strong><\/p>\n\n\n\n<ul class=\"wp-block-list\">\n<li>dass die israelischen Truppen nur die S\u00f6ldner der USA sind<\/li>\n\n\n\n<li>dass kein Schuss im Kampf gegen die Pal\u00e4stinenser ohne die Genehmigung und Aufforderung durch die Biden- Clique und das Pentagon f\u00e4llt?<\/li>\n\n\n\n<li>dass der Zionismus und die religi\u00f6sen Bestrebungen vom westlichen Hegemonen f\u00fcr seine Ziele, die Aufrechterhaltung seiner Herrschaft, genutzt werden?<\/li>\n<\/ul>\n\n\n\n<p>Warum redet P. Brandenburg dauernd vom Terror der Hamas? Will er nicht erkennen,<\/p>\n\n\n\n<ul class=\"wp-block-list\">\n<li>dass die pal\u00e4stinensische Bev\u00f6lkerung mit dem R\u00fccken zur Wand steht und jedes Recht hat, sich mit allem Mitteln gegen den israelischen Terror zu wehren?<\/li>\n\n\n\n<li>dass die Pal\u00e4stinenser die Freilassung aller zehntausend Geiseln aus israelischen Gef\u00e4ngnissen fordern d\u00fcrfen?<\/li>\n\n\n\n<li>dass die Entrechtung, Versklavung und Vertreibung eines ganzen Volkes Grund genug f\u00fcr einen Aufstand sind?<\/li>\n\n\n\n<li>dass die Aversion gegen arabische Kriminalit\u00e4t in Deutschland nicht zu Blindheit in der Beurteilung von Ursache und Wirkung im Nah- Ost- Krieg f\u00fchren darf?<\/li>\n<\/ul>\n\n\n\n<p>Warum meint D. Dehm die \u00fcberlegene Position einnehmen zu d\u00fcrfen, als k\u00f6nnte er von oben herab auf die Streith\u00e4hne herab schauen und sie auffordern, ihre Auseinandersetzungen zu beenden?<\/p>\n\n\n\n<p>Nein, D. Dehm, wie sich ein Mensch, ein Volk gegen seine Vernichtung wehrt, k\u00f6nnen Sie ihm nicht vorschreiben. &nbsp;Wiederholen Sie doch nicht die westliche Propaganda vom \u00dcberfall auf das Musikfest. Nicht einmal Al Jazeera kann das best\u00e4tigen.&nbsp; Lesen und verbreiten Sie die Erkl\u00e4rung der Hamas. Berichten Sie Ihren Zuh\u00f6rern von den Brandbomben aus israelischen Hubschraubern auf alle Personen, die sich bewegten, ohne Unterschied. Wiederholen Sie nicht die Zwei- Staaten- Theorie. Ist Ihnen nicht klar,<\/p>\n\n\n\n<ul class=\"wp-block-list\">\n<li>dass ein friedliches Zusammenleben mit einem faschistischen Staat nicht m\u00f6glich ist?<\/li>\n\n\n\n<li>dass ein faschistischer Staat nur so enden kann wie 1945 der NS- Staat?<\/li>\n<\/ul>\n\n\n\n<p>Oder der Great Reset erfasst die ganze Welt.<\/p>\n","protected":false,"gt_translate_keys":[{"key":"rendered","format":"html"}]},"excerpt":{"rendered":"<p>Warum redet Kayan Soufi- Siavash davon, dass die Lage in Israel so kompliziert sei? Will er nicht Stellung nehmen? Will er nicht sehen, Warum redet P. Brandenburg dauernd vom Terror&hellip;<\/p>\n","protected":false,"gt_translate_keys":[{"key":"rendered","format":"html"}]},"author":1,"featured_media":0,"comment_status":"open","ping_status":"open","sticky":false,"template":"","format":"standard","meta":{"footnotes":""},"categories":[11],"tags":[828,474,806,17,82,826,829,206],"class_list":["post-4443","post","type-post","status-publish","format-standard","hentry","category-politik","tag-dieter-dehm","tag-faschismus","tag-hamas","tag-israel","tag-palaestina","tag-paul-brandenburg","tag-soufi-siavash","tag-zionismus"],"gt_translate_keys":[{"key":"link","format":"url"}],"_links":{"self":[{"href":"https:\/\/andreastriebel.de\/index.php?rest_route=\/wp\/v2\/posts\/4443","targetHints":{"allow":["GET"]}}],"collection":[{"href":"https:\/\/andreastriebel.de\/index.php?rest_route=\/wp\/v2\/posts"}],"about":[{"href":"https:\/\/andreastriebel.de\/index.php?rest_route=\/wp\/v2\/types\/post"}],"author":[{"embeddable":true,"href":"https:\/\/andreastriebel.de\/index.php?rest_route=\/wp\/v2\/users\/1"}],"replies":[{"embeddable":true,"href":"https:\/\/andreastriebel.de\/index.php?rest_route=%2Fwp%2Fv2%2Fcomments&post=4443"}],"version-history":[{"count":1,"href":"https:\/\/andreastriebel.de\/index.php?rest_route=\/wp\/v2\/posts\/4443\/revisions"}],"predecessor-version":[{"id":4444,"href":"https:\/\/andreastriebel.de\/index.php?rest_route=\/wp\/v2\/posts\/4443\/revisions\/4444"}],"wp:attachment":[{"href":"https:\/\/andreastriebel.de\/index.php?rest_route=%2Fwp%2Fv2%2Fmedia&parent=4443"}],"wp:term":[{"taxonomy":"category","embeddable":true,"href":"https:\/\/andreastriebel.de\/index.php?rest_route=%2Fwp%2Fv2%2Fcategories&post=4443"},{"taxonomy":"post_tag","embeddable":true,"href":"https:\/\/andreastriebel.de\/index.php?rest_route=%2Fwp%2Fv2%2Ftags&post=4443"}],"curies":[{"name":"wp","href":"https:\/\/api.w.org\/{rel}","templated":true}]}}