{"id":4456,"date":"2024-05-04T20:59:38","date_gmt":"2024-05-04T18:59:38","guid":{"rendered":"https:\/\/andreastriebel.de\/?p=4456"},"modified":"2024-05-18T12:51:01","modified_gmt":"2024-05-18T10:51:01","slug":"die-propaganda-zu-den-europawahlen","status":"publish","type":"post","link":"https:\/\/andreastriebel.de\/?p=4456","title":{"rendered":"Die Propaganda zu den Europawahlen","gt_translate_keys":[{"key":"rendered","format":"text"}]},"content":{"rendered":"\n<p><strong>Die freie Verf\u00fcgung \u00fcber die Arbeitskr\u00e4fte in allen L\u00e4ndern der Europ\u00e4ischen Union; das ist das Grundgesetz der Union<\/strong>.<\/p>\n\n\n\n<p>Mit der Montanunion begann die grenz\u00fcberschreitende Erschlie\u00dfung der Kohlevorkommen und die gemeinsame Stahlverarbeitung. &nbsp;Den international organisierten Kapitalgruppen waren die nationalen Rivalit\u00e4ten hinderlich geworden, das politische Gef\u00fcge musste den \u00f6konomischen Erfordernissen angepasst werden. &nbsp;Die weniger entwickelten und peripher gelegenen L\u00e4nder stellten die Arbeitskr\u00e4fte mit einer gewissen Grundausbildung bereit und durch die Arbeitsmigration aus den \u00e4rmeren L\u00e4ndern, konnten die monopolartig organisierten Industrien immer auf einen ausreichenden Pool an Arbeitskr\u00e4ften zugreifen und das Lohnniveau konnte niedrig gehalten werden<\/p>\n\n\n\n<p>Die Arbeitskraft als Ware wurde wie auch andere Waren in allen angeschlossenen L\u00e4ndern frei handelbar; eine riesige B\u00fcrokratie entstand, die auf die freie Verf\u00fcgbarkeit achtete, einschlie\u00dflich des Europ\u00e4ischen Gerichtshofs, der seine vornehmste Aufgabe darin sieht, den freien Warenverkehr einschlie\u00dflich der Ware Arbeitskraft zu gew\u00e4hrleisten<\/p>\n\n\n\n<p>Da die Ausnutzung der Arbeitskraft an Grenzen gesto\u00dfen ist und die Rendite des Kapitals sinkt, werden auch Arbeitskr\u00e4fte aus L\u00e4ndern au\u00dferhalb der Europ\u00e4ischen Union angeworben. Sie dienen als Konkurrenten auf dem Arbeitsmarkt und die Industrievertreter sprechen von der Notwendigkeit der \u201eD\u00e4mpfung des Lohnniveaus\u201c.<\/p>\n\n\n\n<p>In den letzten Jahren werden vermehrt Kriegsfl\u00fcchtlinge angeworben, die eigentlich in ihren Heimatl\u00e4ndern leben und arbeiten m\u00f6chten. Aber die Gro\u00dfmachtambitionen der USA und Ihrer Nato erforderten die Kriege in Afghanistan, im Irak, in Syrien und in der Ukraine.<\/p>\n\n\n\n<p>Diese Fl\u00fcchtlinge d\u00e4mpfen hier das Lohnniveau und der uninformierte B\u00fcrger freut sich, dass er Pakete g\u00fcnstig verschicken kann, dass die Hotelpreise erschwinglich sind, und dass in den Restaurants das Essen noch bezahlbar ist. Dass aber im Paketdienst, in der Hotellerie, in den Restaurants usw. Migranten und Fl\u00fcchtlinge unter der Bedingung des Minilohns arbeiten, nimmt man lieber nicht zur Kenntnis.<\/p>\n\n\n\n<p>Und die akademische Jugend darf von der freien Fahrt durch Europa schw\u00e4rmen und von den Bekanntschaften, die man dabei machen kann. Die Unterklasse darf aber nur durch Europa ziehen, um ihre Arbeitskraft zu verkaufen.<\/p>\n\n\n\n<p>Politische Gruppierungen, die diese Thematik aufgreifen, werden von den dominierenden politischen Kr\u00e4ften als \u201erechts\u201c und \u201eNazis\u201c verleumdet. So werden t\u00e4tliche Angriffe auf Politiker vorbereitet.<\/p>\n\n\n\n<p>Aber die Europawahlen werden wahrscheinlich zeigen, dass immer weniger Menschen auf die Kampagne hereinfallen.<\/p>\n\n\n\n<figure class=\"wp-block-embed is-type-video is-provider-youtube wp-block-embed-youtube wp-embed-aspect-16-9 wp-has-aspect-ratio\"><div class=\"wp-block-embed__wrapper\">\n<iframe loading=\"lazy\" title=\"Kriegswirtschaft &amp; Inflation | Ernst Wolff Aktuell\" width=\"317\" height=\"178\" src=\"https:\/\/www.youtube.com\/embed\/QD2pb_3B0Ps?feature=oembed\" frameborder=\"0\" allow=\"accelerometer; autoplay; clipboard-write; encrypted-media; gyroscope; picture-in-picture; web-share\" referrerpolicy=\"strict-origin-when-cross-origin\" allowfullscreen><\/iframe>\n<\/div><\/figure>\n","protected":false,"gt_translate_keys":[{"key":"rendered","format":"html"}]},"excerpt":{"rendered":"<p>Die freie Verf\u00fcgung \u00fcber die Arbeitskr\u00e4fte in allen L\u00e4ndern der Europ\u00e4ischen Union; das ist das Grundgesetz der Union. Mit der Montanunion begann die grenz\u00fcberschreitende Erschlie\u00dfung der Kohlevorkommen und die gemeinsame&hellip;<\/p>\n","protected":false,"gt_translate_keys":[{"key":"rendered","format":"html"}]},"author":1,"featured_media":0,"comment_status":"open","ping_status":"open","sticky":false,"template":"","format":"standard","meta":{"footnotes":""},"categories":[11],"tags":[833,294,282,832],"class_list":["post-4456","post","type-post","status-publish","format-standard","hentry","category-politik","tag-europaeische-union","tag-europawahlen","tag-migrationspakt","tag-montanunion"],"gt_translate_keys":[{"key":"link","format":"url"}],"_links":{"self":[{"href":"https:\/\/andreastriebel.de\/index.php?rest_route=\/wp\/v2\/posts\/4456","targetHints":{"allow":["GET"]}}],"collection":[{"href":"https:\/\/andreastriebel.de\/index.php?rest_route=\/wp\/v2\/posts"}],"about":[{"href":"https:\/\/andreastriebel.de\/index.php?rest_route=\/wp\/v2\/types\/post"}],"author":[{"embeddable":true,"href":"https:\/\/andreastriebel.de\/index.php?rest_route=\/wp\/v2\/users\/1"}],"replies":[{"embeddable":true,"href":"https:\/\/andreastriebel.de\/index.php?rest_route=%2Fwp%2Fv2%2Fcomments&post=4456"}],"version-history":[{"count":2,"href":"https:\/\/andreastriebel.de\/index.php?rest_route=\/wp\/v2\/posts\/4456\/revisions"}],"predecessor-version":[{"id":4459,"href":"https:\/\/andreastriebel.de\/index.php?rest_route=\/wp\/v2\/posts\/4456\/revisions\/4459"}],"wp:attachment":[{"href":"https:\/\/andreastriebel.de\/index.php?rest_route=%2Fwp%2Fv2%2Fmedia&parent=4456"}],"wp:term":[{"taxonomy":"category","embeddable":true,"href":"https:\/\/andreastriebel.de\/index.php?rest_route=%2Fwp%2Fv2%2Fcategories&post=4456"},{"taxonomy":"post_tag","embeddable":true,"href":"https:\/\/andreastriebel.de\/index.php?rest_route=%2Fwp%2Fv2%2Ftags&post=4456"}],"curies":[{"name":"wp","href":"https:\/\/api.w.org\/{rel}","templated":true}]}}