{"id":4470,"date":"2024-05-25T21:41:13","date_gmt":"2024-05-25T19:41:13","guid":{"rendered":"https:\/\/andreastriebel.de\/?p=4470"},"modified":"2024-07-19T18:27:16","modified_gmt":"2024-07-19T16:27:16","slug":"querdenken-234-bochum","status":"publish","type":"post","link":"https:\/\/andreastriebel.de\/?p=4470","title":{"rendered":"Querdenken 234- Bochum","gt_translate_keys":[{"key":"rendered","format":"text"}]},"content":{"rendered":"\n<p><strong>Rede auf dem Dr. Ruer- Platz am 25.05.24<\/strong><\/p>\n\n\n\n<p>Gern spreche ich heute auf dem Dr.- Ruer- Platz.&nbsp; Dr. Ruer, der j\u00fcdischen Glaubens war, war 1933 der Oberb\u00fcrgersmeister dieser Stadt und wurde von den Nazis in den Tod getrieben. &nbsp;Durch diese Namensgebung erf\u00e4hrt er ein wenig Rehabilitation.<\/p>\n\n\n\n<p>T\u00e4glich habe ich in meiner Praxis mit Impfsch\u00e4den zu tun. Der Ausdruck Impfsch\u00e4den ist eigentlich nicht angebracht, da es sich bei den Covidinjektionen nicht um Impfungen handelte. &nbsp;Es wurde eine Fl\u00fcssigkeit injiziert, die h\u00f6chst giftig ist. <\/p>\n\n\n\n<ul class=\"wp-block-list\">\n<li>Manchmal sind die Menschen schon auf dem Heimweg tot umgefallen, <\/li>\n\n\n\n<li>manche erlitten sofort nach der Injektion Krampfanf\u00e4lle, <\/li>\n\n\n\n<li>und andere fielen bei k\u00f6rperlicher Bewegung um, weil das Herz stehen blieb. &nbsp;Auch jetzt noch h\u00f6rt man von diesen F\u00e4llen und niemand wei\u00df, ob die Wirkung der Gifte noch bei Lebzeiten aufh\u00f6ren wird. Auf jeden Fall ist die Lebenszeit begrenzt, begrenzter als ohne die Injektion. &nbsp;<\/li>\n<\/ul>\n\n\n\n<p>Viele Menschen leiden unter qu\u00e4lendem Juckreiz. &nbsp;Viele haben Organsch\u00e4den erlitten und sind klapperd\u00fcrr. Herzinfarkte und Schlaganf\u00e4lle haben zugenommen. &nbsp;<\/p>\n\n\n\n<ul class=\"wp-block-list\">\n<li>Leider treten auch Krebserkrankungen jetzt geh\u00e4uft auf. Es sind vielfach seltene Krebsarten, die vorher kaum bekannt waren. Da die \u00c4rzte mit der Ursache der Erkrankung keine Erfahrung haben, verz\u00f6gert sich die Diagnostik und diese Regierung tut alles, um die Diagnostik zu erschweren. Sie haben das post- Covid- Syndrom erfunden. Tats\u00e4chlich handelt es sich aber um ein post- Vac-Syndrom, also ein Schaden, der nach den Injektionen auftritt<\/li>\n<\/ul>\n\n\n\n<p>Dass die Geimpften jetzt dauernd erk\u00e4ltet sind, ist noch das Geringste. <\/p>\n\n\n\n<ul class=\"wp-block-list\">\n<li>Aber es treten ja dauerhafte Organsch\u00e4den auf, Hirnsch\u00e4den, nicht nur Hirnvenenthrombosen, sondern auch Ged\u00e4chtnisverlust, sogenannter Hirnnebel, Herzinfarkte und Schlaganf\u00e4lle, <\/li>\n<\/ul>\n\n\n\n<ul class=\"wp-block-list\">\n<li>die Bauchspeicheldr\u00fcse bei Kindern wird gesch\u00e4digt. Sie werden nie mehr gesund werden. <\/li>\n\n\n\n<li>Der Giftstoff Spike- Protein setzt sich bei vielen Menschen im Herz fest. Irgendwann fallen sie pl\u00f6tzlich und unerwartet um. Manchmal k\u00f6nnen sie noch gerettet werden, in vielen F\u00e4llen sterben sie. &nbsp;<\/li>\n<\/ul>\n\n\n\n<p>Die Giftstoffe reichern sich auch in den Geschlechtsorganen an, bei M\u00e4nnern und Frauen. Die Geburtenrate ist drastisch gesunken. <\/p>\n\n\n\n<ul class=\"wp-block-list\">\n<li>Wie sind hier die jungen Paare, die Kinder haben wollten, betrogen worden? <\/li>\n\n\n\n<li>Wie sind die alten Menschen, die unter dem Deckmantel der F\u00fcrsorge die Spritzen erhalten haben und nun gerade sterben mussten, um ihre letzten Lebensjahre betrogen worden?<\/li>\n<\/ul>\n\n\n\n<p>Und die Regierung, die dies alles ins Werk gesetzt hat, sitzt immer noch an der Spitze. Vor ein Gericht geh\u00f6rten diese Leute, lebensl\u00e4nglich mit anschlie\u00dfender Sicherungsverwahrung, das stellte ich mir f\u00fcr den sogenannten Gesundheitsminister und andere vor.<\/p>\n\n\n\n<ul class=\"wp-block-list\">\n<li>Stattdessen m\u00fcssen die Impfopfer um ihre Anerkennung klagen und werden abgewiesen. <\/li>\n\n\n\n<li>Und in ganz Nordrhein-Westfalen finden immer noch Prozesse wegen der Masken statt. W\u00fcst kann gar nicht genug davon bekommen und will zeigen, was f\u00fcr ein harter Hund er ist; gleichzeitig l\u00e4sst er sich den Kinderwagen schiebend darstellen; Presseorgane wie die WAZ machen gern die Hofberichterstattung. Innenminister Reul l\u00e4sst sich mehrfach pr\u00e4sentieren, wie er gegen Kindersch\u00e4nder vorgeht und beim Aachener Karneval wird das Volksfest f\u00fcr Regierungspropaganda benutzt; als Hintergrundmusik dient das Klima-Geschwurbel und h\u00e4lt die Leute auf Trab<\/li>\n<\/ul>\n\n\n\n<p>W\u00fcst l\u00e4sst alle Staatsanw\u00e4lte in NRW Maskenprozesse durchf\u00fchren, es geht um die Autorit\u00e4t der Regierung, die Unterwerfung unter eine unsinnige Regelung fordern zu k\u00f6nnen, zeigt f\u00fcr diese Leute die St\u00e4rke der Regierung. Und wer sich nicht beugt, wird nicht bef\u00f6rdert, erh\u00e4lt keine Subventionen, wird entlassen, erh\u00e4lt Auftrittsverbot oder wird vor Gericht gezerrt.<\/p>\n\n\n\n<p>Ganz NRW wird mit Prozessen \u00fcberzogen, aber nicht der Verbrechen wegen, sondern wegen Maskenwiderstand.<\/p>\n\n\n\n<ul class=\"wp-block-list\">\n<li> Nicht nur in D\u00fcsseldorf, M\u00fchlheim, Essen, Bochum, Hamm, Dortmund, Iserlohn, Herford, Bielefeld und K\u00f6ln h\u00e4ufen sich die Prozesse.<\/li>\n\n\n\n<li>In einigen F\u00e4llen wird es der Staatsanwaltschaft zu bunt und sie versenden nur Strafbefehle. Oft wird aber auch gleich ein Strafprozess inszeniert. Die Staatskanzlei des Ministerpr\u00e4sidenten koordiniert die juristische Verfolgung und wacht mit Verfahrenstricks dar\u00fcber.<\/li>\n<\/ul>\n\n\n\n<p>Und diese Leute, die diesen unermesslichen Schaden angerichtet haben, sind immer noch an der Regierung. Sie m\u00fcssten sich eigentlich vor Gericht verantworten, stattdessen m\u00fcssen die Opfer der Injektionen um Entsch\u00e4digung k\u00e4mpfen. Sie werden br\u00fcsk abgewiesen und auch noch verh\u00f6hnt. T\u00e4ter ist ja die ganze politische Klasse, also nicht nur die hohen Politfunktion\u00e4re, sondern auch Beh\u00f6rdenchefs und Chefredakteure.<\/p>\n\n\n\n<p>Aber \u00c4rzte, die sich um ihre Patienten gek\u00fcmmert haben, werden vor Gericht geschleppt und m\u00fcssen eine erniedrigende Behandlung erfahren: <\/p>\n\n\n\n<ul class=\"wp-block-list\">\n<li>der Arzt Heinrich Habig wurde anfangs gefesselt in den Gerichtssaal gef\u00fchrt <\/li>\n\n\n\n<li>und in Chemnitz steht &#8211; die \u00c4rztin Frau Dr. Witzschel vor Gericht und muss Fu\u00dffesseln tragen. So etwas hat man im Mittelalter gemacht, aber soweit brauchen wir gar nicht zur\u00fcckgreifen: vor 80 Jahren gab es einen gewissen Herrn Freisler; dieser Richter hat die Angeklagten des Widerstandes gegen das NS-Regime zerlumpt vorf\u00fchren lassen, um sie zus\u00e4tzlich zu dem\u00fctigen.<\/li>\n<\/ul>\n\n\n\n<p>Wir w\u00fcrden eine Aufarbeitung wie nach dem Zweiten Weltkrieg brauchen, diesmal m\u00fcsste sie aber gr\u00fcndlicher erfolgen. Adenauer besch\u00e4ftigte Globke, den Autor der NS-Rassengesetze, als Staatssekret\u00e4r und Merkel benutzte den RKI- Pr\u00e4sidenten Wieler f\u00fcr ihre Coronakampagne. Wieviel Schuld diese Leute an den ungeheuren Verbrechen trifft, m\u00fcssten Gerichte feststellen. Das politische Urteil ist l\u00e4ngst gesprochen.<\/p>\n\n\n\n<p>Mit solchen Leuten will das B\u00fcndnis gegen rechts am n\u00e4chsten Samstag hier demonstrieren. <\/p>\n\n\n\n<ul class=\"wp-block-list\">\n<li>Leute, merkt ihr nicht, wie Ihr missbraucht werdet? Mit den Kumpanen der V\u00f6lkerm\u00f6rder in Pal\u00e4stina wollt Ihr zusammen demonstrieren? Mit den Leuten, die \u00fcberall hin Waffen liefern und Deutschland aufr\u00fcsten und f\u00fcr den Krieg vorbereiten wollen? <\/li>\n\n\n\n<li>Seid Ihr ganz geschichtsvergessen, wisst Ihr nicht, dass die Nazis auch angeblich zur\u00fcckgeschossen haben und jetzt treiben die Berliner Neonazis der Ampelkoalition das gleiche Spiel. <\/li>\n\n\n\n<li>Geht nicht zur Regierungsdemo, sondern schlie\u00dft Euch uns an.<\/li>\n<\/ul>\n\n\n\n<figure class=\"wp-block-embed is-type-video is-provider-youtube wp-block-embed-youtube wp-embed-aspect-16-9 wp-has-aspect-ratio\"><div class=\"wp-block-embed__wrapper\">\n<iframe loading=\"lazy\" title=\"Pistorius streicht Soldaten-Impfpflicht - Hintergrund.\" width=\"317\" height=\"178\" src=\"https:\/\/www.youtube.com\/embed\/xxxbISlpxtI?start=24&#038;feature=oembed\" frameborder=\"0\" allow=\"accelerometer; autoplay; clipboard-write; encrypted-media; gyroscope; picture-in-picture; web-share\" referrerpolicy=\"strict-origin-when-cross-origin\" allowfullscreen><\/iframe>\n<\/div><\/figure>\n\n\n\n<figure class=\"wp-block-image size-large\"><img loading=\"lazy\" decoding=\"async\" width=\"825\" height=\"1024\" src=\"https:\/\/andreastriebel.de\/wp-content\/uploads\/2024\/06\/photo_2024-05-31_23-26-09-825x1024.jpg\" alt=\"\" class=\"wp-image-4482\" srcset=\"https:\/\/andreastriebel.de\/wp-content\/uploads\/2024\/06\/photo_2024-05-31_23-26-09-825x1024.jpg 825w, https:\/\/andreastriebel.de\/wp-content\/uploads\/2024\/06\/photo_2024-05-31_23-26-09-242x300.jpg 242w, https:\/\/andreastriebel.de\/wp-content\/uploads\/2024\/06\/photo_2024-05-31_23-26-09-768x954.jpg 768w, https:\/\/andreastriebel.de\/wp-content\/uploads\/2024\/06\/photo_2024-05-31_23-26-09.jpg 1199w\" sizes=\"auto, (max-width: 825px) 100vw, 825px\" \/><\/figure>\n\n\n\n<figure class=\"wp-block-embed is-type-video is-provider-youtube wp-block-embed-youtube wp-embed-aspect-16-9 wp-has-aspect-ratio\"><div class=\"wp-block-embed__wrapper\">\n<iframe loading=\"lazy\" title=\"RKI ungeschw\u00e4rzt - ein Abgrund!\" width=\"317\" height=\"178\" src=\"https:\/\/www.youtube.com\/embed\/66uMZJdTgfA?feature=oembed\" frameborder=\"0\" allow=\"accelerometer; autoplay; clipboard-write; encrypted-media; gyroscope; picture-in-picture; web-share\" referrerpolicy=\"strict-origin-when-cross-origin\" allowfullscreen><\/iframe>\n<\/div><figcaption class=\"wp-element-caption\">RKI ungeschw\u00e4rzt<\/figcaption><\/figure>\n\n\n\n<blockquote class=\"wp-block-quote is-layout-flow wp-block-quote-is-layout-flow\">\n<p>Norbert H\u00e4ring:<\/p>\n<\/blockquote>\n\n\n\n<figure class=\"wp-block-embed is-type-wp-embed is-provider-geld-und-mehr wp-block-embed-geld-und-mehr\"><div class=\"wp-block-embed__wrapper\">\n<blockquote class=\"wp-embedded-content\" data-secret=\"jKKvbukRdc\"><a href=\"https:\/\/norberthaering.de\/news\/rki-protolkolle-masken\/\">RKI-Protolkolle: Wie die Beh\u00f6rde sich von Politikern und ver\u00f6ffentlichter Meinung zur Maskenempfehlung dr\u00e4ngen lie\u00df<\/a><\/blockquote><iframe loading=\"lazy\" class=\"wp-embedded-content\" sandbox=\"allow-scripts\" security=\"restricted\" style=\"position: absolute; clip: rect(1px, 1px, 1px, 1px);\" title=\"&#8222;RKI-Protolkolle: Wie die Beh\u00f6rde sich von Politikern und ver\u00f6ffentlichter Meinung zur Maskenempfehlung dr\u00e4ngen lie\u00df&#8220; &#8212; Geld und mehr\" src=\"https:\/\/norberthaering.de\/news\/rki-protolkolle-masken\/embed\/#?secret=xkSK76RumE#?secret=jKKvbukRdc\" data-secret=\"jKKvbukRdc\" width=\"317\" height=\"200\" frameborder=\"0\" marginwidth=\"0\" marginheight=\"0\" scrolling=\"no\"><\/iframe>\n<\/div><\/figure>\n","protected":false,"gt_translate_keys":[{"key":"rendered","format":"html"}]},"excerpt":{"rendered":"<p>Rede auf dem Dr. Ruer- Platz am 25.05.24 Gern spreche ich heute auf dem Dr.- Ruer- Platz.&nbsp; Dr. Ruer, der j\u00fcdischen Glaubens war, war 1933 der Oberb\u00fcrgersmeister dieser Stadt und&hellip;<\/p>\n","protected":false,"gt_translate_keys":[{"key":"rendered","format":"html"}]},"author":1,"featured_media":0,"comment_status":"open","ping_status":"open","sticky":false,"template":"","format":"standard","meta":{"footnotes":""},"categories":[11],"tags":[501,837,623,734,728,607,825,838,692],"class_list":["post-4470","post","type-post","status-publish","format-standard","hentry","category-politik","tag-dr-otto-ruer","tag-freisler","tag-globke","tag-heinrich-habig","tag-post-vac-syndrom","tag-spike-protein","tag-waz","tag-wieler","tag-wuest"],"gt_translate_keys":[{"key":"link","format":"url"}],"_links":{"self":[{"href":"https:\/\/andreastriebel.de\/index.php?rest_route=\/wp\/v2\/posts\/4470","targetHints":{"allow":["GET"]}}],"collection":[{"href":"https:\/\/andreastriebel.de\/index.php?rest_route=\/wp\/v2\/posts"}],"about":[{"href":"https:\/\/andreastriebel.de\/index.php?rest_route=\/wp\/v2\/types\/post"}],"author":[{"embeddable":true,"href":"https:\/\/andreastriebel.de\/index.php?rest_route=\/wp\/v2\/users\/1"}],"replies":[{"embeddable":true,"href":"https:\/\/andreastriebel.de\/index.php?rest_route=%2Fwp%2Fv2%2Fcomments&post=4470"}],"version-history":[{"count":12,"href":"https:\/\/andreastriebel.de\/index.php?rest_route=\/wp\/v2\/posts\/4470\/revisions"}],"predecessor-version":[{"id":4535,"href":"https:\/\/andreastriebel.de\/index.php?rest_route=\/wp\/v2\/posts\/4470\/revisions\/4535"}],"wp:attachment":[{"href":"https:\/\/andreastriebel.de\/index.php?rest_route=%2Fwp%2Fv2%2Fmedia&parent=4470"}],"wp:term":[{"taxonomy":"category","embeddable":true,"href":"https:\/\/andreastriebel.de\/index.php?rest_route=%2Fwp%2Fv2%2Fcategories&post=4470"},{"taxonomy":"post_tag","embeddable":true,"href":"https:\/\/andreastriebel.de\/index.php?rest_route=%2Fwp%2Fv2%2Ftags&post=4470"}],"curies":[{"name":"wp","href":"https:\/\/api.w.org\/{rel}","templated":true}]}}