{"id":4510,"date":"2024-06-29T11:35:33","date_gmt":"2024-06-29T09:35:33","guid":{"rendered":"https:\/\/andreastriebel.de\/?p=4510"},"modified":"2024-06-30T15:30:01","modified_gmt":"2024-06-30T13:30:01","slug":"die-berliner-geisterfahrer","status":"publish","type":"post","link":"https:\/\/andreastriebel.de\/?p=4510","title":{"rendered":"Die Berliner Geisterfahrer","gt_translate_keys":[{"key":"rendered","format":"text"}]},"content":{"rendered":"\n<p><strong>Ist der Wokismus das Gesicht des Faschismus in unserer Zeit?<\/strong><\/p>\n\n\n\n<p><strong>Sp\u00e4testens die Europawahlen offenbarten den Trend, dass der woke Trend seinen H\u00f6hepunkt erreicht hat und im Abklingen begriffen ist<\/strong><\/p>\n\n\n\n<p><strong>Die westliche F\u00fchrungsmacht f\u00fchrt noch einen brutalen Unterdr\u00fcckungskrieg in Pal\u00e4stina und sch\u00fcchtert die muslimischen V\u00f6lker ein, um ihre Vorherrschaft im Nahen Osten zu sichern; aber in Syrien ist es nicht gelungen, das Regime zu st\u00fcrzen; in der Ukraine erreichen auch noch so viele Waffenlieferungen nicht, die Abspaltung und Lossagung der Ostgebiete und den Beitritt zum russischen Staatsgebiet r\u00fcckg\u00e4ngig zu machen.<\/strong><\/p>\n\n\n\n<ul class=\"wp-block-list\">\n<li><strong>NATO- Herrschaft und Coca-Cola- Lebensstil haben nur zu Enteignung der fruchtbaren B\u00f6den und \u00dcbertragung an amerikanische Konzerne gef\u00fchrt<\/strong><\/li>\n\n\n\n<li><strong>Ukrainische Frauen werden als Leihm\u00fctter und f\u00fcr sexuelle Dienstleistungen hemmungslos ausgebeutet, w\u00e4hrend die M\u00e4nner an der Front verheizt werden<\/strong><\/li>\n<\/ul>\n\n\n\n<p><strong>Nach der Sprengung der Ostsee Pipeline muss das russische Erdgas teuer \u00fcber osteurop\u00e4ische Leitungen bezogen werden. &nbsp;Zusammen mit der CO2- Erz\u00e4hlung wird so die Wirtschaftskraft Mitteleuropas geschw\u00e4cht, w\u00e4hrend die amerikanische Gro\u00dfmacht noch profitieren kann und der russisch- chinesische Block erstarkt. Kriegstreiberei und verst\u00e4rkte Aufr\u00fcstung k\u00f6nnen diesen Trend nicht aufhalten<\/strong><\/p>\n\n\n\n<ul class=\"wp-block-list\">\n<li><strong>Der Wokismus als kulturelle Ausdrucksformen der westlichen Lebensart hat mit der Leugnung der Geschlechtlichkeit seinen H\u00f6hepunkt erreicht. &nbsp;Er wird von der Bev\u00f6lkerung abgelehnt und ist nur noch Leitidee einer hochprivilegierten Gruppe der Mittelschicht.<\/strong><\/li>\n\n\n\n<li><strong>Ehe und Familie dienen noch der Existenzsicherung, bleiben gesellschaftlich pr\u00e4gende Existenzformen<\/strong><\/li>\n<\/ul>\n\n\n\n<p>Der Wokismus taugt nicht mehr zur Beherrschung der Bev\u00f6lkerung. \u00a0Die Justiz versucht zwar im Bem\u00fchen den Wokismus und die gesellschaftlichen Verh\u00e4ltnisse zu stabilisieren mit der Behauptung eines positiven Nutzen- Risiko- Verh\u00e4ltnisses der Coronainjektionen einen Vorrang von gesellschaftlichen vor individuellen Interessen zu konstruieren und deshalb m\u00fcssten \u201eGeimpfte\u201c den Schaden durch die Injektionen ertragen oder auch sterben. \u00a0Diese abenteuerliche Konstruktion erinnert aber an die Rassenlehre der Nationalsozialisten, die zur Reinhaltung einer wei\u00dfen Herrenrasse behinderte Kinder umbrachten und Frauen sterilisierten; auch das wurde als ein Vorrang gesellschaftlicher Interessen vor individuellen bezeichnet.<\/p>\n\n\n\n<p><strong>Heute dagegen verbirgt der Wokismus, dass er sich um die Vorrechte der Mittel und Oberklasse sorgt:<\/strong><\/p>\n\n\n\n<ul class=\"wp-block-list\">\n<li><strong>Leihm\u00fctter sind Angeh\u00f6rige der Unterschicht, die Beg\u00fcnstigten sind wohlhabend.<\/strong><\/li>\n\n\n\n<li><strong>Unaufgekl\u00e4rt vor der Coronainjektion war die Unterschicht. &nbsp;Ausweichen und wehren konnten sich nur Angeh\u00f6rige von Mittel- und Oberschicht.<\/strong><\/li>\n\n\n\n<li><strong>Gegen den CO2- Wahn wehren k\u00f6nnen sich Verm\u00f6gende und im internationalen Vergleich nur die Gro\u00dfm\u00e4chte, w\u00e4hrend sich die mittleren M\u00e4chte unterwerfen m\u00fcssen.<\/strong><\/li>\n\n\n\n<li><strong>Den NATO- Krieg gegen Russland muss vornehmlich Deutschland finanzieren, w\u00e4hrend die USA haupts\u00e4chlich die Investitionen in die fruchtbare Erde der Ukraine sch\u00fctzen. &nbsp;Nur liegen leider die gro\u00dfen Lithiumvorkommen im Osten des Landes, das wird im Westen sehr bedauert. Nur zu gern w\u00fcrde man im Osten wieder eine Herrschaft der westlichen Werte errichten<\/strong><\/li>\n<\/ul>\n\n\n\n<p><strong>Aber das Pendel schl\u00e4gt zur\u00fcck und die Berliner Geisterfahrer ahnen bereits, dass sie inzwischen auf der falschen Spur unterwegs sind<\/strong><\/p>\n\n\n\n<figure class=\"wp-block-embed is-type-video is-provider-youtube wp-block-embed-youtube wp-embed-aspect-16-9 wp-has-aspect-ratio\"><div class=\"wp-block-embed__wrapper\">\n<iframe loading=\"lazy\" title=\"Kampf gegen Rechts\" width=\"317\" height=\"178\" src=\"https:\/\/www.youtube.com\/embed\/C-uH_P4d4Pk?feature=oembed\" frameborder=\"0\" allow=\"accelerometer; autoplay; clipboard-write; encrypted-media; gyroscope; picture-in-picture; web-share\" referrerpolicy=\"strict-origin-when-cross-origin\" allowfullscreen><\/iframe>\n<\/div><\/figure>\n","protected":false,"gt_translate_keys":[{"key":"rendered","format":"html"}]},"excerpt":{"rendered":"<p>Ist der Wokismus das Gesicht des Faschismus in unserer Zeit? Sp\u00e4testens die Europawahlen offenbarten den Trend, dass der woke Trend seinen H\u00f6hepunkt erreicht hat und im Abklingen begriffen ist Die&hellip;<\/p>\n","protected":false,"gt_translate_keys":[{"key":"rendered","format":"html"}]},"author":1,"featured_media":0,"comment_status":"open","ping_status":"open","sticky":false,"template":"","format":"standard","meta":{"footnotes":""},"categories":[45],"tags":[844,804,474,843],"class_list":["post-4510","post","type-post","status-publish","format-standard","hentry","category-gesellschaft","tag-co2-wahn","tag-corona-injektionen","tag-faschismus","tag-wokismus"],"gt_translate_keys":[{"key":"link","format":"url"}],"_links":{"self":[{"href":"https:\/\/andreastriebel.de\/index.php?rest_route=\/wp\/v2\/posts\/4510","targetHints":{"allow":["GET"]}}],"collection":[{"href":"https:\/\/andreastriebel.de\/index.php?rest_route=\/wp\/v2\/posts"}],"about":[{"href":"https:\/\/andreastriebel.de\/index.php?rest_route=\/wp\/v2\/types\/post"}],"author":[{"embeddable":true,"href":"https:\/\/andreastriebel.de\/index.php?rest_route=\/wp\/v2\/users\/1"}],"replies":[{"embeddable":true,"href":"https:\/\/andreastriebel.de\/index.php?rest_route=%2Fwp%2Fv2%2Fcomments&post=4510"}],"version-history":[{"count":5,"href":"https:\/\/andreastriebel.de\/index.php?rest_route=\/wp\/v2\/posts\/4510\/revisions"}],"predecessor-version":[{"id":4519,"href":"https:\/\/andreastriebel.de\/index.php?rest_route=\/wp\/v2\/posts\/4510\/revisions\/4519"}],"wp:attachment":[{"href":"https:\/\/andreastriebel.de\/index.php?rest_route=%2Fwp%2Fv2%2Fmedia&parent=4510"}],"wp:term":[{"taxonomy":"category","embeddable":true,"href":"https:\/\/andreastriebel.de\/index.php?rest_route=%2Fwp%2Fv2%2Fcategories&post=4510"},{"taxonomy":"post_tag","embeddable":true,"href":"https:\/\/andreastriebel.de\/index.php?rest_route=%2Fwp%2Fv2%2Ftags&post=4510"}],"curies":[{"name":"wp","href":"https:\/\/api.w.org\/{rel}","templated":true}]}}