{"id":4516,"date":"2024-06-30T11:59:42","date_gmt":"2024-06-30T09:59:42","guid":{"rendered":"https:\/\/andreastriebel.de\/?p=4516"},"modified":"2024-07-14T17:50:22","modified_gmt":"2024-07-14T15:50:22","slug":"was-fuer-menschen-verueben-diese-verbrechen-an-der-menschheit","status":"publish","type":"post","link":"https:\/\/andreastriebel.de\/?p=4516","title":{"rendered":"Was f\u00fcr Menschen ver\u00fcben diese Verbrechen an der Menschheit?","gt_translate_keys":[{"key":"rendered","format":"text"}]},"content":{"rendered":"\n<p><strong>Bei dem Gesundheitsminister scheint es klar zu sein.<\/strong> &nbsp;<\/p>\n\n\n\n<p>Bei dem irren Eindruck, den dieser macht, kommt fast jeder auf den Gedanken, dass dieser Mann in die psychiatrische Klinik geh\u00f6rt. Viele wissen auch, dass er die Unterlagen \u00fcber seinen wissenschaftlichen Werdegang nicht vollst\u00e4ndig offengelegt hat und sich die akademischen Ehren erschlichen hat, dass er aber an einem Pharmaskandal, der Menschen das Leben kostete, schon vor Jahrzehnten beteiligt war, ist vielen noch unbekannt. Daher untersch\u00e4tzen sie die Heimt\u00fccke. Eine psychiatrische Unterbringung w\u00e4re f\u00fcr diesen Menschen unangemessen, da Psychiater nach einiger Zeit zu der Entscheidung kommen k\u00f6nnten, dass dieser Mensch geheilt sei und erneut auf seine Mitmenschen losgelassen werden k\u00f6nnte. Zum Schutze der Menschheit m\u00fcsste eine Gerichtsverhandlung die Schwere der Schuld feststellen und die Sicherungsverwahrung in Betracht ziehen.<\/p>\n\n\n\n<p>Und was f\u00fcr ein Mensch ist Merkel, die 2019 mit Sahin zusammensa\u00df und 2020 dreist verk\u00fcndete, dass die Intensivstationen wegen eines gef\u00e4hrlichen Virus belegt werden m\u00fcssten, w\u00e4hrend sie gleichzeitig Krankenh\u00e4user schlie\u00dfen lie\u00df und in vielen Stationen g\u00e4hnende Leere herrschte. Sie lie\u00df dem Volk Masken aufzwingen, die jungen und alten Menschen schadeten, sie ersticke das Wirtschaftsleben durch Ausgehverbote, unterdr\u00fcckte das kulturelle Leben und wagte sich sogar an die gemeinschaftliche Glaubensaus\u00fcbung.<\/p>\n\n\n\n<p>Kann man den totalit\u00e4ren Machtanspruch solcher Menschen akzeptieren? Nein, sie m\u00fcssten sich vor Gericht verantworten, vor einem Sondertribunal in N\u00fcrnberg wie G\u00f6ring und andere Nazigr\u00f6\u00dfen.<\/p>\n\n\n\n<p>In einem parlamentarischen Ausschuss dagegen w\u00fcrden viele T\u00e4ter sitzen, die an den Verbrechen beteiligt waren, sodass kein unabh\u00e4ngiges Urteil zu erwarten w\u00e4re.<\/p>\n\n\n\n<p>Aber wer beurteilt die Menschen, die zu den t\u00f6dlichen Spritzen aufgerufen und den Impfzwang verordnet haben? Die deutschen Gerichte weigern sich; sie sprechen von einem positiven Nutzen- Risiko,- Verh\u00e4ltnis, was l\u00e4cherlich w\u00e4re, wenn man nicht die Naziideologie hinter dieser Begr\u00fcndung erkennen w\u00fcrde. &nbsp;<\/p>\n\n\n\n<ul class=\"wp-block-list\">\n<li>Wer stellt die W\u00fcrde der Gesch\u00e4digten wieder her?<\/li>\n\n\n\n<li>Wer tr\u00f6stet die Angeh\u00f6rigen, deren V\u00e4ter, M\u00fctter, S\u00f6hne und T\u00f6chter durch die Spritzen umgebracht wurden?<\/li>\n\n\n\n<li>Und die vielen Menschen, deren Berufsleben zerst\u00f6rt wurde, weil sie so schwer gesch\u00e4digt wurden, dass sie keinen Beruf aus\u00fcben k\u00f6nnen? &nbsp;Sie erhalten als Entsch\u00e4digung Sozialhilfe. &nbsp;Wenn das unter Sozialisierung verstanden wird, ist das ein bitterer Zynismus.<\/li>\n<\/ul>\n\n\n\n<p>Und der Klempner, der Merkel im Kanzleramt nachfolgte und keine rote Linie beachten will? Der die Aufr\u00fcstung vorantreibt und eine Milliarde nach der anderen in Waffenlieferungen in Kriegsgebiete steckt und gleichzeitig durch seine Leute ein Moratorium f\u00fcr Sozialleistungen ausrufen l\u00e4sst?<\/p>\n\n\n\n<p>Wann wird dieser Klempner gerichtet?<\/p>\n\n\n\n<p>Er ist gesch\u00fctzt, solange er die Interessen der Mittelschicht, der M\u00e4chtigen vertritt. &nbsp;Mit Cum- Ex hat er als Finanzminister bewiesen, dass er bedenkenlos Milliardenbetr\u00e4ge an die Mittelklasse auszusch\u00fctten bereit ist und sich damit f\u00fcr h\u00f6here Aufgaben qualifiziert.<\/p>\n\n\n\n<p>Wenn er fallen w\u00fcrde, m\u00fcssten viele andere auch, nicht nur Pistorius, zur\u00fccktreten und sich den Gerichten stellen. &nbsp;Die ganze politische Klasse ist vom Spritzenkrieg gegen die Bev\u00f6lkerung umgeschwenkt auf Kriegsvorbereitung und Aufstachelung zum Krieg gegen Russland.<\/p>\n\n\n\n<p>Eine Aufarbeitung der sogenannten Pandemie kann jetzt nicht erfolgen. &nbsp;Eine Auswechslung der verantwortlichen Personen w\u00fcrde die ganze politische Klasse einschlie\u00dflich der Medienverantwortlichen umfassen. &nbsp;Das sch\u00fctzt die ganze Bande, wie Frau Buyx es klar ausgedr\u00fcckt hat.<\/p>\n\n\n\n<p>Unser Gesellschaftssystem sch\u00fctzt die Fanatiker der Macht, bringt sie immer wieder neu hervor, aber es garantiert auch, dass die gro\u00dfe Masse der Bev\u00f6lkerung bis zum sechzigsten Lebensjahr noch einigerma\u00dfen gesund bleibt und sich die Regale in den Superm\u00e4rkten unter der Last biegen.<\/p>\n\n\n\n<p>Prof. Homburg auf Twitter am 13.07.24<\/p>\n\n\n\n<figure class=\"wp-block-image size-full\"><img loading=\"lazy\" decoding=\"async\" width=\"440\" height=\"379\" src=\"https:\/\/andreastriebel.de\/wp-content\/uploads\/2024\/07\/Bild134.jpg\" alt=\"\" class=\"wp-image-4530\" srcset=\"https:\/\/andreastriebel.de\/wp-content\/uploads\/2024\/07\/Bild134.jpg 440w, https:\/\/andreastriebel.de\/wp-content\/uploads\/2024\/07\/Bild134-300x258.jpg 300w\" sizes=\"auto, (max-width: 440px) 100vw, 440px\" \/><\/figure>\n","protected":false,"gt_translate_keys":[{"key":"rendered","format":"html"}]},"excerpt":{"rendered":"<p>Bei dem Gesundheitsminister scheint es klar zu sein. &nbsp; Bei dem irren Eindruck, den dieser macht, kommt fast jeder auf den Gedanken, dass dieser Mann in die psychiatrische Klinik geh\u00f6rt.&hellip;<\/p>\n","protected":false,"gt_translate_keys":[{"key":"rendered","format":"html"}]},"author":1,"featured_media":0,"comment_status":"open","ping_status":"open","sticky":false,"template":"","format":"standard","meta":{"footnotes":""},"categories":[45,11],"tags":[846,483,26,407,845],"class_list":["post-4516","post","type-post","status-publish","format-standard","hentry","category-gesellschaft","category-politik","tag-cum-ex","tag-impfzwang","tag-merkel","tag-pandemie","tag-sahin"],"gt_translate_keys":[{"key":"link","format":"url"}],"_links":{"self":[{"href":"https:\/\/andreastriebel.de\/index.php?rest_route=\/wp\/v2\/posts\/4516","targetHints":{"allow":["GET"]}}],"collection":[{"href":"https:\/\/andreastriebel.de\/index.php?rest_route=\/wp\/v2\/posts"}],"about":[{"href":"https:\/\/andreastriebel.de\/index.php?rest_route=\/wp\/v2\/types\/post"}],"author":[{"embeddable":true,"href":"https:\/\/andreastriebel.de\/index.php?rest_route=\/wp\/v2\/users\/1"}],"replies":[{"embeddable":true,"href":"https:\/\/andreastriebel.de\/index.php?rest_route=%2Fwp%2Fv2%2Fcomments&post=4516"}],"version-history":[{"count":4,"href":"https:\/\/andreastriebel.de\/index.php?rest_route=\/wp\/v2\/posts\/4516\/revisions"}],"predecessor-version":[{"id":4533,"href":"https:\/\/andreastriebel.de\/index.php?rest_route=\/wp\/v2\/posts\/4516\/revisions\/4533"}],"wp:attachment":[{"href":"https:\/\/andreastriebel.de\/index.php?rest_route=%2Fwp%2Fv2%2Fmedia&parent=4516"}],"wp:term":[{"taxonomy":"category","embeddable":true,"href":"https:\/\/andreastriebel.de\/index.php?rest_route=%2Fwp%2Fv2%2Fcategories&post=4516"},{"taxonomy":"post_tag","embeddable":true,"href":"https:\/\/andreastriebel.de\/index.php?rest_route=%2Fwp%2Fv2%2Ftags&post=4516"}],"curies":[{"name":"wp","href":"https:\/\/api.w.org\/{rel}","templated":true}]}}