{"id":4522,"date":"2024-07-06T19:51:28","date_gmt":"2024-07-06T17:51:28","guid":{"rendered":"https:\/\/andreastriebel.de\/?p=4522"},"modified":"2024-07-21T20:33:38","modified_gmt":"2024-07-21T18:33:38","slug":"brauchen-wir-das-bsw-dringend","status":"publish","type":"post","link":"https:\/\/andreastriebel.de\/?p=4522","title":{"rendered":"Brauchen wir das BSW dringend?","gt_translate_keys":[{"key":"rendered","format":"text"}]},"content":{"rendered":"\n<p><strong>Sind das die Fragen des Tages, welche das BSW (B\u00fcndnis Sahra Wagenknecht) anspricht<\/strong><\/p>\n\n\n\n<ul class=\"wp-block-list\">\n<li>&nbsp;Brauchen wir jetzt eine politische Gruppe, die den Mindestlohn etwas erh\u00f6hen will? (Aber nicht zu viel, das k\u00f6nnte die Kapitalrendite schm\u00e4lern)<\/li>\n\n\n\n<li>eine Gruppe, welche die karge Rentenerh\u00f6hung bem\u00e4ngelt? Wenigstens hier hat sie etwas konkretere Vorstellungen.<\/li>\n\n\n\n<li>die allgemein mehr Wohnraum fordert,<\/li>\n\n\n\n<li>die in allgemeiner Weise den Schutz des Mittelstandes bef\u00fcrwortet, eine Parole, die alle Parteien unterschreiben.<\/li>\n\n\n\n<li>Welche die Korruption in der EU anklagt, aber Mitglied bleiben m\u00f6chte<\/li>\n\n\n\n<li>welche die NATO z\u00e4hmen, und die Aufr\u00fcstung verlangsamen m\u00f6chte, aber zu grunds\u00e4tzlicher Infragestellung nicht bereit ist.<\/li>\n\n\n\n<li>Die den Impfterror nicht gut findet, aber sonst kein Wort dar\u00fcber verliert; keine Rede von Entsch\u00e4digung f\u00fcr den millionenfachen Schaden.<\/li>\n<\/ul>\n\n\n\n<p>Mit der AfD will BSW nicht zusammenarbeiten, weil ein Funktion\u00e4r einer italienischen Zeitung gegen\u00fcber bemerkt hat, dass nicht alle Mitglieder von Naziorganisationen Verbrecher gewesen seien und weil H\u00f6cke, der Buhmann, mit Nazis sympathisieren w\u00fcrde. &nbsp;Dass sie damit die Faschisierung durch die Parlamentsparteien verteidigen, wollen sie nicht wahrhaben, so wie Rassisten ihre Gegner als Antisemiten beschimpfen.<\/p>\n\n\n\n<p>Welchen Fantasien sitzt das BSW auf? Hat BSW verdr\u00e4ngt, dass ihr verehrter Kanzler, der gern lau badete, dass Berufsverbot in der BRD einf\u00fchrte? Dass sein Nachfolger das gr\u00f6\u00dfte Aufr\u00fcstungsprogramm verfolgte (2 % des BSP). Diesen Leuten will BSW zur Mehrheit verhelfen oder einer CDU, die Moskau oder wenigstens die Krimbr\u00fccke bombardieren m\u00f6chte. (Das sind keine Spinnereien von Hinterb\u00e4nklern, sondern Stellungnahmen von ma\u00dfgeblichen Parteifunktion\u00e4ren).<\/p>\n\n\n\n<ul class=\"wp-block-list\">\n<li>Und will BSW den V\u00f6lkermord in Pal\u00e4stina weiter unterst\u00fctzen und Waffen dorthin liefern? Mehr als eine lauwarme Erkl\u00e4rung ist dazu vom BSW nicht zu erwarten.<\/li>\n<\/ul>\n\n\n\n<p>Sich von dem SPD-Personal absetzen ist keine Kunst, aber wo ist die Garantie, dass BSW nach Eroberung von Amtssesseln nicht nach Machterhaltung strebt?<\/p>\n\n\n\n<ul class=\"wp-block-list\">\n<li>Geht sie gegen die innere Aufr\u00fcstung vor oder entpuppt sie sich im Zweifel als Nachfolger der Noskepartei?<\/li>\n\n\n\n<li>Hat sie sich von dem Spritzen- Genozid abgesetzt oder beteiligt sie sich an der Ablenkung, am Verschweigen, wird sie Teil des Schweigekartells?<\/li>\n\n\n\n<li>Wird sie in das CO2- Geschwurbel einstimmen und den Leuten Sand in die Augen streuen?<\/li>\n\n\n\n<li>Den Kriegskurs glaubw\u00fcrdig bek\u00e4mpfen? Dazu m\u00fcsste sich BSW offen gegen den imperialen Anspruch der USA stellen, aber das scheint wohl zu viel verlangt<\/li>\n<\/ul>\n\n\n\n<p>Wenn der Kurs weiter von blinden Aktivisten wie Fabio di Masi mitbestimmt wird, wird BSW nicht mehr als eine Erg\u00e4nzung im herrschenden Parteienkartell darstellen und so letztlich zum Erhalt beitragen.<\/p>\n\n\n\n<p>Wird so etwas gerade jetzt dringend gebraucht? Es scheint so, denn die Medien hofieren BSW auffallend, sie suchen einen neuen Mitspieler, der glaubw\u00fcrdig ist, weil die Regeln zunehmend infrage gestellt werden.<\/p>\n\n\n\n<p>Also nur alter Wein in neuen Schl\u00e4uchen, es sieht so aus. Das Herrschaftskartell nimmt das BSW auf, weil sie die Garantie m\u00f6chte, dass sich nichts \u00e4ndert bzw. alle ihre Posten behalten d\u00fcrfen; und im Zweifel gibt es eine Postenerweiterung, so wie es die SPD immer gehalten hat.<\/p>\n\n\n\n<p>Von ihren SPD-Vorbildern will sich BSW nicht absetzen: Wenn Herrschafts- Anspr\u00fcche gegen\u00fcber der Unterschicht bzw. dem Proletariat gef\u00e4hrdet sind, zeigt die SPD sich umstandslos bereit, zu zeigen, auf welcher Seite sie steht:<\/p>\n\n\n\n<ul class=\"wp-block-list\">\n<li>Noske hat mit dem Schie\u00dfbefehl nicht lange gez\u00f6gert,<\/li>\n\n\n\n<li>die Erm\u00e4chtigungsgesetze wurden mit SPD- Hilfe durchgezogen,<\/li>\n\n\n\n<li>die Berufsverbote betrieb der Friedenskanzler, der gern lau badete.<\/li>\n\n\n\n<li>Corona Terror und t\u00f6dlicher Spritzenzwang wurden willf\u00e4hrig von der heutigen SPD durchgesetzt<\/li>\n\n\n\n<li>mit Scholz und Faeser, die mit Hass und Hetze und festem Griff den \u00d6RR krallt und mit Aufr\u00fcstung die Faschisierung vorantreibt, will BSW sich verb\u00fcnden.<\/li>\n<\/ul>\n\n\n\n<p>Nicht Deutschland braucht das BSW, sondern das Parteienkartell braucht zur Auffrischung das BSW. &nbsp;<\/p>\n\n\n\n<p>Dass das BSW einen anderen Kurs f\u00e4hrt als die alte Linke, die sich voll adaptiert hatte, ist kaum zu erwarten. Auch personell sind es die alten K\u00e4mpfer; die Arbeiterklasse tritt nicht in Erscheinung.<\/p>\n\n\n\n<blockquote class=\"wp-block-quote is-layout-flow wp-block-quote-is-layout-flow\">\n<p>Prof. Homburg auf Twitter (X) am 21.07.24 :<\/p>\n<\/blockquote>\n\n\n<div class=\"wp-block-image\">\n<figure class=\"aligncenter size-full\"><a href=\"https:\/\/twitter.com\/SHomburg\/status\/1815038043633365279?ref_src=twsrc%5Etfw%7Ctwcamp%5Etweetembed%7Ctwterm%5E1815038043633365279%7Ctwgr%5E165571a5c5282b4fdfef98d7aff76b681da7a3dc%7Ctwcon%5Es1_c10&amp;ref_url=https%3A%2F%2Fpublish.twitter.com%2F%3Furl%3Dhttps%3A%2F%2Ftwitter.com%2FSHomburg%2Fstatus%2F1815038043633365279\" target=\"_blank\" rel=\"noreferrer noopener\"><img loading=\"lazy\" decoding=\"async\" width=\"480\" height=\"289\" src=\"https:\/\/andreastriebel.de\/wp-content\/uploads\/2024\/07\/GTBKp9VWYAAptj1.png\" alt=\"\" class=\"wp-image-4539\" srcset=\"https:\/\/andreastriebel.de\/wp-content\/uploads\/2024\/07\/GTBKp9VWYAAptj1.png 480w, https:\/\/andreastriebel.de\/wp-content\/uploads\/2024\/07\/GTBKp9VWYAAptj1-300x181.png 300w\" sizes=\"auto, (max-width: 480px) 100vw, 480px\" \/><\/a><\/figure>\n<\/div>","protected":false,"gt_translate_keys":[{"key":"rendered","format":"html"}]},"excerpt":{"rendered":"<p>Sind das die Fragen des Tages, welche das BSW (B\u00fcndnis Sahra Wagenknecht) anspricht Mit der AfD will BSW nicht zusammenarbeiten, weil ein Funktion\u00e4r einer italienischen Zeitung gegen\u00fcber bemerkt hat, dass&hellip;<\/p>\n","protected":false,"gt_translate_keys":[{"key":"rendered","format":"html"}]},"author":1,"featured_media":0,"comment_status":"open","ping_status":"open","sticky":false,"template":"","format":"standard","meta":{"footnotes":""},"categories":[11],"tags":[16,807,176,448,614,677,459,15],"class_list":["post-4522","post","type-post","status-publish","format-standard","hentry","category-politik","tag-afd","tag-bsw","tag-cdu","tag-faschisierung","tag-impfterror","tag-nato","tag-noske","tag-spd"],"gt_translate_keys":[{"key":"link","format":"url"}],"_links":{"self":[{"href":"https:\/\/andreastriebel.de\/index.php?rest_route=\/wp\/v2\/posts\/4522","targetHints":{"allow":["GET"]}}],"collection":[{"href":"https:\/\/andreastriebel.de\/index.php?rest_route=\/wp\/v2\/posts"}],"about":[{"href":"https:\/\/andreastriebel.de\/index.php?rest_route=\/wp\/v2\/types\/post"}],"author":[{"embeddable":true,"href":"https:\/\/andreastriebel.de\/index.php?rest_route=\/wp\/v2\/users\/1"}],"replies":[{"embeddable":true,"href":"https:\/\/andreastriebel.de\/index.php?rest_route=%2Fwp%2Fv2%2Fcomments&post=4522"}],"version-history":[{"count":11,"href":"https:\/\/andreastriebel.de\/index.php?rest_route=\/wp\/v2\/posts\/4522\/revisions"}],"predecessor-version":[{"id":4545,"href":"https:\/\/andreastriebel.de\/index.php?rest_route=\/wp\/v2\/posts\/4522\/revisions\/4545"}],"wp:attachment":[{"href":"https:\/\/andreastriebel.de\/index.php?rest_route=%2Fwp%2Fv2%2Fmedia&parent=4522"}],"wp:term":[{"taxonomy":"category","embeddable":true,"href":"https:\/\/andreastriebel.de\/index.php?rest_route=%2Fwp%2Fv2%2Fcategories&post=4522"},{"taxonomy":"post_tag","embeddable":true,"href":"https:\/\/andreastriebel.de\/index.php?rest_route=%2Fwp%2Fv2%2Ftags&post=4522"}],"curies":[{"name":"wp","href":"https:\/\/api.w.org\/{rel}","templated":true}]}}